{"id":70227,"date":"2009-03-19T16:24:15","date_gmt":"2009-03-19T16:24:15","guid":{"rendered":"http:\/\/diariodominicano.ddns.net\/?p=70227"},"modified":"2009-03-19T16:24:15","modified_gmt":"2009-03-19T16:24:15","slug":"mario-vargas-llosa-candidato-al-premio-booker-internacional","status":"publish","type":"post","link":"https:\/\/diariodominicano.com\/?p=70227","title":{"rendered":"Mario Vargas Llosa, candidato al premio Booker internacional"},"content":{"rendered":"<p><body><\/p>\n<p><span class=\"text1noticias\">El escritor hispano-peruano Mario Vargas Llosa es uno de los 14 candidatos que aspira al premio internacional de literatura Man Booker 2009, anunci\u00f3 ayer en Nueva York el jurado del certamen. \u00abLa grandeza de la literatura es que carece de fronteras, y a trav\u00e9s de obras como La guerra del fin del mundo (1981), de Vargas Llosa, uno no necesita subir a un avi\u00f3n para viajar hasta el norte de Brasil\u00bb, consider\u00f3 hoy la presidenta del jurado, la escritora estadounidense Jane Smiley.<\/span><\/p>\n<\/p>\n<p><span class=\"text1noticias\">En una conferencia de prensa, presidida por la directora del concurso, Fiammetta Rocco, Smiley anunci\u00f3 la lista de los 14 finalistas junto al resto de miembros del jurado, el ruso Andrey Kurkov y el indio Amit Chaudhuri. El Man Booker Internacional, que se falla cada dos a\u00f1os y est\u00e1 dotado con 63.000 euros, premiar\u00e1 por tercera vez desde 2005 a un escritor cuya producci\u00f3n literaria sea en ingl\u00e9s o haya sido traducida a este idioma. El Man Booker Internacional es la versi\u00f3n internacional del premio de literatura m\u00e1s prestigioso del Reino Unido, patrocinado por el Grupo Man, y uno de los m\u00e1s importantes del mundo anglosaj\u00f3n.<\/span><\/p>\n<\/p>\n<p><span class=\"text1noticias\">El escritor y acad\u00e9mico Vargas Llosa, nacionalizado espa\u00f1ol en 1993 y autor de Conversaciones en La Catedral y La ciudad y los perros, ha cultivado a lo largo de su trayectoria literaria, adem\u00e1s del periodismo, la cr\u00edtica de cine y arte. Su obra ha sido distinguida con los m\u00e1ximos premios hispanos como el Pr\u00edncipe de Asturias de las Letras, que en 1986 comparti\u00f3 con el desaparecido fil\u00f3logo espa\u00f1ol Rafael Lapesa, el Planeta (1993, por Lituma en los Andes), o el Cervantes (1994).<\/span><\/p>\n<\/p>\n<p><span class=\"text1noticias\">Garc\u00eda M\u00e1rquez como precedente<\/span><\/p>\n<\/p>\n<p><span class=\"text1noticias\">En 2005 el colombiano Gabriel Garc\u00eda M\u00e1rquez fue candidato a la primera edici\u00f3n del premio, que recay\u00f3 en el alban\u00e9s Ismail Kadar\u00e9, mientras que el mexicano Carlos Fuentes fue finalista en 2007, a\u00f1o en que el Man Booker fue a parar a manos del nigeriano Chinua Achebe. En esta tercera edici\u00f3n, adem\u00e1s de Vargas Llosa, optan al galard\u00f3n los brit\u00e1nicos James Kelman y Mahasweta Devi y los estadounidenses Evan S. Connell, Edgar Lawrence Doctorow y Joyce Carol Oates.<\/span><\/p>\n<\/p>\n<p><span class=\"text1noticias\">La lista de aspirantes se completa con el italiano Antonio Tabucchi, el australiano Peter Carey, el checo Arost Lustig, la canadiense Alice Munro, el trinitense V.S. Naipaul, el keniano Ngugi Wa Thiong&#8217;O, la croata Dubravka Ugresic y la rusa Ludmila Ulitskaya. El ganador del galard\u00f3n se dar\u00e1 a conocer el pr\u00f3ximo mes de mayo, y la entrega del premio tendr\u00e1 lugar en el Trinity College de Dubl\u00edn (Irlanda) el 25 de junio.<\/span><\/p>\n<h6> 2009-03-19 16:24:15 <\/h6>\n<p><!--\n<link rel=\"stylesheet\" href=\"css\/bootstrap.min.css\">\n\n\n<ul class=\"pagination\">\n\t    \n\t\n\n<li >\n\t<a href='?page_no=21904'>Previous<\/a>\n\t<\/li>\n\n\n       \n    \n\n<li><a href='?page_no=1'>1<\/a><\/li>\n\n\n\n<li><a href='?page_no=2'>2<\/a><\/li>\n\n\n\n<li><a>...<\/a><\/li>\n\n\n\n<li><a href='?page_no=21903'>21903<\/a><\/li>\n\n\n\n<li><a href='?page_no=21904'>21904<\/a><\/li>\n\n\n\n<li class='active'><a>21905<\/a><\/li>\n\n\n\n<li><a href='?page_no=21906'>21906<\/a><\/li>\n\n\n\n<li><a href='?page_no=21907'>21907<\/a><\/li>\n\n\n\n<li><a>...<\/a><\/li>\n\n\n\n<li><a href='?page_no=22911'>22911<\/a><\/li>\n\n\n\n<li><a href='?page_no=22912'>22912<\/a><\/li>\n\n    \n\t\n\n<li >\n\t<a href='?page_no=21906'>Next<\/a>\n\t<\/li>\n\n\n    \n\n<li><a href='?page_no=22912'>Last &rsaquo;&rsaquo;<\/a><\/li>\n\n<\/ul>\n\n\n--><br \/>\n<\/body><\/p>\n","protected":false},"excerpt":{"rendered":"<p>El escritor hispano-peruano Mario Vargas Llosa es uno de los 14 candidatos que aspira al premio internacional de literatura Man Booker 2009, anunci\u00f3 ayer en Nueva York el jurado del certamen. \u00abLa grandeza de la literatura es que carece de fronteras, y a trav\u00e9s de obras como La guerra del fin del mundo (1981), de [&hellip;]<\/p>\n","protected":false},"author":3,"featured_media":0,"comment_status":"open","ping_status":"open","sticky":false,"template":"","format":"standard","meta":{"footnotes":""},"categories":[21],"tags":[],"class_list":["post-70227","post","type-post","status-publish","format-standard","hentry","category-cultura"],"_links":{"self":[{"href":"https:\/\/diariodominicano.com\/index.php?rest_route=\/wp\/v2\/posts\/70227","targetHints":{"allow":["GET"]}}],"collection":[{"href":"https:\/\/diariodominicano.com\/index.php?rest_route=\/wp\/v2\/posts"}],"about":[{"href":"https:\/\/diariodominicano.com\/index.php?rest_route=\/wp\/v2\/types\/post"}],"author":[{"embeddable":true,"href":"https:\/\/diariodominicano.com\/index.php?rest_route=\/wp\/v2\/users\/3"}],"replies":[{"embeddable":true,"href":"https:\/\/diariodominicano.com\/index.php?rest_route=%2Fwp%2Fv2%2Fcomments&post=70227"}],"version-history":[{"count":0,"href":"https:\/\/diariodominicano.com\/index.php?rest_route=\/wp\/v2\/posts\/70227\/revisions"}],"wp:attachment":[{"href":"https:\/\/diariodominicano.com\/index.php?rest_route=%2Fwp%2Fv2%2Fmedia&parent=70227"}],"wp:term":[{"taxonomy":"category","embeddable":true,"href":"https:\/\/diariodominicano.com\/index.php?rest_route=%2Fwp%2Fv2%2Fcategories&post=70227"},{"taxonomy":"post_tag","embeddable":true,"href":"https:\/\/diariodominicano.com\/index.php?rest_route=%2Fwp%2Fv2%2Ftags&post=70227"}],"curies":[{"name":"wp","href":"https:\/\/api.w.org\/{rel}","templated":true}]}}