{"id":70226,"date":"2009-03-19T16:54:13","date_gmt":"2009-03-19T16:54:13","guid":{"rendered":"http:\/\/diariodominicano.ddns.net\/?p=70226"},"modified":"2009-03-19T16:54:13","modified_gmt":"2009-03-19T16:54:13","slug":"justicia-global-inaugura-hoy-encuentro-internacional-arte-y-revolucion","status":"publish","type":"post","link":"https:\/\/diariodominicano.com\/?p=70226","title":{"rendered":"Justicia Global inaugura hoy Encuentro Internacional ?Arte y Revoluci\u00f3n?"},"content":{"rendered":"<p><body><\/p>\n<p><span class=\"text1noticias\">SANTO DOMINGO. Con la participaci\u00f3n de representantes de organizaciones pol\u00edticas, sociales, sindicales, acad\u00e9micas y artistas de Rep\u00fablica Dominicana, Estados Unidos, Cuba, Bolivia, Francia, Hait\u00ed, Argentina y Venezuela, la Universidad Aut\u00f3noma de Santo Domingo (UASD) ser\u00e1 sede HOY jueves del acto de apertura del 11mo Encuentro Internacional de la Organizaci\u00f3n Justicia Global, que este a\u00f1o tiene como  tema ?Arte y Revoluci\u00f3n?.<\/span><\/p>\n<\/p>\n<p><span class=\"text1noticias\">En la actividad, que se desarrollar\u00e1 en el Aula Magna de la UASD, a las 7:00 de la noche, se presentar\u00e1n el  Coro Feminista MUSE, de Cincinati, Ohio, Estados Unidos, el Coro Matisses de Santo Domingo y los Congos de Villa Mella.<\/span><\/p>\n<\/p>\n<p><span class=\"text1noticias\">En la apertura del Encuentro, el doctor \u00c1ngel Pichardo Almonte, coordinador general de Justicia Global, pronunciar\u00e1 la conferencia magistral ?Arte y Cultura de la Solidaridad?. <\/span><\/p>\n<\/p>\n<p><span class=\"text1noticias\">El 11mo Encuentro Internacional de Justicia Global cuenta con el apoyo de la Vicerrector\u00eda de Extensi\u00f3n y la Facultad de Artes de la Universidad Aut\u00f3noma de Santo Domingo, as\u00ed como de diversas organizaciones sociales y pol\u00edticas de Rep\u00fablica Dominicana.<\/span><\/p>\n<\/p>\n<p><span class=\"text1noticias\">Al acto asistir\u00e1n el dramaturgo, periodista e investigador venezolano, Luis Britto Garc\u00eda  y los sindicalistas, Ram\u00f3n Cardona, de Cuba, encargado de las Am\u00e9ricas de la Federaci\u00f3n Sindical Mundial (FSM), y Felipe Machaca, secretario general de la Central Obrera Boliviana, entre otras personalidades y organizaciones nacionales e internacionales.<\/span><\/p>\n<\/p>\n<p><span class=\"text1noticias\">El Encuentro Internacional ?Arte y Revoluci\u00f3n? tiene como objetivos principales fortalecer los v\u00ednculos nacionales e internacionales entre diversos actores sociales, organizaciones pol\u00edticas y culturales que luchan contra todas formas de desigualdades sociales, as\u00ed como promover los valores que contribuyan a la construcci\u00f3n de una cultura basada en la  solidaridad, el amor, el respeto a la vida en dignidad de las personas y las relaciones armoniosas entre los seres humanos y su entorno.<\/span><\/p>\n<\/p>\n<p><span class=\"text1noticias\">Justicia Global es una organizaci\u00f3n pol\u00edtica y social  internacional con sede en Rep\u00fablica Dominicana, que trabaja por la organizaci\u00f3n y la movilizaci\u00f3n social de las personas, con el objetivo de construir una sociedad caracterizada por la solidaridad, la igualdad, la justicia y el amor.<\/span><\/p>\n<\/p>\n<p><span class=\"text1noticias\">El programa del Encuentro incluye paneles, talleres, presentaciones art\u00edsticas, grupos de Hip Hop, poes\u00eda, teatro y danza.<\/span><\/p>\n<\/p>\n<p><span class=\"text1noticias\">Tras concluir el acto, a las 10:00 p.m., se presentar\u00e1n en el Bar Espiral, ubicado en la Jos\u00e9 Reyes esquina Salom\u00e9 Ure\u00f1a, en la Zona Colonial, los exponentes m\u00fasica Hip Hop, Soneto, Bi-urbanos, Capotillo Nasty Clan, Izac, Circuito Negro, Resistencia Rap y Arena de Venezuela.<\/span><\/p>\n<\/p>\n<p><span class=\"text1noticias\">Mientras, el viernes, a las 6:00 p.m., habr\u00e1 un gran concierto en la Plaza H\u00e9roes de Abril del a UASD, con la participaci\u00f3n de V\u00edctor V\u00edctor, Janio Lora, Vicente Cifuentes, Jorge Celado, Bi-urbanos, de Rep\u00fablica Dominicana y Noy  2 de Hait\u00ed, y de Estados Unidos los artistas Mark Webb, Joe Blickenov y el Coro Feminista MUSE.<\/span><\/p>\n<\/p>\n<p><span class=\"text1noticias\">En tanto, el s\u00e1bado las actividades se inician con un panel, a las 9:00 a.m., sobre Arte y Revoluci\u00f3n, y contin\u00faan a las 4:00 p.m., con un Festival de teatro y poes\u00eda, con dos presentaciones simult\u00e1nea, una con el Teatro Guloya, en su local de la Arzobispo Portes, en la Zona Colonia, donde adem\u00e1s actuar\u00e1n las actrices Patricia Mu\u00f1oz, Luvil Gonz\u00e1lez, Ingrid Luciano y el actor Tom\u00e1s Rubio y la otra en la Facultad de Artes de la UASD, a la misma hora, con la participaci\u00f3n del Teatro Dalixdes de Santo Domingo, la poes\u00eda coreada de la UASD, entre otros.<\/span><\/p>\n<\/p>\n<p><span class=\"text1noticias\">El acto de clausura del Encuentro ?Arte y Revoluci\u00f3n? se realizar\u00e1 el domingo, a las 12:00, en la Biblioteca Pedro Mir de la UASD, con la lectura de un manifiesto de las delegaciones y artistas participantes, que asumir\u00e1n el compromiso de construir un arte revolucionario, as\u00ed como promover los valores de la cultura de la solidaridad.<\/span><\/p>\n<\/p>\n<p><span class=\"text1noticias\">La actividad cuenta con el apoyo de la Vicerrector\u00eda de Extensi\u00f3n de la UASD, y las organizaciones Juventud Caribe, La Revuelta, CACCARA, Juventud Rebelde, Uni\u00f3n Nacional de Estudiantes Revolucionarios (UNER), el Movimiento Independencia Unidad y Cambio (MIUCA) y la Federaci\u00f3n Nacional de Transportistas La Nueva Opci\u00f3n (FENATRANO).<\/span><\/p>\n<\/p>\n<p><span class=\"text1noticias\">Adem\u00e1s, el Partido Comunista del Trabajo (PCT), el Movimiento Popular Dominicano (MPD), el Frente Amplio de Lucha Popular (FALPO), La Multitud, Liga Socialista de los Trabajadores (LST), Partido de los Trabajadores Dominicanos (PTD), Asociaci\u00f3n Nacional de Trabajadores del Arte y la Cultura (Antac), Asociaci\u00f3n de Mujeres la Nueva Esperanza de Dajab\u00f3n (Asomuneda), Teatro Guloya, el C\u00edrculo de Mujeres con Discapacidad y la Asociaci\u00f3n Agr\u00edcola del Dajao.<\/span><\/p>\n<h6> 2009-03-19 16:54:13 <\/h6>\n<p><!--\n<link rel=\"stylesheet\" href=\"css\/bootstrap.min.css\">\n\n\n<ul class=\"pagination\">\n\t    \n\t\n\n<li >\n\t<a href='?page_no=21903'>Previous<\/a>\n\t<\/li>\n\n\n       \n    \n\n<li><a href='?page_no=1'>1<\/a><\/li>\n\n\n\n<li><a href='?page_no=2'>2<\/a><\/li>\n\n\n\n<li><a>...<\/a><\/li>\n\n\n\n<li><a href='?page_no=21902'>21902<\/a><\/li>\n\n\n\n<li><a href='?page_no=21903'>21903<\/a><\/li>\n\n\n\n<li class='active'><a>21904<\/a><\/li>\n\n\n\n<li><a href='?page_no=21905'>21905<\/a><\/li>\n\n\n\n<li><a href='?page_no=21906'>21906<\/a><\/li>\n\n\n\n<li><a>...<\/a><\/li>\n\n\n\n<li><a href='?page_no=22911'>22911<\/a><\/li>\n\n\n\n<li><a href='?page_no=22912'>22912<\/a><\/li>\n\n    \n\t\n\n<li >\n\t<a href='?page_no=21905'>Next<\/a>\n\t<\/li>\n\n\n    \n\n<li><a href='?page_no=22912'>Last &rsaquo;&rsaquo;<\/a><\/li>\n\n<\/ul>\n\n\n--><br \/>\n<\/body><\/p>\n","protected":false},"excerpt":{"rendered":"<p>SANTO DOMINGO. Con la participaci\u00f3n de representantes de organizaciones pol\u00edticas, sociales, sindicales, acad\u00e9micas y artistas de Rep\u00fablica Dominicana, Estados Unidos, Cuba, Bolivia, Francia, Hait\u00ed, Argentina y Venezuela, la Universidad Aut\u00f3noma de Santo Domingo (UASD) ser\u00e1 sede HOY jueves del acto de apertura del 11mo Encuentro Internacional de la Organizaci\u00f3n Justicia Global, que este a\u00f1o tiene [&hellip;]<\/p>\n","protected":false},"author":3,"featured_media":0,"comment_status":"open","ping_status":"open","sticky":false,"template":"","format":"standard","meta":{"footnotes":""},"categories":[21],"tags":[],"class_list":["post-70226","post","type-post","status-publish","format-standard","hentry","category-cultura"],"_links":{"self":[{"href":"https:\/\/diariodominicano.com\/index.php?rest_route=\/wp\/v2\/posts\/70226","targetHints":{"allow":["GET"]}}],"collection":[{"href":"https:\/\/diariodominicano.com\/index.php?rest_route=\/wp\/v2\/posts"}],"about":[{"href":"https:\/\/diariodominicano.com\/index.php?rest_route=\/wp\/v2\/types\/post"}],"author":[{"embeddable":true,"href":"https:\/\/diariodominicano.com\/index.php?rest_route=\/wp\/v2\/users\/3"}],"replies":[{"embeddable":true,"href":"https:\/\/diariodominicano.com\/index.php?rest_route=%2Fwp%2Fv2%2Fcomments&post=70226"}],"version-history":[{"count":0,"href":"https:\/\/diariodominicano.com\/index.php?rest_route=\/wp\/v2\/posts\/70226\/revisions"}],"wp:attachment":[{"href":"https:\/\/diariodominicano.com\/index.php?rest_route=%2Fwp%2Fv2%2Fmedia&parent=70226"}],"wp:term":[{"taxonomy":"category","embeddable":true,"href":"https:\/\/diariodominicano.com\/index.php?rest_route=%2Fwp%2Fv2%2Fcategories&post=70226"},{"taxonomy":"post_tag","embeddable":true,"href":"https:\/\/diariodominicano.com\/index.php?rest_route=%2Fwp%2Fv2%2Ftags&post=70226"}],"curies":[{"name":"wp","href":"https:\/\/api.w.org\/{rel}","templated":true}]}}