{"id":70225,"date":"2009-03-19T17:24:15","date_gmt":"2009-03-19T17:24:15","guid":{"rendered":"http:\/\/diariodominicano.ddns.net\/?p=70225"},"modified":"2009-03-19T17:24:15","modified_gmt":"2009-03-19T17:24:15","slug":"museo-de-arte-moderno-inaugura-muestra-el-bocadillo-de-marcelo-ferder","status":"publish","type":"post","link":"https:\/\/diariodominicano.com\/?p=70225","title":{"rendered":"Museo de Arte Moderno inaugura muestra ?El Bocadillo?  de Marcelo Ferder"},"content":{"rendered":"<p><body><\/p>\n<p><img decoding=\"async\" src=\"http:\/\/localhost:8080\/img3\/katalo.jpg\" \/>  <\/p>\n<p><span class=\"text1noticias\">SANTO DOMINGO. La Secretar\u00eda de Estado de Cultura, el Museo de Arte Moderno y la Fundaci\u00f3n Raigorosdky presentar\u00e1n la exposici\u00f3n ?EL BOCADILLO?  de Marcelo Ferder, el pr\u00f3ximo mi\u00e9rcoles 1 de abril a las 7:30 p.m. en la Sala de Proyectos del MAM.  Esta muestra contar\u00e1 con un conjunto de once singulares piezas geom\u00e9tricas trabajadas con materiales mixtos, colores primarios y formas y texturas sutiles.<\/span><\/p>\n<\/p>\n<p><span class=\"text1noticias\">Las informaciones fueron ofrecida  por la Directora de la instituci\u00f3n cultural, licenciada Mar\u00eda Elena Ditren. ?la exposici\u00f3n cuenta con el asesoramiento de Vicky Papaterra, por lo que se asegurar\u00e1 un momento de exquisito deleite gourmet?. <\/span><\/p>\n<\/p>\n<p><span class=\"text1noticias\">Sobre estos trabajos, Rosario Fern\u00e1ndez Bella, curadora independiente, sostiene que: ?Ferder se encuentra en la madurez de su carrera, se observa una s\u00edntesis expresiva y de recursos, el m\u00e1ximo con el m\u00ednimo al decir de Mies Van de Rohe.<\/span><\/p>\n<\/p>\n<p><span class=\"text1noticias\">Dijo que el vuelve al pop, pero no el pop mec\u00e1nico, sino un pop criollo, torresgarciesco, del sur, filtrado, cr\u00edtico, experimental. Su exposici\u00f3n anterior, Vuelta a los or\u00edgenes, lo ubica en la ant\u00edtesis: Construcci\u00f3n, barroquismo, artesan\u00eda. Aqu\u00ed se lo ve despojado, geom\u00e9trico, m\u00ednimo, mordaz, f\u00e1cil de digerir. ?El bocadillo? es un  homenaje a ese aspecto del mundo del arte poco tratado pero esencial: El vernissage, motor sin el cual ninguna escuela pict\u00f3rica contempor\u00e1nea hubiera podido fructificar?.<\/span><\/p>\n<\/p>\n<p><span class=\"text1noticias\">Marcelo Ferder es un polifac\u00e9tico artista pl\u00e1stico, arquitecto, dise\u00f1ador, pintor, fot\u00f3grafo e ilustrador nacido en Buenos Aires, Argentina  en 1958 y residente en la Rep\u00fablica Dominicana desde el a\u00f1o 1993. Anteriormente a su llegada al pa\u00eds.<\/span><\/p>\n<\/p>\n<p><span class=\"text1noticias\">Entre 1988  y 1990 realiz\u00f3 un viaje performance auspiciado por el gobierno de su pa\u00eds natal, que lo lleva a recorrer por v\u00eda terrestre el continente americano en su totalidad, durante el cual elabor\u00f3 una carpeta con m\u00e1s de diez mil dibujos, pinturas y fotograf\u00edas. Entre 1990 y 1993 residi\u00f3 en Nueva York, donde recibi\u00f3 el diploma de reconocimiento por sus aportes a la cultura latina otorgado en 1993 por el Consulado General de Venezuela en esa urbe. <\/span><\/p>\n<\/p>\n<p><span class=\"text1noticias\">Ya en Santo Domingo, comienz\u00f3 a dirigir el departamento de dise\u00f1o de productos en la escuela de artes de  Altos de Chav\u00f3n, en Casa de Campo, cargo que desempe\u00f1\u00f3 hasta 1995. A partir de ese momento fund\u00f3 Dise\u00f1os Mamey, centro dedicado al dise\u00f1o,  investigaci\u00f3n y  fabricaci\u00f3n de productos en papel reciclado inspirados en la iconograf\u00eda precolombina  y afroamericana. <\/span><\/p>\n<\/p>\n<p><span class=\"text1noticias\">Desde el 1998 al 2000 realiz\u00f3 \u00abServicio a domicilio\u00bb intervenci\u00f3n pl\u00e1stica-urbana en  las comunidades rurales de El Lim\u00f3n  y Los Arroyos en  San Jos\u00e9 de Ocoa, donde  pint\u00f3 entre los dos pueblos, 130 casas campesinas.  Entre el 2006 y 2007   coordin\u00f3  el proyecto de arte p\u00fablico en el pueblo de Villa Padrenuestro, provincia de La Altagracia, pintando y transformando art\u00edsticamente las fachadas de 50 casas. <\/span><\/p>\n<\/p>\n<p><span class=\"text1noticias\">El presente  a\u00f1o contin\u00faa sus proyectos con esta presentaci\u00f3n en la cual enfoca el dilema acerca del arte \u00fatil: el arte pl\u00e1stico que se transforma en arte primario. <\/span><\/p>\n<\/p>\n<p><span class=\"text1noticias\">El  Museo de Arte Moderno de la Rep\u00fablica  Dominicana est\u00e1 localizado en la Avda. Pedro Henr\u00edquez Ure\u00f1a, Plaza de la Cultura Juan Pablo Duarte y est\u00e1 abierto de martes a domingo en horario de 9:00 a.m. a 5:00 p.m. Sus tel\u00e9fonos son 809-685-2153.<\/span><\/p>\n<h6> 2009-03-19 17:24:15 <\/h6>\n<p><!--\n<link rel=\"stylesheet\" href=\"css\/bootstrap.min.css\">\n\n\n<ul class=\"pagination\">\n\t    \n\t\n\n<li >\n\t<a href='?page_no=21902'>Previous<\/a>\n\t<\/li>\n\n\n       \n    \n\n<li><a href='?page_no=1'>1<\/a><\/li>\n\n\n\n<li><a href='?page_no=2'>2<\/a><\/li>\n\n\n\n<li><a>...<\/a><\/li>\n\n\n\n<li><a href='?page_no=21901'>21901<\/a><\/li>\n\n\n\n<li><a href='?page_no=21902'>21902<\/a><\/li>\n\n\n\n<li class='active'><a>21903<\/a><\/li>\n\n\n\n<li><a href='?page_no=21904'>21904<\/a><\/li>\n\n\n\n<li><a href='?page_no=21905'>21905<\/a><\/li>\n\n\n\n<li><a>...<\/a><\/li>\n\n\n\n<li><a href='?page_no=22911'>22911<\/a><\/li>\n\n\n\n<li><a href='?page_no=22912'>22912<\/a><\/li>\n\n    \n\t\n\n<li >\n\t<a href='?page_no=21904'>Next<\/a>\n\t<\/li>\n\n\n    \n\n<li><a href='?page_no=22912'>Last &rsaquo;&rsaquo;<\/a><\/li>\n\n<\/ul>\n\n\n--><br \/>\n<\/body><\/p>\n","protected":false},"excerpt":{"rendered":"<p>SANTO DOMINGO. La Secretar\u00eda de Estado de Cultura, el Museo de Arte Moderno y la Fundaci\u00f3n Raigorosdky presentar\u00e1n la exposici\u00f3n ?EL BOCADILLO? de Marcelo Ferder, el pr\u00f3ximo mi\u00e9rcoles 1 de abril a las 7:30 p.m. en la Sala de Proyectos del MAM. Esta muestra contar\u00e1 con un conjunto de once singulares piezas geom\u00e9tricas trabajadas con [&hellip;]<\/p>\n","protected":false},"author":3,"featured_media":0,"comment_status":"open","ping_status":"open","sticky":false,"template":"","format":"standard","meta":{"footnotes":""},"categories":[21],"tags":[],"class_list":["post-70225","post","type-post","status-publish","format-standard","hentry","category-cultura"],"_links":{"self":[{"href":"https:\/\/diariodominicano.com\/index.php?rest_route=\/wp\/v2\/posts\/70225","targetHints":{"allow":["GET"]}}],"collection":[{"href":"https:\/\/diariodominicano.com\/index.php?rest_route=\/wp\/v2\/posts"}],"about":[{"href":"https:\/\/diariodominicano.com\/index.php?rest_route=\/wp\/v2\/types\/post"}],"author":[{"embeddable":true,"href":"https:\/\/diariodominicano.com\/index.php?rest_route=\/wp\/v2\/users\/3"}],"replies":[{"embeddable":true,"href":"https:\/\/diariodominicano.com\/index.php?rest_route=%2Fwp%2Fv2%2Fcomments&post=70225"}],"version-history":[{"count":0,"href":"https:\/\/diariodominicano.com\/index.php?rest_route=\/wp\/v2\/posts\/70225\/revisions"}],"wp:attachment":[{"href":"https:\/\/diariodominicano.com\/index.php?rest_route=%2Fwp%2Fv2%2Fmedia&parent=70225"}],"wp:term":[{"taxonomy":"category","embeddable":true,"href":"https:\/\/diariodominicano.com\/index.php?rest_route=%2Fwp%2Fv2%2Fcategories&post=70225"},{"taxonomy":"post_tag","embeddable":true,"href":"https:\/\/diariodominicano.com\/index.php?rest_route=%2Fwp%2Fv2%2Ftags&post=70225"}],"curies":[{"name":"wp","href":"https:\/\/api.w.org\/{rel}","templated":true}]}}