{"id":70224,"date":"2009-03-19T18:48:40","date_gmt":"2009-03-19T18:48:40","guid":{"rendered":"http:\/\/diariodominicano.ddns.net\/?p=70224"},"modified":"2009-03-19T18:48:40","modified_gmt":"2009-03-19T18:48:40","slug":"asociacion-dominicana-de-criticos-de-arte-inc-adca-aica-celebrara-su-asamblea-general-ordinaria","status":"publish","type":"post","link":"https:\/\/diariodominicano.com\/?p=70224","title":{"rendered":"Asociaci\u00f3n Dominicana de Cr\u00edticos de Arte, Inc (ADCA\/AICA) celebrar\u00e1 su Asamblea General Ordinaria"},"content":{"rendered":"<p><body><\/p>\n<p><span class=\"text1noticias\">Santo Domingo._ La Asociaci\u00f3n Dominicana de Cr\u00edticos de Arte, Inc (ADCA\/AICA) celebrar\u00e1 su Asamblea General Ordinaria el domingo 22 de marzo pr\u00f3ximo en el Museo de Arte Moderno de esta ciudad, a las 10:00 de la ma\u00f1ana, para elegir la Junta Directiva que dirigir\u00e1 esta asociaci\u00f3n durante los pr\u00f3ximos tres a\u00f1os. De acuerdo a los estatutos vigentes de esta asociaci\u00f3n, el per\u00edodo de la actual Junta Directiva 2006-2009, presidida por Amable L\u00f3pez Mel\u00e9ndez vence en el presente mes de marzo.<\/span><\/p>\n<\/p>\n<p><span class=\"text1noticias\">Luego de la exitosa gesti\u00f3n de la pasada Junta Directiva que logr\u00f3 reanudar los Premios de la Cr\u00edtica, poner al d\u00eda todos los aspectos legales de la asociaci\u00f3n e iniciar la recuperaci\u00f3n de la imagen p\u00fablica institucional, se espera una amplia participaci\u00f3n en esta asamblea para renovar los mandos y dar continuidad a los planes y programas de este gremio, en el que todos los miembros al d\u00eda en el pago de las cuotas de membres\u00eda tienen derecho a elegir y a ser elegidos para los cargos directivos.<\/span><\/p>\n<\/p>\n<p><span class=\"text1noticias\">La ADCA es una instituci\u00f3n de car\u00e1cter aut\u00f3nomo y sin fines de lucro que integra a los Cr\u00edticos de Arte Dominicanos. Fundada en 1981 como secci\u00f3n dominicana de la Asociaciaci\u00f3n Internacional de Cr\u00edticos de Arte por Pedro Mir, Jeannette Miller, Danilo de los Santos, Marianne de Tolentino, Martin L\u00f3pez, Silvano Lora y el Raoul-Jean Moulin, en ese entonces cr\u00edtico de arte del peri\u00f3dico L?Humanite y Secretario General de la AICA.<\/span><\/p>\n<\/p>\n<p><span class=\"text1noticias\">En la actualidad, la critica de arte registra un proceso de fortalecimiento de su esp\u00edritu en la Rep\u00fablica Dominicana, lo cual se aprecia en la renovaci\u00f3n de la entrega de los Premios Nacionales de la Critica, en la participaci\u00f3n de la secci\u00f3n nacional de AICA en eventos como el encuentro ?Critica en el Caribe?, Centro Cultural Eduardo Le\u00f3n Jimenes (07\/2007); ?DATA-CODAP? Colegio Dominicano de Artistas Pl\u00e1sticos \/ Auditorio de la  Academia de Ciencias (10\/2007), ; ?Segundo Simposio Internacional  de Cr\u00edtica de Arte?, Escuela de Cr\u00edtica e Historia del Arte de la Universidad Aut\u00f3noma de Santo Domingo (10\/2007) y ?Di\u00e1logos con la Cr\u00edtica?, jornada de conferencias desarrollada (09\/10\/2008) en colaboraci\u00f3n con el  Programa APEC-Cultural, en el Sal\u00f3n Bonetti Burgos de esta prestigiosa instituci\u00f3n universitaria.<\/span><\/p>\n<h6> 2009-03-19 18:48:40 <\/h6>\n<p><!--\n<link rel=\"stylesheet\" href=\"css\/bootstrap.min.css\">\n\n\n<ul class=\"pagination\">\n\t    \n\t\n\n<li >\n\t<a href='?page_no=21901'>Previous<\/a>\n\t<\/li>\n\n\n       \n    \n\n<li><a href='?page_no=1'>1<\/a><\/li>\n\n\n\n<li><a href='?page_no=2'>2<\/a><\/li>\n\n\n\n<li><a>...<\/a><\/li>\n\n\n\n<li><a href='?page_no=21900'>21900<\/a><\/li>\n\n\n\n<li><a href='?page_no=21901'>21901<\/a><\/li>\n\n\n\n<li class='active'><a>21902<\/a><\/li>\n\n\n\n<li><a href='?page_no=21903'>21903<\/a><\/li>\n\n\n\n<li><a href='?page_no=21904'>21904<\/a><\/li>\n\n\n\n<li><a>...<\/a><\/li>\n\n\n\n<li><a href='?page_no=22911'>22911<\/a><\/li>\n\n\n\n<li><a href='?page_no=22912'>22912<\/a><\/li>\n\n    \n\t\n\n<li >\n\t<a href='?page_no=21903'>Next<\/a>\n\t<\/li>\n\n\n    \n\n<li><a href='?page_no=22912'>Last &rsaquo;&rsaquo;<\/a><\/li>\n\n<\/ul>\n\n\n--><br \/>\n<\/body><\/p>\n","protected":false},"excerpt":{"rendered":"<p>Santo Domingo._ La Asociaci\u00f3n Dominicana de Cr\u00edticos de Arte, Inc (ADCA\/AICA) celebrar\u00e1 su Asamblea General Ordinaria el domingo 22 de marzo pr\u00f3ximo en el Museo de Arte Moderno de esta ciudad, a las 10:00 de la ma\u00f1ana, para elegir la Junta Directiva que dirigir\u00e1 esta asociaci\u00f3n durante los pr\u00f3ximos tres a\u00f1os. De acuerdo a los [&hellip;]<\/p>\n","protected":false},"author":3,"featured_media":0,"comment_status":"open","ping_status":"open","sticky":false,"template":"","format":"standard","meta":{"footnotes":""},"categories":[21],"tags":[],"class_list":["post-70224","post","type-post","status-publish","format-standard","hentry","category-cultura"],"_links":{"self":[{"href":"https:\/\/diariodominicano.com\/index.php?rest_route=\/wp\/v2\/posts\/70224","targetHints":{"allow":["GET"]}}],"collection":[{"href":"https:\/\/diariodominicano.com\/index.php?rest_route=\/wp\/v2\/posts"}],"about":[{"href":"https:\/\/diariodominicano.com\/index.php?rest_route=\/wp\/v2\/types\/post"}],"author":[{"embeddable":true,"href":"https:\/\/diariodominicano.com\/index.php?rest_route=\/wp\/v2\/users\/3"}],"replies":[{"embeddable":true,"href":"https:\/\/diariodominicano.com\/index.php?rest_route=%2Fwp%2Fv2%2Fcomments&post=70224"}],"version-history":[{"count":0,"href":"https:\/\/diariodominicano.com\/index.php?rest_route=\/wp\/v2\/posts\/70224\/revisions"}],"wp:attachment":[{"href":"https:\/\/diariodominicano.com\/index.php?rest_route=%2Fwp%2Fv2%2Fmedia&parent=70224"}],"wp:term":[{"taxonomy":"category","embeddable":true,"href":"https:\/\/diariodominicano.com\/index.php?rest_route=%2Fwp%2Fv2%2Fcategories&post=70224"},{"taxonomy":"post_tag","embeddable":true,"href":"https:\/\/diariodominicano.com\/index.php?rest_route=%2Fwp%2Fv2%2Ftags&post=70224"}],"curies":[{"name":"wp","href":"https:\/\/api.w.org\/{rel}","templated":true}]}}