{"id":70223,"date":"2009-03-19T21:32:20","date_gmt":"2009-03-19T21:32:20","guid":{"rendered":"http:\/\/diariodominicano.ddns.net\/?p=70223"},"modified":"2009-03-19T21:32:20","modified_gmt":"2009-03-19T21:32:20","slug":"el-centro-cultural-de-espana-tiene-el-honor-de-invitarle-a-las-muestras-de-animacion-la-cofradia-de-las-llamadas-perdidas-y-rodante-de-los-artistas-dominicanos-ignacio-alcantar","status":"publish","type":"post","link":"https:\/\/diariodominicano.com\/?p=70223","title":{"rendered":"El Centro Cultural de Espa\u00f1a tiene el honor de invitarle a las muestras de animaci\u00f3n ?La cofrad\u00eda de las llamadas perdidas? y ?Rodante? de los artistas dominicanos Ignacio Alcantar"},"content":{"rendered":"<p><body><\/p>\n<p><img decoding=\"async\" src=\"http:\/\/localhost:8080\/img3\/foku.jpg\" \/>  <\/p>\n<p><span class=\"text1noticias\">Viernes 20 y 27 de marzo a las 7:30 p.m. Espacio Cero.<\/span><\/p>\n<\/p>\n<p><span class=\"text1noticias\">El Centro Cultural de Espa\u00f1a presenta en la sala espacio cero, dos muestras de cine de animaci\u00f3n de los artistas dominicanos: Ignacio Alc\u00e1ntara, que podr\u00e1n visitarla del 20 al 26 de marzo y Jos\u00e9 Pi\u00f3n del 27 de marzo al 2 de abril.<\/span><\/p>\n<\/p>\n<p><span class=\"text1noticias\">La muestra de Ignacio Alc\u00e1ntara, consiste en una serie de trabajos cortos que son un estudio para una obra de mayores dimensiones. El artista nos lo describe as\u00ed: ?Mi apocal\u00edptica visi\u00f3n de nuestra llamada sociedad moderna, me mueve a cuestionar cada d\u00eda m\u00e1s los medios de comunicaci\u00f3n y m\u00e1s espec\u00edficamente los aparatos port\u00e1tiles de los que nos valemos para comunicarnos?.<\/span><\/p>\n<\/p>\n<p><span class=\"text1noticias\">Alcantara arremete en una serie de v\u00eddeos captados a partir de sus propios dibujos e ilustraciones, contra la vaciedad y el sometimiento al que nos relegan nuestros juguetes de comunicaci\u00f3n.<\/span><\/p>\n<\/p>\n<p><span class=\"text1noticias\">La segunda muestra de animaci\u00f3n del artista Jos\u00e9 Pi\u00f3n, hace \u00e9nfasis ?en palabras del propio Pi\u00f3n? en la tem\u00e1tica de la rueda, por ser un elemento que reincide en la secuencia de animaciones y parece no detenerse; adem\u00e1s de sugerir la continuidad de las cosas ?como el movimiento rotativo de la Tierra?. Y contin\u00faa: ?Temas como la contaminaci\u00f3n, la explotaci\u00f3n de recursos, se relacionan con las vivencias del personaje de negro , el cual reencarna al artista encontr\u00e1ndose a veces en un terreno hostil, donde la voluntad y la persistencia no siempre son acordadas, estos son algunos de los puntos que narra Rodante.?<\/span><\/p>\n<\/p>\n<p><span class=\"text1noticias\">Espacio cero es un \u00e1rea reservada a j\u00f3venes artistas que presenten proyectos innovadores enmarcados dentro de las tem\u00e1ticas que propone el Centro Cultural de Espa\u00f1a.<\/span><\/p>\n<h6> 2009-03-19 21:32:20 <\/h6>\n<p><!--\n<link rel=\"stylesheet\" href=\"css\/bootstrap.min.css\">\n\n\n<ul class=\"pagination\">\n\t    \n\t\n\n<li >\n\t<a href='?page_no=21900'>Previous<\/a>\n\t<\/li>\n\n\n       \n    \n\n<li><a href='?page_no=1'>1<\/a><\/li>\n\n\n\n<li><a href='?page_no=2'>2<\/a><\/li>\n\n\n\n<li><a>...<\/a><\/li>\n\n\n\n<li><a href='?page_no=21899'>21899<\/a><\/li>\n\n\n\n<li><a href='?page_no=21900'>21900<\/a><\/li>\n\n\n\n<li class='active'><a>21901<\/a><\/li>\n\n\n\n<li><a href='?page_no=21902'>21902<\/a><\/li>\n\n\n\n<li><a href='?page_no=21903'>21903<\/a><\/li>\n\n\n\n<li><a>...<\/a><\/li>\n\n\n\n<li><a href='?page_no=22911'>22911<\/a><\/li>\n\n\n\n<li><a href='?page_no=22912'>22912<\/a><\/li>\n\n    \n\t\n\n<li >\n\t<a href='?page_no=21902'>Next<\/a>\n\t<\/li>\n\n\n    \n\n<li><a href='?page_no=22912'>Last &rsaquo;&rsaquo;<\/a><\/li>\n\n<\/ul>\n\n\n--><br \/>\n<\/body><\/p>\n","protected":false},"excerpt":{"rendered":"<p>Viernes 20 y 27 de marzo a las 7:30 p.m. Espacio Cero. El Centro Cultural de Espa\u00f1a presenta en la sala espacio cero, dos muestras de cine de animaci\u00f3n de los artistas dominicanos: Ignacio Alc\u00e1ntara, que podr\u00e1n visitarla del 20 al 26 de marzo y Jos\u00e9 Pi\u00f3n del 27 de marzo al 2 de abril. [&hellip;]<\/p>\n","protected":false},"author":3,"featured_media":0,"comment_status":"open","ping_status":"open","sticky":false,"template":"","format":"standard","meta":{"footnotes":""},"categories":[21],"tags":[],"class_list":["post-70223","post","type-post","status-publish","format-standard","hentry","category-cultura"],"_links":{"self":[{"href":"https:\/\/diariodominicano.com\/index.php?rest_route=\/wp\/v2\/posts\/70223","targetHints":{"allow":["GET"]}}],"collection":[{"href":"https:\/\/diariodominicano.com\/index.php?rest_route=\/wp\/v2\/posts"}],"about":[{"href":"https:\/\/diariodominicano.com\/index.php?rest_route=\/wp\/v2\/types\/post"}],"author":[{"embeddable":true,"href":"https:\/\/diariodominicano.com\/index.php?rest_route=\/wp\/v2\/users\/3"}],"replies":[{"embeddable":true,"href":"https:\/\/diariodominicano.com\/index.php?rest_route=%2Fwp%2Fv2%2Fcomments&post=70223"}],"version-history":[{"count":0,"href":"https:\/\/diariodominicano.com\/index.php?rest_route=\/wp\/v2\/posts\/70223\/revisions"}],"wp:attachment":[{"href":"https:\/\/diariodominicano.com\/index.php?rest_route=%2Fwp%2Fv2%2Fmedia&parent=70223"}],"wp:term":[{"taxonomy":"category","embeddable":true,"href":"https:\/\/diariodominicano.com\/index.php?rest_route=%2Fwp%2Fv2%2Fcategories&post=70223"},{"taxonomy":"post_tag","embeddable":true,"href":"https:\/\/diariodominicano.com\/index.php?rest_route=%2Fwp%2Fv2%2Ftags&post=70223"}],"curies":[{"name":"wp","href":"https:\/\/api.w.org\/{rel}","templated":true}]}}