{"id":70222,"date":"2009-03-19T22:51:16","date_gmt":"2009-03-19T22:51:16","guid":{"rendered":"http:\/\/diariodominicano.ddns.net\/?p=70222"},"modified":"2009-03-19T22:51:16","modified_gmt":"2009-03-19T22:51:16","slug":"david-taveras-duncan-expone-quien-carga-a-quien-en-sala-de-arte-ramon-oviedo-de-la-sec","status":"publish","type":"post","link":"https:\/\/diariodominicano.com\/?p=70222","title":{"rendered":"David Taveras Duncan  expone ?Quien carga a quien En Sala de Arte Ram\u00f3n Oviedo de la SEC"},"content":{"rendered":"<p><body><\/p>\n<p><img decoding=\"async\" src=\"http:\/\/localhost:8080\/img3\/cuadri.jpg\" \/>  <\/p>\n<p><span class=\"text1noticias\"> ?Quien carga a quien?, es el t\u00edtulo de la exposici\u00f3n individual del artista David Taveras Duncan, auspiciada por la Secretar\u00eda de Estado de Cultura,  que fue inaugurada  en la Sala de Arte Ram\u00f3n Oviedo de Cultura y estar\u00e1 expuesta hasta el 16 de abril pr\u00f3ximo.<\/span><\/p>\n<\/p>\n<p><span class=\"text1noticias\">Para la muestra pict\u00f3rica, el artista const\u00f3 de 38 obras realizadas en t\u00e9cnica mixta sobre papel, en medianos y peque\u00f1os formatos. <\/span><\/p>\n<\/p>\n<p><span class=\"text1noticias\">Entre los t\u00edtulos que expone Taveras Duncan est\u00e1n: ?Adentro de la virtud?, ?Argentina?, ?Autorretratos I?, ?Te sali\u00f3 la mentira?, ?Mi ciudad?, ?Dime algo?, ?Gesto de bondad?, ?Ciudad de furia?, ?Caballito de esperanza? y ?Antenas?.<\/span><\/p>\n<\/p>\n<p><span class=\"text1noticias\">Seg\u00fan Ivory N\u00fa\u00f1ez (cr\u00edtico de arte), las obras de David son organismos vivos, desbordan expresividad,  a trav\u00e9s de su fuerza gr\u00e1fica. Generando im\u00e1genes de manera compulsiva, el artista ha sometido sus emociones m\u00e1s humanas y cotidianas al acto transformador del quehacer gr\u00e1fico-pict\u00f3rico.<\/span><\/p>\n<\/p>\n<p><span class=\"text1noticias\">?Este artista nos abre su diario de obras?, para que podamos leer los resultados de un mon\u00f3logo constante entre el creador y la creaci\u00f3n; para Taveras, pintar no es una cuesti\u00f3n de perfecci\u00f3n t\u00e9cnica, es una necesidad vital de transformar el pensamiento en imagen palpable?, expresa N\u00fa\u00f1ez.<\/span><\/p>\n<\/p>\n<p><span class=\"text1noticias\">BIOGRAFIA Y TRAYECTORIA <\/span><\/p>\n<\/p>\n<p><span class=\"text1noticias\">David Taveras naci\u00f3 en Santo Domingo, egresado de la Universidad Aut\u00f3noma de Santo Domingo de Dise\u00f1o Gr\u00e1fico y Publicidad. Ha presentado muestras colectivas en Estados Unidos,  Rep\u00fablica Dominicana, Argentina y Puerto Rico. Actualmente, Taveras reside en Pasadena, California, donde contin\u00faa pintando en su estudio.<\/span><\/p>\n<h6> 2009-03-19 22:51:16 <\/h6>\n<p><!--\n<link rel=\"stylesheet\" href=\"css\/bootstrap.min.css\">\n\n\n<ul class=\"pagination\">\n\t    \n\t\n\n<li >\n\t<a href='?page_no=21899'>Previous<\/a>\n\t<\/li>\n\n\n       \n    \n\n<li><a href='?page_no=1'>1<\/a><\/li>\n\n\n\n<li><a href='?page_no=2'>2<\/a><\/li>\n\n\n\n<li><a>...<\/a><\/li>\n\n\n\n<li><a href='?page_no=21898'>21898<\/a><\/li>\n\n\n\n<li><a href='?page_no=21899'>21899<\/a><\/li>\n\n\n\n<li class='active'><a>21900<\/a><\/li>\n\n\n\n<li><a href='?page_no=21901'>21901<\/a><\/li>\n\n\n\n<li><a href='?page_no=21902'>21902<\/a><\/li>\n\n\n\n<li><a>...<\/a><\/li>\n\n\n\n<li><a href='?page_no=22911'>22911<\/a><\/li>\n\n\n\n<li><a href='?page_no=22912'>22912<\/a><\/li>\n\n    \n\t\n\n<li >\n\t<a href='?page_no=21901'>Next<\/a>\n\t<\/li>\n\n\n    \n\n<li><a href='?page_no=22912'>Last &rsaquo;&rsaquo;<\/a><\/li>\n\n<\/ul>\n\n\n--><br \/>\n<\/body><\/p>\n","protected":false},"excerpt":{"rendered":"<p>?Quien carga a quien?, es el t\u00edtulo de la exposici\u00f3n individual del artista David Taveras Duncan, auspiciada por la Secretar\u00eda de Estado de Cultura, que fue inaugurada en la Sala de Arte Ram\u00f3n Oviedo de Cultura y estar\u00e1 expuesta hasta el 16 de abril pr\u00f3ximo. Para la muestra pict\u00f3rica, el artista const\u00f3 de 38 obras [&hellip;]<\/p>\n","protected":false},"author":3,"featured_media":0,"comment_status":"open","ping_status":"open","sticky":false,"template":"","format":"standard","meta":{"footnotes":""},"categories":[21],"tags":[],"class_list":["post-70222","post","type-post","status-publish","format-standard","hentry","category-cultura"],"_links":{"self":[{"href":"https:\/\/diariodominicano.com\/index.php?rest_route=\/wp\/v2\/posts\/70222","targetHints":{"allow":["GET"]}}],"collection":[{"href":"https:\/\/diariodominicano.com\/index.php?rest_route=\/wp\/v2\/posts"}],"about":[{"href":"https:\/\/diariodominicano.com\/index.php?rest_route=\/wp\/v2\/types\/post"}],"author":[{"embeddable":true,"href":"https:\/\/diariodominicano.com\/index.php?rest_route=\/wp\/v2\/users\/3"}],"replies":[{"embeddable":true,"href":"https:\/\/diariodominicano.com\/index.php?rest_route=%2Fwp%2Fv2%2Fcomments&post=70222"}],"version-history":[{"count":0,"href":"https:\/\/diariodominicano.com\/index.php?rest_route=\/wp\/v2\/posts\/70222\/revisions"}],"wp:attachment":[{"href":"https:\/\/diariodominicano.com\/index.php?rest_route=%2Fwp%2Fv2%2Fmedia&parent=70222"}],"wp:term":[{"taxonomy":"category","embeddable":true,"href":"https:\/\/diariodominicano.com\/index.php?rest_route=%2Fwp%2Fv2%2Fcategories&post=70222"},{"taxonomy":"post_tag","embeddable":true,"href":"https:\/\/diariodominicano.com\/index.php?rest_route=%2Fwp%2Fv2%2Ftags&post=70222"}],"curies":[{"name":"wp","href":"https:\/\/api.w.org\/{rel}","templated":true}]}}