{"id":70221,"date":"2009-03-20T14:50:48","date_gmt":"2009-03-20T14:50:48","guid":{"rendered":"http:\/\/diariodominicano.ddns.net\/?p=70221"},"modified":"2009-03-20T14:50:48","modified_gmt":"2009-03-20T14:50:48","slug":"presidente-fernandez-encabeza-panel-sobre-television-cultural-iberoamericana","status":"publish","type":"post","link":"https:\/\/diariodominicano.com\/?p=70221","title":{"rendered":"Presidente Fern\u00e1ndez encabeza panel sobre televisi\u00f3n cultural iberoamericana"},"content":{"rendered":"<p><body><\/p>\n<p><img decoding=\"async\" src=\"img3\/fungo.jpg\" \/>  <\/p>\n<p><span class=\"text1noticias\">El presidente Leonel Fern\u00e1ndez  encabez\u00f3 anoche el panel ?Hacia d\u00f3nde va la televisi\u00f3n y como mejorar sus contenidos en el tercer milenio? celebrado en la Fundaci\u00f3n Global Democracia y Desarrollo (FUNGLODE), con la participaci\u00f3n de varios panelistas nacionales e internacionales.<\/span><\/p>\n<\/p>\n<p><span class=\"text1noticias\">Durante el panel, el presidente Fern\u00e1ndez, recibi\u00f3 del panelista Jos\u00e9 Manuel P\u00e9rez Tornero, un documento contentivo de la propuesta para un proyecto televisivo en la Rep\u00fablica Dominicana.<\/span><\/p>\n<p><span class=\"text1noticias\">En el transcurso del evento se anunci\u00f3 el compromiso de la Rep\u00fablica Dominicana con M\u00e9xico para impulsar la televisi\u00f3n educativa en el pa\u00eds, el cual ser\u00e1 firmado la pr\u00f3xima semana a trav\u00e9s de la Secretar\u00eda de Educaci\u00f3n, seg\u00fan inform\u00f3 el secretario Melaneo Paredes, presente en la actividad.<\/span><\/p>\n<\/p>\n<p><span class=\"text1noticias\">El evento fue organizado por el Grupo Santo Domingo, una iniciativa del nuevo cine auspiciada por Funglode, para reflexionar y hacer propuestas para el desarrollo de la televisi\u00f3n, y es abierto al p\u00fablico. <\/span><\/p>\n<p><span class=\"text1noticias\">El panel, que continuar\u00e1 este viernes, se inici\u00f3 ayer a las 7:00 de la noche y estuvo dividido en dos partes. En la primera expusieron seis especialistas internacionales fundadores del Grupo Santo Domingo, que dieron a conocer sus puntos de vista sobre el camino que transita la televisi\u00f3n latinoamericana y las v\u00edas que existen para mejorar sus contenidos, servicios y sostenibilidad.<\/span><\/p>\n<\/p>\n<p><span class=\"text1noticias\">Entre los expositores, el espa\u00f1ol Jos\u00e9 Manuel P\u00e9rez Tornero, director del Gabinete de Comunicaci\u00f3n de la Universidad de Barcelona; el mexicano Manuel Quintero, presidente del Instituto Latinoamericano de Comunicaci\u00f3n Educativa, y el argentino Alberto Garc\u00eda Ferrer. Secretario general de la Asociaci\u00f3n de de Televisoras Educativas Iberoamericanas, expusieron sobre los alcances y proyecciones de la televisi\u00f3n.<\/span><\/p>\n<\/p>\n<p><span class=\"text1noticias\">Mientras que Peter Tinoco, presidente de la Fundaci\u00f3n Cisneros y los canales Clase y Ame, de Venezuela; Mar\u00eda Eugenia Mosquea, del Canal 22 de Venezuela, y la mexicana Eva Villarreal, directora de Vale-TV, disertaron sobre la importancia de los criterios de producci\u00f3n y programaci\u00f3n de las televisoras.<\/span><\/p>\n<\/p>\n<p><span class=\"text1noticias\">La actividad fue inaugurada con las palabras de Frederic Edman-Zad\u00e9, director ejecutivo de Funglode, quien resalt\u00f3 los alcances actuales de la televisi\u00f3n y la tecnolog\u00eda del siglo XXI que cada d\u00eda es m\u00e1s precisa, acabada y perfecta. Mar\u00eda Eugenia Mosquera, quien coordina el evento, present\u00f3 a los panelistas. Al final de las exposiciones los asistentes tuvieron la oportunidad de hacer preguntas  y recibir las respuestas correspondientes de cada panelista.<\/span><\/p>\n<\/p>\n<p><span class=\"text1noticias\">Uno de los ejes principales del evento fue la evoluci\u00f3n de la sociedad y el momento hist\u00f3rico y su demanda de nuevas pautas en los modelos de administraci\u00f3n social, intermediaci\u00f3n y comunicaci\u00f3n, as\u00ed como el protagonismo que tienen los comunicadores en la revoluci\u00f3n tecnol\u00f3gica y del conocimiento.<\/span><\/p>\n<h6> 2009-03-20 14:50:48 <\/h6>\n<p><!--\n<link rel=\"stylesheet\" href=\"css\/bootstrap.min.css\">\n\n\n<ul class=\"pagination\">\n\t    \n\t\n\n<li >\n\t<a href='?page_no=21898'>Previous<\/a>\n\t<\/li>\n\n\n       \n    \n\n<li><a href='?page_no=1'>1<\/a><\/li>\n\n\n\n<li><a href='?page_no=2'>2<\/a><\/li>\n\n\n\n<li><a>...<\/a><\/li>\n\n\n\n<li><a href='?page_no=21897'>21897<\/a><\/li>\n\n\n\n<li><a href='?page_no=21898'>21898<\/a><\/li>\n\n\n\n<li class='active'><a>21899<\/a><\/li>\n\n\n\n<li><a href='?page_no=21900'>21900<\/a><\/li>\n\n\n\n<li><a href='?page_no=21901'>21901<\/a><\/li>\n\n\n\n<li><a>...<\/a><\/li>\n\n\n\n<li><a href='?page_no=22911'>22911<\/a><\/li>\n\n\n\n<li><a href='?page_no=22912'>22912<\/a><\/li>\n\n    \n\t\n\n<li >\n\t<a href='?page_no=21900'>Next<\/a>\n\t<\/li>\n\n\n    \n\n<li><a href='?page_no=22912'>Last &rsaquo;&rsaquo;<\/a><\/li>\n\n<\/ul>\n\n\n--><br \/>\n<\/body><\/p>\n","protected":false},"excerpt":{"rendered":"<p>El presidente Leonel Fern\u00e1ndez encabez\u00f3 anoche el panel ?Hacia d\u00f3nde va la televisi\u00f3n y como mejorar sus contenidos en el tercer milenio? celebrado en la Fundaci\u00f3n Global Democracia y Desarrollo (FUNGLODE), con la participaci\u00f3n de varios panelistas nacionales e internacionales. Durante el panel, el presidente Fern\u00e1ndez, recibi\u00f3 del panelista Jos\u00e9 Manuel P\u00e9rez Tornero, un documento [&hellip;]<\/p>\n","protected":false},"author":3,"featured_media":0,"comment_status":"open","ping_status":"open","sticky":false,"template":"","format":"standard","meta":{"footnotes":""},"categories":[21],"tags":[],"class_list":["post-70221","post","type-post","status-publish","format-standard","hentry","category-cultura"],"_links":{"self":[{"href":"https:\/\/diariodominicano.com\/index.php?rest_route=\/wp\/v2\/posts\/70221","targetHints":{"allow":["GET"]}}],"collection":[{"href":"https:\/\/diariodominicano.com\/index.php?rest_route=\/wp\/v2\/posts"}],"about":[{"href":"https:\/\/diariodominicano.com\/index.php?rest_route=\/wp\/v2\/types\/post"}],"author":[{"embeddable":true,"href":"https:\/\/diariodominicano.com\/index.php?rest_route=\/wp\/v2\/users\/3"}],"replies":[{"embeddable":true,"href":"https:\/\/diariodominicano.com\/index.php?rest_route=%2Fwp%2Fv2%2Fcomments&post=70221"}],"version-history":[{"count":0,"href":"https:\/\/diariodominicano.com\/index.php?rest_route=\/wp\/v2\/posts\/70221\/revisions"}],"wp:attachment":[{"href":"https:\/\/diariodominicano.com\/index.php?rest_route=%2Fwp%2Fv2%2Fmedia&parent=70221"}],"wp:term":[{"taxonomy":"category","embeddable":true,"href":"https:\/\/diariodominicano.com\/index.php?rest_route=%2Fwp%2Fv2%2Fcategories&post=70221"},{"taxonomy":"post_tag","embeddable":true,"href":"https:\/\/diariodominicano.com\/index.php?rest_route=%2Fwp%2Fv2%2Ftags&post=70221"}],"curies":[{"name":"wp","href":"https:\/\/api.w.org\/{rel}","templated":true}]}}