{"id":70220,"date":"2009-03-20T15:50:59","date_gmt":"2009-03-20T15:50:59","guid":{"rendered":"http:\/\/diariodominicano.ddns.net\/?p=70220"},"modified":"2009-03-20T15:50:59","modified_gmt":"2009-03-20T15:50:59","slug":"la-capital-de-la-cultura-catalana-badalona-2010-felicita-santo-domingo-por-su-eleccion-como-capital-americana-de-la-cultura-del-ano-proximo","status":"publish","type":"post","link":"https:\/\/diariodominicano.com\/?p=70220","title":{"rendered":"La Capital de la Cultura Catalana Badalona 2010 felicita Santo Domingo por su elecci\u00f3n como Capital Americana de la Cultura del a\u00f1o pr\u00f3ximo"},"content":{"rendered":"<p><body><\/p>\n<p><img decoding=\"async\" src=\"http:\/\/localhost:8080\/img3\/turin.jpg\" \/>  <\/p>\n<p><span class=\"text1noticias\">Badalona (Espa\u00f1a), 20-03-2009<\/span><\/p>\n<\/p>\n<p><span class=\"text1noticias\">El alcalde de la ciudad de Badalona, Jordi Serra, que ser\u00e1 la Capital de la Cultura Catalana 2010, ha felicitado, a trav\u00e9s del Bureau Internacional de Capitales Culturales, a las autoridades dominicanas responsables de Santo Domingo 2010, por su elecci\u00f3n como referente cultural de las Am\u00e9ricas del a\u00f1o pr\u00f3ximo.<\/span><\/p>\n<\/p>\n<p><span class=\"text1noticias\">Desde la ciudad donde juega el club Joventud de Badalona, m\u00e1ximo exponente del baloncesto europeo, Jordi Serra, ha manifestado que ?cuando una ciudad es Capital Cultural se establecen lazos especiales con las otras urbes que en el mundo tambi\u00e9n desarrollan una capitalidad cultural. Indica que nuestras ciudades priorizan la cultura como un elemento de inclusi\u00f3n y de desarrollo social. Deseo mucha suerte a Santo Domingo como Capital Americana de la Cultura 2010?.<\/span><\/p>\n<\/p>\n<p><span class=\"text1noticias\">La Capital de la Cultura Catalana se dirige a todo el \u00e1mbito ling\u00fc\u00edstico catal\u00e1n, que incluye, totalmente o parcialmente, cuatro estados europeos (Espa\u00f1a, Francia, Andorra e Italia). En el espacio ling\u00fc\u00edstico catal\u00e1n viven cerca de 15 millones de personas.<\/span><\/p>\n<\/p>\n<p><span class=\"text1noticias\">Badalona es una poblaci\u00f3n catalana ubicada muy cerca de Barcelona, con una poblaci\u00f3n de m\u00e1s de doscientos mil habitantes. Sus or\u00edgenes se remontan a la \u00e9poca romana, alrededor del a\u00f1o 100 a. de C. La ciudad vive intensamente la cultura y cuida su rico patrimonio cultural, uno de sus mayores atractivos. <\/span><\/p>\n<\/p>\n<p><span class=\"text1noticias\">La Capital Americana de la Cultura, creada en 1998, tiene como objetivo promover la integraci\u00f3n interamericana desde el \u00e1mbito cultural, contribuir a un mejor conocimiento entre los pueblos del continente americano, respetando su diversidad nacional y regional, poniendo de relieve al mismo tiempo el patrimonio cultural com\u00fan. La Organizaci\u00f3n Capital Americana de la Cultura es miembro del Bureau Internacional de Capitales Culturales, promueve internacionalmente las ciudades capitales culturales y establece nuevos puentes de cooperaci\u00f3n con Europa, continente que tiene establecida la capital cultural desde 1985. Est\u00e1 acreditada ante la Organizaci\u00f3n de los Estados Americanos (OEA) y tiene el reconocimiento de los Parlamentos Latinoamericano y Europeo. Hasta la fecha, han sido designadas como Capital Americana de la Cultura las siguientes ciudades: M\u00e9rida (M\u00e9xico) 2000; Iquique (Chile) 2001; Macei\u00f3 (Brasil) 2002; Ciudad de Panam\u00e1 (Panam\u00e1) y Curitiba (Brasil) 2003; Santiago (Chile) 2004; Guadalajara (M\u00e9xico) 2005; C\u00f3rdoba (Argentina) 2006; Cusco (Per\u00fa) 2007; Brasilia (Brasil) 2008; Asunci\u00f3n (Paraguay) 2009, y Santo Domingo (Rep\u00fablica Dominicana) 2010.<\/span><\/p>\n<\/p>\n<p><span class=\"text1noticias\">El Bureau Internacional de Capitales Culturales (www.ibocc.org) es un organismo que agrupa a la Capital Americana de la Cultura (www.cac-acc.org), la Capital Brasile\u00f1a de la Cultura (www.capitalbrasileiradacultura.org), la US Capital of Culture (www.culturalcapital.us), y la Capital de la Cultura Catalana (www.ccc.cat), como iniciativas consolidadas, y otros proyectos de creaci\u00f3n de capitales culturales en preparaci\u00f3n, como la Capital de la Cultura Espa\u00f1ola (www.ccesp.org). Xavier Tudela es el Presidente de la Capital Americana de la Cultura y del Bureau Internacional de Capitales Culturales.<\/span><\/p>\n<h6> 2009-03-20 15:50:59 <\/h6>\n<p><!--\n<link rel=\"stylesheet\" href=\"css\/bootstrap.min.css\">\n\n\n<ul class=\"pagination\">\n\t    \n\t\n\n<li >\n\t<a href='?page_no=21897'>Previous<\/a>\n\t<\/li>\n\n\n       \n    \n\n<li><a href='?page_no=1'>1<\/a><\/li>\n\n\n\n<li><a href='?page_no=2'>2<\/a><\/li>\n\n\n\n<li><a>...<\/a><\/li>\n\n\n\n<li><a href='?page_no=21896'>21896<\/a><\/li>\n\n\n\n<li><a href='?page_no=21897'>21897<\/a><\/li>\n\n\n\n<li class='active'><a>21898<\/a><\/li>\n\n\n\n<li><a href='?page_no=21899'>21899<\/a><\/li>\n\n\n\n<li><a href='?page_no=21900'>21900<\/a><\/li>\n\n\n\n<li><a>...<\/a><\/li>\n\n\n\n<li><a href='?page_no=22911'>22911<\/a><\/li>\n\n\n\n<li><a href='?page_no=22912'>22912<\/a><\/li>\n\n    \n\t\n\n<li >\n\t<a href='?page_no=21899'>Next<\/a>\n\t<\/li>\n\n\n    \n\n<li><a href='?page_no=22912'>Last &rsaquo;&rsaquo;<\/a><\/li>\n\n<\/ul>\n\n\n--><br \/>\n<\/body><\/p>\n","protected":false},"excerpt":{"rendered":"<p>Badalona (Espa\u00f1a), 20-03-2009 El alcalde de la ciudad de Badalona, Jordi Serra, que ser\u00e1 la Capital de la Cultura Catalana 2010, ha felicitado, a trav\u00e9s del Bureau Internacional de Capitales Culturales, a las autoridades dominicanas responsables de Santo Domingo 2010, por su elecci\u00f3n como referente cultural de las Am\u00e9ricas del a\u00f1o pr\u00f3ximo. Desde la ciudad [&hellip;]<\/p>\n","protected":false},"author":3,"featured_media":0,"comment_status":"open","ping_status":"open","sticky":false,"template":"","format":"standard","meta":{"footnotes":""},"categories":[21],"tags":[],"class_list":["post-70220","post","type-post","status-publish","format-standard","hentry","category-cultura"],"_links":{"self":[{"href":"https:\/\/diariodominicano.com\/index.php?rest_route=\/wp\/v2\/posts\/70220","targetHints":{"allow":["GET"]}}],"collection":[{"href":"https:\/\/diariodominicano.com\/index.php?rest_route=\/wp\/v2\/posts"}],"about":[{"href":"https:\/\/diariodominicano.com\/index.php?rest_route=\/wp\/v2\/types\/post"}],"author":[{"embeddable":true,"href":"https:\/\/diariodominicano.com\/index.php?rest_route=\/wp\/v2\/users\/3"}],"replies":[{"embeddable":true,"href":"https:\/\/diariodominicano.com\/index.php?rest_route=%2Fwp%2Fv2%2Fcomments&post=70220"}],"version-history":[{"count":0,"href":"https:\/\/diariodominicano.com\/index.php?rest_route=\/wp\/v2\/posts\/70220\/revisions"}],"wp:attachment":[{"href":"https:\/\/diariodominicano.com\/index.php?rest_route=%2Fwp%2Fv2%2Fmedia&parent=70220"}],"wp:term":[{"taxonomy":"category","embeddable":true,"href":"https:\/\/diariodominicano.com\/index.php?rest_route=%2Fwp%2Fv2%2Fcategories&post=70220"},{"taxonomy":"post_tag","embeddable":true,"href":"https:\/\/diariodominicano.com\/index.php?rest_route=%2Fwp%2Fv2%2Ftags&post=70220"}],"curies":[{"name":"wp","href":"https:\/\/api.w.org\/{rel}","templated":true}]}}