{"id":70219,"date":"2009-03-20T15:54:19","date_gmt":"2009-03-20T15:54:19","guid":{"rendered":"http:\/\/diariodominicano.ddns.net\/?p=70219"},"modified":"2009-03-20T15:54:19","modified_gmt":"2009-03-20T15:54:19","slug":"jacinto-e-peynado-agasaja-cuerpo-diplomatico-acreditado-en-el-pais","status":"publish","type":"post","link":"https:\/\/diariodominicano.com\/?p=70219","title":{"rendered":"Jacinto E. Peynado agasaja cuerpo diplom\u00e1tico acreditado en el pa\u00eds"},"content":{"rendered":"<p><body><\/p>\n<p><img decoding=\"async\" src=\"http:\/\/localhost:8080\/img3\/caros.jpg\" \/>  <\/p>\n<p><span class=\"text1noticias\">Santo Domingo, Rep\u00fablica Dominicana.- Jacinto E. Peynado, realiz\u00f3 un coctel al que se dio cita el cuerpo diplom\u00e1tico acreditado en el pa\u00eds, as\u00ed como el canciller de Rep\u00fablica Dominicana, el Ingeniero Carlos Morales Troncoso, junto a clientes, relacionados y medios de comunicaci\u00f3n.<\/span><\/p>\n<p><span class=\"text1noticias\"> <\/span><\/p>\n<p><span class=\"text1noticias\">En sus palabras de bienvenida, Peynado, presidente del grupo automotriz que lleva su apellido, indic\u00f3 que el motivo del encuentro es estrechar lazos de amistad y cooperaci\u00f3n con las distintas embajadas acreditadas en el pa\u00eds, al tiempo de presentar a sus clientes los nuevos modelos 2009 de las marcas que representa.<\/span><\/p>\n<p><span class=\"text1noticias\"> <\/span><\/p>\n<p><span class=\"text1noticias\">El empresario indic\u00f3 que ha sido una tradici\u00f3n familiar, fomentar buenas relaciones diplom\u00e1ticas como forma de promover un clima de amistad que propicie actividades comerciales beneficiosas y viables para el pa\u00eds.<\/span><\/p>\n<p><span class=\"text1noticias\"> <\/span><\/p>\n<p><span class=\"text1noticias\">As\u00ed mismo, resalt\u00f3 el valor que representa la clientela para su empresa defini\u00e9ndola como el motor que mueve al Grupo Peynado hacia la excelencia, brindado un servicio de calidad superior cada d\u00eda.<\/span><\/p>\n<p><span class=\"text1noticias\"> <\/span><\/p>\n<p><span class=\"text1noticias\">De su lado el canciller Ingeniero Carlos Morales Troncoso, agradeci\u00f3 la invitaci\u00f3n hecha a su persona y consider\u00f3 el evento como una oportunidad ideal para cultivar mejores relaciones entre los pa\u00edses que confluyen en las Am\u00e9ricas.<\/span><\/p>\n<p><span class=\"text1noticias\"> <\/span><\/p>\n<p><span class=\"text1noticias\">Durante el evento se presentaron los nuevos modelos de las marcas Porsche, Ferrari, Maserati y Volvo, los cuales fueron ampliamente elogiados por los presentes reconociendo los atractivos dise\u00f1os vanguardistas que exhib\u00edan.<\/span><\/p>\n<h6> 2009-03-20 15:54:19 <\/h6>\n<p><!--\n<link rel=\"stylesheet\" href=\"css\/bootstrap.min.css\">\n\n\n<ul class=\"pagination\">\n\t    \n\t\n\n<li >\n\t<a href='?page_no=21896'>Previous<\/a>\n\t<\/li>\n\n\n       \n    \n\n<li><a href='?page_no=1'>1<\/a><\/li>\n\n\n\n<li><a href='?page_no=2'>2<\/a><\/li>\n\n\n\n<li><a>...<\/a><\/li>\n\n\n\n<li><a href='?page_no=21895'>21895<\/a><\/li>\n\n\n\n<li><a href='?page_no=21896'>21896<\/a><\/li>\n\n\n\n<li class='active'><a>21897<\/a><\/li>\n\n\n\n<li><a href='?page_no=21898'>21898<\/a><\/li>\n\n\n\n<li><a href='?page_no=21899'>21899<\/a><\/li>\n\n\n\n<li><a>...<\/a><\/li>\n\n\n\n<li><a href='?page_no=22911'>22911<\/a><\/li>\n\n\n\n<li><a href='?page_no=22912'>22912<\/a><\/li>\n\n    \n\t\n\n<li >\n\t<a href='?page_no=21898'>Next<\/a>\n\t<\/li>\n\n\n    \n\n<li><a href='?page_no=22912'>Last &rsaquo;&rsaquo;<\/a><\/li>\n\n<\/ul>\n\n\n--><br \/>\n<\/body><\/p>\n","protected":false},"excerpt":{"rendered":"<p>Santo Domingo, Rep\u00fablica Dominicana.- Jacinto E. Peynado, realiz\u00f3 un coctel al que se dio cita el cuerpo diplom\u00e1tico acreditado en el pa\u00eds, as\u00ed como el canciller de Rep\u00fablica Dominicana, el Ingeniero Carlos Morales Troncoso, junto a clientes, relacionados y medios de comunicaci\u00f3n. En sus palabras de bienvenida, Peynado, presidente del grupo automotriz que lleva su [&hellip;]<\/p>\n","protected":false},"author":3,"featured_media":0,"comment_status":"open","ping_status":"open","sticky":false,"template":"","format":"standard","meta":{"footnotes":""},"categories":[21],"tags":[],"class_list":["post-70219","post","type-post","status-publish","format-standard","hentry","category-cultura"],"_links":{"self":[{"href":"https:\/\/diariodominicano.com\/index.php?rest_route=\/wp\/v2\/posts\/70219","targetHints":{"allow":["GET"]}}],"collection":[{"href":"https:\/\/diariodominicano.com\/index.php?rest_route=\/wp\/v2\/posts"}],"about":[{"href":"https:\/\/diariodominicano.com\/index.php?rest_route=\/wp\/v2\/types\/post"}],"author":[{"embeddable":true,"href":"https:\/\/diariodominicano.com\/index.php?rest_route=\/wp\/v2\/users\/3"}],"replies":[{"embeddable":true,"href":"https:\/\/diariodominicano.com\/index.php?rest_route=%2Fwp%2Fv2%2Fcomments&post=70219"}],"version-history":[{"count":0,"href":"https:\/\/diariodominicano.com\/index.php?rest_route=\/wp\/v2\/posts\/70219\/revisions"}],"wp:attachment":[{"href":"https:\/\/diariodominicano.com\/index.php?rest_route=%2Fwp%2Fv2%2Fmedia&parent=70219"}],"wp:term":[{"taxonomy":"category","embeddable":true,"href":"https:\/\/diariodominicano.com\/index.php?rest_route=%2Fwp%2Fv2%2Fcategories&post=70219"},{"taxonomy":"post_tag","embeddable":true,"href":"https:\/\/diariodominicano.com\/index.php?rest_route=%2Fwp%2Fv2%2Ftags&post=70219"}],"curies":[{"name":"wp","href":"https:\/\/api.w.org\/{rel}","templated":true}]}}