{"id":70218,"date":"2009-03-20T16:12:01","date_gmt":"2009-03-20T16:12:01","guid":{"rendered":"http:\/\/diariodominicano.ddns.net\/?p=70218"},"modified":"2009-03-20T16:12:01","modified_gmt":"2009-03-20T16:12:01","slug":"camara-espanola-realiza-asamblea-anual-de-socio","status":"publish","type":"post","link":"https:\/\/diariodominicano.com\/?p=70218","title":{"rendered":"C\u00e1mara Espa\u00f1ola realiza asamblea anual de socio"},"content":{"rendered":"<p><body><\/p>\n<p><img decoding=\"async\" src=\"http:\/\/localhost:8080\/img3\/ultim.jpg\" \/>  <\/p>\n<p><span class=\"text1noticias\">La C\u00e1mara Oficial Espa\u00f1ola de Comercio e Industria de la Rep\u00fablica Dominicana celebr\u00f3 su asamblea general anual de socios, donde se destac\u00f3 que el inter\u00e9s de empresas espa\u00f1olas en instalarse en el pa\u00eds.<\/span><\/p>\n<p><span class=\"text1noticias\"> <\/span><\/p>\n<p><span class=\"text1noticias\">La actividad tuvo lugar en el sal\u00f3n Acuario del hotel Lina, con la participaci\u00f3n de directivos y miembros de esa organizaci\u00f3n, en la que result\u00f3 reelecto como presidente Manuel Garc\u00eda Ar\u00e9valo, para el per\u00edodo 2009-2011.<\/span><\/p>\n<p><span class=\"text1noticias\"> <\/span><\/p>\n<p><span class=\"text1noticias\">El programa de la asamblea incluy\u00f3 la lectura del acta de la \u00faltima asamblea general ordinaria, de la memoria resumen de las actividades desarrolladas por la c\u00e1mara, presentaci\u00f3n del informe de tesorer\u00eda y elecci\u00f3n de la junta de directores.<\/span><\/p>\n<p><span class=\"text1noticias\"> <\/span><\/p>\n<p><span class=\"text1noticias\">Adem\u00e1s de Garc\u00eda Ar\u00e9valo, la nueva junta directiva est\u00e1 integrada por Jos\u00e9 Antonio \u00c1lvarez Alonso, primer vicepresidente; Francisco de la Cruz, segundo vicepresidente; Fernando Casanova Llaca, tesorero; Angel Bali\u00f1o Gonz\u00e1lez, vice-tesorero y Alberto Salazar Ugarte, secretario.<\/span><\/p>\n<p><span class=\"text1noticias\"> <\/span><\/p>\n<p><span class=\"text1noticias\">Son directores Ignacio M\u00e9ndez Fern\u00e1ndez, Ana Adela V\u00e1zquez, Joaqu\u00edn De Ram\u00f3n Picazo, Nicol\u00e1s Benito Ortiz, Juan Antonio Garc\u00eda Carnicer, Bartolom\u00e9 Mas Adrover, Fernando Garc\u00eda Crespo, Humberto L\u00f3pez \u00c1lvarez, Miguel Saiz Alonso y Diego Prida Su\u00e1rez, director de la delegaci\u00f3n de Santiago.<\/span><\/p>\n<p><span class=\"text1noticias\"> <\/span><\/p>\n<p><span class=\"text1noticias\">Garc\u00eda Ar\u00e9valo indic\u00f3 que en la asamblea general ordinaria de la Federaci\u00f3n de C\u00e1maras Oficiales Espa\u00f1olas de Comercio en Am\u00e9rica (FECECA), celebrada el 19 de junio de 2008 en Madrid, Espa\u00f1a, fue electa la C\u00e1mara Oficial Espa\u00f1ola de Comercio e Industria de la Rep\u00fablica Dominicana como vicepresidenta de esta entidad.<\/span><\/p>\n<p><span class=\"text1noticias\"> <\/span><\/p>\n<p><span class=\"text1noticias\">Agreg\u00f3 que este evento fue celebrado en las instalaciones del Ministerio de Industria, Turismo y Comercio Espa\u00f1ol, y que durante una semana reuni\u00f3 a representantes de 38 c\u00e1maras oficiales.<\/span><\/p>\n<p><span class=\"text1noticias\"> <\/span><\/p>\n<p><span class=\"text1noticias\">Inform\u00f3 que la comisi\u00f3n directiva contemplar\u00e1 puntos estrat\u00e9gicos para la federaci\u00f3n, entre los que se encuentran destacar el respaldo a la inversi\u00f3n espa\u00f1ola en Am\u00e9rica.<\/span><\/p>\n<p><span class=\"text1noticias\"> <\/span><\/p>\n<p><span class=\"text1noticias\">Sostuvo que la C\u00e1mara Espa\u00f1ola en la Rep\u00fablica Dominicana tiene la responsabilidad de dar servicios a las empresas, fomentar el desarrollo econ\u00f3mico del pa\u00eds, la promoci\u00f3n, la representaci\u00f3n de la defensa de los intereses generales del comercio, la industria y la navegaci\u00f3n.<\/span><\/p>\n<p><span class=\"text1noticias\"> <\/span><\/p>\n<p><span class=\"text1noticias\">Manuel Garc\u00eda Ar\u00e9valo mencion\u00f3 que en el per\u00edodo reci\u00e9n finalizado, esta instituci\u00f3n realiz\u00f3 una serie de actividades, entre las que cit\u00f3 servicios empresariales y de promoci\u00f3n, misiones de inversionistas, degustaci\u00f3n de vinos y apoyo a la Federaci\u00f3n de C\u00e1maras Europeas de Comercio.<\/span><\/p>\n<p><span class=\"text1noticias\"> <\/span><\/p>\n<p><span class=\"text1noticias\">Asimismo, la celebraci\u00f3n de un amplio ciclo de charlas, conferencias, seminarios y videoconferencias, para todos sus asociados.<\/span><\/p>\n<h6> 2009-03-20 16:12:01 <\/h6>\n<p><!--\n<link rel=\"stylesheet\" href=\"css\/bootstrap.min.css\">\n\n\n<ul class=\"pagination\">\n\t    \n\t\n\n<li >\n\t<a href='?page_no=21895'>Previous<\/a>\n\t<\/li>\n\n\n       \n    \n\n<li><a href='?page_no=1'>1<\/a><\/li>\n\n\n\n<li><a href='?page_no=2'>2<\/a><\/li>\n\n\n\n<li><a>...<\/a><\/li>\n\n\n\n<li><a href='?page_no=21894'>21894<\/a><\/li>\n\n\n\n<li><a href='?page_no=21895'>21895<\/a><\/li>\n\n\n\n<li class='active'><a>21896<\/a><\/li>\n\n\n\n<li><a href='?page_no=21897'>21897<\/a><\/li>\n\n\n\n<li><a href='?page_no=21898'>21898<\/a><\/li>\n\n\n\n<li><a>...<\/a><\/li>\n\n\n\n<li><a href='?page_no=22911'>22911<\/a><\/li>\n\n\n\n<li><a href='?page_no=22912'>22912<\/a><\/li>\n\n    \n\t\n\n<li >\n\t<a href='?page_no=21897'>Next<\/a>\n\t<\/li>\n\n\n    \n\n<li><a href='?page_no=22912'>Last &rsaquo;&rsaquo;<\/a><\/li>\n\n<\/ul>\n\n\n--><br \/>\n<\/body><\/p>\n","protected":false},"excerpt":{"rendered":"<p>La C\u00e1mara Oficial Espa\u00f1ola de Comercio e Industria de la Rep\u00fablica Dominicana celebr\u00f3 su asamblea general anual de socios, donde se destac\u00f3 que el inter\u00e9s de empresas espa\u00f1olas en instalarse en el pa\u00eds. La actividad tuvo lugar en el sal\u00f3n Acuario del hotel Lina, con la participaci\u00f3n de directivos y miembros de esa organizaci\u00f3n, en [&hellip;]<\/p>\n","protected":false},"author":3,"featured_media":0,"comment_status":"open","ping_status":"open","sticky":false,"template":"","format":"standard","meta":{"footnotes":""},"categories":[21],"tags":[],"class_list":["post-70218","post","type-post","status-publish","format-standard","hentry","category-cultura"],"_links":{"self":[{"href":"https:\/\/diariodominicano.com\/index.php?rest_route=\/wp\/v2\/posts\/70218","targetHints":{"allow":["GET"]}}],"collection":[{"href":"https:\/\/diariodominicano.com\/index.php?rest_route=\/wp\/v2\/posts"}],"about":[{"href":"https:\/\/diariodominicano.com\/index.php?rest_route=\/wp\/v2\/types\/post"}],"author":[{"embeddable":true,"href":"https:\/\/diariodominicano.com\/index.php?rest_route=\/wp\/v2\/users\/3"}],"replies":[{"embeddable":true,"href":"https:\/\/diariodominicano.com\/index.php?rest_route=%2Fwp%2Fv2%2Fcomments&post=70218"}],"version-history":[{"count":0,"href":"https:\/\/diariodominicano.com\/index.php?rest_route=\/wp\/v2\/posts\/70218\/revisions"}],"wp:attachment":[{"href":"https:\/\/diariodominicano.com\/index.php?rest_route=%2Fwp%2Fv2%2Fmedia&parent=70218"}],"wp:term":[{"taxonomy":"category","embeddable":true,"href":"https:\/\/diariodominicano.com\/index.php?rest_route=%2Fwp%2Fv2%2Fcategories&post=70218"},{"taxonomy":"post_tag","embeddable":true,"href":"https:\/\/diariodominicano.com\/index.php?rest_route=%2Fwp%2Fv2%2Ftags&post=70218"}],"curies":[{"name":"wp","href":"https:\/\/api.w.org\/{rel}","templated":true}]}}