{"id":70215,"date":"2009-03-20T18:54:32","date_gmt":"2009-03-20T18:54:32","guid":{"rendered":"http:\/\/diariodominicano.ddns.net\/?p=70215"},"modified":"2009-03-20T18:54:32","modified_gmt":"2009-03-20T18:54:32","slug":"euclides-pide-al-pueblo-dominicano-preservar-la-figura-de-juan-bosch","status":"publish","type":"post","link":"https:\/\/diariodominicano.com\/?p=70215","title":{"rendered":"EUCLIDES PIDE AL PUEBLO DOMINICANO  PRESERVAR LA FIGURA DE JUAN BOSCH"},"content":{"rendered":"<p><body><\/p>\n<p><span class=\"text1noticias\">El doctor Euclides Guti\u00e9rrez F\u00e9lix pidi\u00f3 al pueblo dominicano que mantenga la figura de Juan Bosch como referencia para la posteridad, por sus valores de patriotismo y honestidad que guiaron todas las etapas de su larga vida a favor de los mejores intereses de la naci\u00f3n.<\/span><\/p>\n<\/p>\n<p><span class=\"text1noticias\">?El pueblo dominicano debe sentirse orgulloso de que una figura como Juan Bosch dej\u00f3 huellas imborrables que lo consagr\u00f3 en la historia  como el mas honesto de los pol\u00edticos dominicanos, con un valor c\u00edvico extraordinario y quien mantuvo una conducta coherente y un grado de conciencia digno de imitar?.<\/span><\/p>\n<\/p>\n<p><span class=\"text1noticias\">El historiador, abogado y dirigente pol\u00edtico hizo esas revelaciones durante la charla ?Juan Bosch Siempre? dentro de las actividades preinaugurar de la XII Feria Internacional del Libro Santo Domingo 2009, cuya entrega este a\u00f1o es en honor al profesor Juan Bosch, por la celebraci\u00f3n del Centenario de su natalicio, y tiene  como pa\u00eds invitado a Brasil.<\/span><\/p>\n<\/p>\n<p><span class=\"text1noticias\">Puso como ejemplo de que Bosch, durante su exilio pol\u00edtico en Cuba sirviera como asistente del presidente Prio Socarras y sin embargo cuando este dej\u00f3 el poder sali\u00f3  a pie del Palacio presidencial de ese pa\u00eds, lo que demuestra la honestidad de este intelectual.<\/span><\/p>\n<\/p>\n<p><span class=\"text1noticias\">Expuso que Bosch se gano la proceridad al igual que figuras como M\u00e1ximo G\u00f3mez, Marti, Bol\u00edvar, Churchill, Mao Tse Tung, Ho Chi Ming y otras relevantes personalidades del Continente.<\/span><\/p>\n<\/p>\n<p><span class=\"text1noticias\">?No hay en la historia nacional una figura que tuviera tanta trascendencia hist\u00f3rica y pol\u00edtica como la de Juan Bosch, \u00fanico l\u00edder  que fundara dos partidos que llegaron a gobernar la naci\u00f3n dominicana, como es el caso del PRD y el PLD,  acci\u00f3n que  consider\u00f3 \u00fanica en Am\u00e9rica y quiz\u00e1s del mundo.<\/span><\/p>\n<\/p>\n<p><span class=\"text1noticias\">En ese sentido, Guti\u00e9rrez F\u00e9lix neg\u00f3 que los fundadores del PRD fueran los que err\u00f3neamente designan, sino que la idea de la creaci\u00f3n de ese partido la hiciera Enrique Cotubanama Henr\u00edquez al profesor Juan Bosch cuando se autoexilio en Cuba rehuyendo una designaci\u00f3n que la har\u00eda Rafael Leonidas Trujillo como Diputado por la Vega.<\/span><\/p>\n<\/p>\n<p><span class=\"text1noticias\">Dijo que luego en Cuba el mismo Enrique Cotubanama Henr\u00edquez le reiter\u00f3 la idea a lo que Bosch accedi\u00f3, pero proponiendo que escogiera a Juan Isidro Jim\u00e9nez Grull\u00f3n, ya que Bosch con un gran desprendimiento consider\u00f3 que Jim\u00e9nez Grull\u00f3n ten\u00eda mejor categor\u00eda social que el para liderar un movimiento pol\u00edtico antitrujillista. Refiri\u00f3 que fue luego que se integraron al PRD  \u00c1ngel Miolan, Virgilio Mainardi Reyna y otros.<\/span><\/p>\n<\/p>\n<p><span class=\"text1noticias\">Guti\u00e9rrez F\u00e9lix narr\u00f3 varias an\u00e9cdotas vividas durante los 22 a\u00f1os que sirvi\u00f3 como asistente del Profesor Juan Bosch y enumer\u00f3 las obras literarias de quien fuera  presidente Advitam del PLD. Mencion\u00f3 que Bosch produjo 54 obras literarias de las cuales 30 son cl\u00e1sicos de los temas  que trat\u00f3. Expuso que Don Juan fue ganador de premios internacionales por sus obras literarias las cuales le han merecido reconocimiento universal a tal punto que muchas de ellas se han traducido  a varios idiomas y otras tantas son referencias de consultas de prestigiosas universidades de Am\u00e9rica Latina y los Estados Unidos.<\/span><\/p>\n<\/p>\n<p><span class=\"text1noticias\">Una de los acontecimientos revelados por Guti\u00e9rrez F\u00e9lix fue que el ex presidente Juan Bosch propuso a Joaqu\u00edn Balaguer que se uniera a la conspiraci\u00f3n contra el tirano Rafael Leonidas Trujillo, a lo que este con astucia se neg\u00f3.<\/span><\/p>\n<\/p>\n<p><span class=\"text1noticias\">El historiador dijo que la propuesta se la hizo en una visita que le hiciera Balaguer a Bosch cuando este resid\u00eda en Cuba a lo que Balaguer respondi\u00f3 que el ?prefer\u00eda esperar que cayera el mango maduro debajo de la mata?, a lo que Euclides consider\u00f3 una respuesta muy astuta de Balaguer que supo aprovechar la ca\u00edda del r\u00e9gimen para gobernar el pa\u00eds durante 12 a\u00f1os y posteriormente dos periodos mas.<\/span><\/p>\n<\/p>\n<p><span class=\"text1noticias\">Por sus obras consider\u00f3 a Juan Bosch como mago de la prosa castellana cuyo estilo conmovieron la conciencia literaria de Am\u00e9rica, que dejo sus huellas en Cuba, Chile, Costa Rica, Venezuela, M\u00e9xico y otros. ?Juan Bosch con hidalgu\u00eda, honestidad y coherencia modific\u00f3 el arte de hacer pol\u00edtica, cuyos discursos los hizo de una manera pedag\u00f3gica para llegar al pueblo llano?, dijo Guti\u00e9rrez F\u00e9lix.<\/span><\/p>\n<\/p>\n<p><span class=\"text1noticias\">La charla tuvo como escenario la Sala de la Cultura del Teatro Nacional que result\u00f3 insuficiente para la cantidad de p\u00fablico que se dio cita. La actividad estuvo encabezada por el Secretario de Cultura Jos\u00e9 Rafael Lantigua, quien ofreci\u00f3 las palabras de bienvenidas y de Alejandro Arvelo, Director del Comit\u00e9 Permanente de la Feria Nacional del Libro, quien tuvo a su cargo la presentaci\u00f3n del expositor.<\/span><\/p>\n<h6> 2009-03-20 18:54:32 <\/h6>\n<p><!--\n<link rel=\"stylesheet\" href=\"css\/bootstrap.min.css\">\n\n\n<ul class=\"pagination\">\n\t    \n\t\n\n<li >\n\t<a href='?page_no=21892'>Previous<\/a>\n\t<\/li>\n\n\n       \n    \n\n<li><a href='?page_no=1'>1<\/a><\/li>\n\n\n\n<li><a href='?page_no=2'>2<\/a><\/li>\n\n\n\n<li><a>...<\/a><\/li>\n\n\n\n<li><a href='?page_no=21891'>21891<\/a><\/li>\n\n\n\n<li><a href='?page_no=21892'>21892<\/a><\/li>\n\n\n\n<li class='active'><a>21893<\/a><\/li>\n\n\n\n<li><a href='?page_no=21894'>21894<\/a><\/li>\n\n\n\n<li><a href='?page_no=21895'>21895<\/a><\/li>\n\n\n\n<li><a>...<\/a><\/li>\n\n\n\n<li><a href='?page_no=22911'>22911<\/a><\/li>\n\n\n\n<li><a href='?page_no=22912'>22912<\/a><\/li>\n\n    \n\t\n\n<li >\n\t<a href='?page_no=21894'>Next<\/a>\n\t<\/li>\n\n\n    \n\n<li><a href='?page_no=22912'>Last &rsaquo;&rsaquo;<\/a><\/li>\n\n<\/ul>\n\n\n--><br \/>\n<\/body><\/p>\n","protected":false},"excerpt":{"rendered":"<p>El doctor Euclides Guti\u00e9rrez F\u00e9lix pidi\u00f3 al pueblo dominicano que mantenga la figura de Juan Bosch como referencia para la posteridad, por sus valores de patriotismo y honestidad que guiaron todas las etapas de su larga vida a favor de los mejores intereses de la naci\u00f3n. ?El pueblo dominicano debe sentirse orgulloso de que una [&hellip;]<\/p>\n","protected":false},"author":3,"featured_media":0,"comment_status":"open","ping_status":"open","sticky":false,"template":"","format":"standard","meta":{"footnotes":""},"categories":[21],"tags":[],"class_list":["post-70215","post","type-post","status-publish","format-standard","hentry","category-cultura"],"_links":{"self":[{"href":"https:\/\/diariodominicano.com\/index.php?rest_route=\/wp\/v2\/posts\/70215","targetHints":{"allow":["GET"]}}],"collection":[{"href":"https:\/\/diariodominicano.com\/index.php?rest_route=\/wp\/v2\/posts"}],"about":[{"href":"https:\/\/diariodominicano.com\/index.php?rest_route=\/wp\/v2\/types\/post"}],"author":[{"embeddable":true,"href":"https:\/\/diariodominicano.com\/index.php?rest_route=\/wp\/v2\/users\/3"}],"replies":[{"embeddable":true,"href":"https:\/\/diariodominicano.com\/index.php?rest_route=%2Fwp%2Fv2%2Fcomments&post=70215"}],"version-history":[{"count":0,"href":"https:\/\/diariodominicano.com\/index.php?rest_route=\/wp\/v2\/posts\/70215\/revisions"}],"wp:attachment":[{"href":"https:\/\/diariodominicano.com\/index.php?rest_route=%2Fwp%2Fv2%2Fmedia&parent=70215"}],"wp:term":[{"taxonomy":"category","embeddable":true,"href":"https:\/\/diariodominicano.com\/index.php?rest_route=%2Fwp%2Fv2%2Fcategories&post=70215"},{"taxonomy":"post_tag","embeddable":true,"href":"https:\/\/diariodominicano.com\/index.php?rest_route=%2Fwp%2Fv2%2Ftags&post=70215"}],"curies":[{"name":"wp","href":"https:\/\/api.w.org\/{rel}","templated":true}]}}