{"id":70213,"date":"2009-03-23T14:56:21","date_gmt":"2009-03-23T14:56:21","guid":{"rendered":"http:\/\/diariodominicano.ddns.net\/?p=70213"},"modified":"2009-03-23T14:56:21","modified_gmt":"2009-03-23T14:56:21","slug":"el-proteccionismo-llega-a-la-moda-britanica","status":"publish","type":"post","link":"https:\/\/diariodominicano.com\/?p=70213","title":{"rendered":"El proteccionismo llega a la moda brit\u00e1nica"},"content":{"rendered":"<p><body><\/p>\n<p><img decoding=\"async\" src=\"http:\/\/localhost:8080\/img3\/modam.jpg\" \/>  <\/p>\n<p><span class=\"text1noticias\">Los accesorios y la indumentaria con reminicencias patri\u00f3ticas hacen furor en el Reino Unido <\/span><\/p>\n<\/p>\n<p><span class=\"text1noticias\">REUTERS &#8211; Par\u00eds &#8211; 23\/03\/2009 <\/span><\/p>\n<p><span class=\"text1noticias\"> <\/span><\/p>\n<p><span class=\"text1noticias\">Puede llamarlo fashionalism. En el \u00faltimo desfile de Vivienne Westwood, la responsable de compras Amanda Ware apunt\u00f3 las nuevas tendencias de Londres: sombreros originales, pa\u00f1uelos vanguardistas y&#8230; accesorios hechos en el Reino Unido con reminicencias de la bandera brit\u00e1nica, la llamada Union Jack. Numerosos clientes de la moda que visitaron las presentaciones parisinas de este mes han comentado la novedad de los productos nacionales, especialmente en Londres, una ciudad que antes de la crisis econ\u00f3mica se enorgullec\u00eda de ser la capital del estilo multicultural.<\/span><\/p>\n<\/p>\n<p><span class=\"text1noticias\">Los neoyorquinos fashion consideran que exhibir s\u00edmbolos nacionales en la vestimenta es una costumbre muy conservadora<\/span><\/p>\n<\/p>\n<p><span class=\"text1noticias\">Durante a\u00f1os los accesorios franceses e italianos fueron m\u00e1s populares que los brit\u00e1nicos, pero eso ha cambiado, seg\u00fan un especialista de la tienda londinense Fortnum &amp; Mason. En el presente, los complementos responden a los colores y motivos t\u00edpicamente anglosajones, como el dise\u00f1o del \u00faltimo pa\u00f1uelo de Paul Smith. En Fortnum &amp; Mason esperan que la venta de esta moda &#8216;proteccionista&#8217; funcione pese al acusado impacto de la crisis en el sector.<\/span><\/p>\n<\/p>\n<p><span class=\"text1noticias\">\u00abVivienne Westwood ha planteado dise\u00f1os escoceses, mientras que Paul Smith apuesta con fuerza por la Union Jack. Estos productos han volado de los escaparates en los \u00faltimos dos o tres meses\u00bb, informa el experto de la tienda londinense. Una explicaci\u00f3n para esta tendencia es que representa la lectura que los ejecutivos de la moda han hecho de las manifestaciones de los trabajadores brit\u00e1nicos contra el empleo de los inmigrantes y las quiebras de las entidades financieras emblem\u00e1ticas de la city.<\/span><\/p>\n<\/p>\n<p><span class=\"text1noticias\">Todo lleva a la recuperaci\u00f3n del sentimiento nacionalista (el Banco Mundial ha constatado este mes que 17 miembros del G-20 han implementado medidas para restringir el comercio a expensas de terceros pa\u00edses).<\/span><\/p>\n<\/p>\n<p><span class=\"text1noticias\">Obama vende en EE UU<\/span><\/p>\n<p><span class=\"text1noticias\">La fiebre del shopping patri\u00f3tico ha penetrado, sobre todo, en la clase media. \u00abHay una tendencia generalizada a consumir lo que se produce en el propio pa\u00eds. El proteccionismo est\u00e1 creciendo globalmente y eso est\u00e1 llegando a la moda\u00bb, opina Geoffrey de La Bourdonnaye, ejecutivo jefe de Liberty of London. En Francia, sin embargo, los dise\u00f1adores y responsables de compras consideran que no hay particular inter\u00e9s en una moda nacionalista. En Estados Unidos, donde la consigna Buy american origin\u00f3 un gran debate internacional el mes pasado, son populares las prendas y accesorios con impresiones del rostro de Barack Obama. Pero los neoyorquinos fashion consideran que exhibir los s\u00edmbolos nacionales en la vestimenta es una costumbre muy conservadora.<\/span><\/p>\n<\/p>\n<p><span class=\"text1noticias\">\u00abPor varias razones, siempre ha existido una tendencia brit\u00e1nica a consumir productos de la industria local: es m\u00e1s ecol\u00f3gico, supone un orgullo nacional y ahora, tambi\u00e9n, una forma de ahorrar\u00bb, explica de La Bourdonnaye en referencia a la debilidad de la libra esterlina. Por mucho que parezca lo contrario, la fashionalism no es un invento nuevo: en el pasado, el uso de la moda para prop\u00f3sitos nacionalistas fue promovido por el dictador italiano Benito Mussolini. En la India, el pacifista Mahatma Gandhi propici\u00f3 el algod\u00f3n nacional como forma de rechazar el r\u00e9gimen colonial brit\u00e1nico.<\/span><\/p>\n<\/p>\n<p><span class=\"text1noticias\">Jason Broderick, jefe de compras masculinas del famoso almac\u00e9n Harrod&#8217;s, considera que la tendencia responde a la preocupaci\u00f3n de la sociedad por favorecer a los trabajadores brit\u00e1nicos. Sin embargo, este punto de vista deja de lado la creciente dificultad en establecer cu\u00e1n anglosaj\u00f3n es un producto: las marcas m\u00e1s importantes se nutren de la producci\u00f3n barata de las f\u00e1bricas indias y chinas. Para una industria que funciona a partir del entramado de materiales de diferentes culturas, el impulsar un estilo de vestir fundado en evocaciones nacionalistas parece un evidente desacierto.<\/span><\/p>\n<h6> 2009-03-23 14:56:21 <\/h6>\n<p><!--\n<link rel=\"stylesheet\" href=\"css\/bootstrap.min.css\">\n\n\n<ul class=\"pagination\">\n\t    \n\t\n\n<li >\n\t<a href='?page_no=21890'>Previous<\/a>\n\t<\/li>\n\n\n       \n    \n\n<li><a href='?page_no=1'>1<\/a><\/li>\n\n\n\n<li><a href='?page_no=2'>2<\/a><\/li>\n\n\n\n<li><a>...<\/a><\/li>\n\n\n\n<li><a href='?page_no=21889'>21889<\/a><\/li>\n\n\n\n<li><a href='?page_no=21890'>21890<\/a><\/li>\n\n\n\n<li class='active'><a>21891<\/a><\/li>\n\n\n\n<li><a href='?page_no=21892'>21892<\/a><\/li>\n\n\n\n<li><a href='?page_no=21893'>21893<\/a><\/li>\n\n\n\n<li><a>...<\/a><\/li>\n\n\n\n<li><a href='?page_no=22911'>22911<\/a><\/li>\n\n\n\n<li><a href='?page_no=22912'>22912<\/a><\/li>\n\n    \n\t\n\n<li >\n\t<a href='?page_no=21892'>Next<\/a>\n\t<\/li>\n\n\n    \n\n<li><a href='?page_no=22912'>Last &rsaquo;&rsaquo;<\/a><\/li>\n\n<\/ul>\n\n\n--><br \/>\n<\/body><\/p>\n","protected":false},"excerpt":{"rendered":"<p>Los accesorios y la indumentaria con reminicencias patri\u00f3ticas hacen furor en el Reino Unido REUTERS &#8211; Par\u00eds &#8211; 23\/03\/2009 Puede llamarlo fashionalism. En el \u00faltimo desfile de Vivienne Westwood, la responsable de compras Amanda Ware apunt\u00f3 las nuevas tendencias de Londres: sombreros originales, pa\u00f1uelos vanguardistas y&#8230; accesorios hechos en el Reino Unido con reminicencias de [&hellip;]<\/p>\n","protected":false},"author":3,"featured_media":0,"comment_status":"open","ping_status":"open","sticky":false,"template":"","format":"standard","meta":{"footnotes":""},"categories":[21],"tags":[],"class_list":["post-70213","post","type-post","status-publish","format-standard","hentry","category-cultura"],"_links":{"self":[{"href":"https:\/\/diariodominicano.com\/index.php?rest_route=\/wp\/v2\/posts\/70213","targetHints":{"allow":["GET"]}}],"collection":[{"href":"https:\/\/diariodominicano.com\/index.php?rest_route=\/wp\/v2\/posts"}],"about":[{"href":"https:\/\/diariodominicano.com\/index.php?rest_route=\/wp\/v2\/types\/post"}],"author":[{"embeddable":true,"href":"https:\/\/diariodominicano.com\/index.php?rest_route=\/wp\/v2\/users\/3"}],"replies":[{"embeddable":true,"href":"https:\/\/diariodominicano.com\/index.php?rest_route=%2Fwp%2Fv2%2Fcomments&post=70213"}],"version-history":[{"count":0,"href":"https:\/\/diariodominicano.com\/index.php?rest_route=\/wp\/v2\/posts\/70213\/revisions"}],"wp:attachment":[{"href":"https:\/\/diariodominicano.com\/index.php?rest_route=%2Fwp%2Fv2%2Fmedia&parent=70213"}],"wp:term":[{"taxonomy":"category","embeddable":true,"href":"https:\/\/diariodominicano.com\/index.php?rest_route=%2Fwp%2Fv2%2Fcategories&post=70213"},{"taxonomy":"post_tag","embeddable":true,"href":"https:\/\/diariodominicano.com\/index.php?rest_route=%2Fwp%2Fv2%2Ftags&post=70213"}],"curies":[{"name":"wp","href":"https:\/\/api.w.org\/{rel}","templated":true}]}}