{"id":70212,"date":"2009-03-23T15:15:14","date_gmt":"2009-03-23T15:15:14","guid":{"rendered":"http:\/\/diariodominicano.ddns.net\/?p=70212"},"modified":"2009-03-23T15:15:14","modified_gmt":"2009-03-23T15:15:14","slug":"jazz-en-dominicana-cierra-marzo-con-un-blues-jam","status":"publish","type":"post","link":"https:\/\/diariodominicano.com\/?p=70212","title":{"rendered":"Jazz en Dominicana cierra Marzo con un Blues Jam"},"content":{"rendered":"<p><body><\/p>\n<p><img decoding=\"async\" src=\"http:\/\/localhost:8080\/img3\/jazen.jpg\" \/>  <\/p>\n<p><span class=\"text1noticias\">El \u00faltimo mi\u00e9rcoles de cada mes Jazz en Dominicana en Casa de Teatro lo dedica a los Jammeos. Es una fecha que tanto los m\u00fasicos como el p\u00fablico espera, pues en estas descargas se d\u00e1 la magia del Jazz?Se da en su m\u00e1xima expresi\u00f3n en los jammeos&#8230;.y este venidero mi\u00e9rcoles 25 ser\u00e1 muy especial y memorable, ya que nunca se ha hecho un jammeo de BLUES. <\/span><\/p>\n<p><span class=\"text1noticias\">  <\/span><\/p>\n<p><span class=\"text1noticias\">El cuarteto base ser\u00e1: Alfredo Balcacer (guitarra), Rocky Raful (guitarra y voz), Otoniel Nicol\u00e1s (bater\u00eda) y Virgilio Feliz Jr. (bajo). Una noche cargada de Blues, de blues rock, de blues jazz y m\u00e1s!!! Guitarristas, bajistas, bateristas, pianistas, vocalistas, flautistas, saxofonistas, y m\u00e1s estar\u00e1n subiendo y bajando dela tarima con lo mejor del blues, desde Robert Johnson a Muddy Waters a Hendrix y Clapton&#8230;de no perderse? ser\u00e1 una noche de alt\u00edsimo octanaje. <\/span><\/p>\n<p><span class=\"text1noticias\">  <\/span><\/p>\n<p><span class=\"text1noticias\">El grupo Los Masters, Kike Saavedra, Tabar\u00e9 Blanchard, Iv\u00e1n Castro, Oscar Micheli, la vocalista Jisselle Mota y muchos m\u00e1s ya han confirmado el estar con el cuarteto arriba mencionado. <\/span><\/p>\n<p><span class=\"text1noticias\">  <\/span><\/p>\n<p><span class=\"text1noticias\">Actividad:  <\/span><\/p>\n<p><span class=\"text1noticias\">Tema:             Jazz del Patio Jam Session ? Blues Jam <\/span><\/p>\n<p><span class=\"text1noticias\">Invitan:            Jazz en Dominicana en Casa de Teatro <\/span><\/p>\n<p><span class=\"text1noticias\">Fecha:              Mi\u00e9rcoles 25 de Marzo del 2009 <\/span><\/p>\n<p><span class=\"text1noticias\">Lugar:              Casa de Teatro <\/span><\/p>\n<p><span class=\"text1noticias\">Hora:               9:00p.m. <\/span><\/p>\n<p><span class=\"text1noticias\">Precio:             $ 200.00 <\/span><\/p>\n<p><span class=\"text1noticias\">  <\/span><\/p>\n<p><span class=\"text1noticias\">Esperamos su asistencia a estos eventos, as\u00ed como su colaboraci\u00f3n con la difusi\u00f3n de esta informaci\u00f3n y su apoyo para continuar este proyecto que desde hace 74 semanas hemos estado realizando con el objetivo de lograr que el g\u00e9nero del Jazz pueda ser disfrutado y conocido por muchos Dominicanos que de otra forma no tendr\u00edan este privilegio., y a la vez ser disfrutado y sentir el apoyo nuestro de parte de los m\u00fasicos, esos tremendos talentos que tiene nuestro jazz del patio. <\/span><\/p>\n<p><span class=\"text1noticias\">  <\/span><\/p>\n<p><span class=\"text1noticias\">Y el jueves 26 de marzo, la Santo Domingo Jazz Big Band estar\u00e1 en el Teatro La Fiesta del Hotel Jaraguaen un concierto a recordar, acompa\u00f1ados de su invitado Eumir Deodato. M\u00e1s informaciones en el Blog: http:\/\/jazzendominicana.blogspot.com\/. Si, este jueves 26 de Marzo ocurrir\u00e1 de nuevo el ?crossover? que ha venido realizando Iv\u00e1n Fern\u00e1ndez como productor de eventos esta realizando con m\u00fasico con nombre y apellido que no tienen que traer sus m\u00fasicos ya que en el pa\u00eds contamos con excelentes m\u00fasicos que ya lo han catalogado como son Arturo Sandoval &amp; N\u00e9stor Torres.<\/span><\/p>\n<\/p>\n<p><span class=\"text1noticias\">En esta oportunidad la Santo Domingo Jazz Big Band tiene de invitado al famoso pianista, compositor, arreglista y director el brasile\u00f1o EUMIR DEODATO. Compositor del tema de la pel\u00edcula \u00ab2001 odisea del espacio\u00bb que le mereci\u00f3 el premio de la academia de pel\u00edcula por su arreglo y adaptaci\u00f3n al tema de Strauss. Deodato viene al pa\u00eds con un repertorio de m\u00fasica conocida en el pa\u00eds como son Super Strut, Rhapsody in blue, Whistle Bump, Skycraper.Whirlwinds, Carly &amp; Carole, Peter Gum, Do it Again, Baubles, Bangles &amp; Beads as\u00ed como 2001 entre otros, para lo cual la SDJBB esta preparada a interpretar su repertorio. El concierto contar\u00e1 la primera parte con m\u00fasica de la Big Band luego invitaran al Sr. Deodato para la segunda parte de este banquete musical.<\/span><\/p>\n<p><span class=\"text1noticias\"> <\/span><\/p>\n<p><span class=\"text1noticias\">Deodato acaba de tener la semana pasada la exitosa presentaci\u00f3n de tres d\u00edas con la sinf\u00f3nica de Paris en el afamado Teatro Versalles. <\/span><\/p>\n<p><span class=\"text1noticias\"> <\/span><\/p>\n<p><span class=\"text1noticias\">Reina mucho entusiasmo con los jazzista del pa\u00eds para esta \u00fanica presentaci\u00f3n en el pa\u00eds y ya la venta esta en el Club de Lectores del List\u00edn Diario, Ticket Express y en la boleter\u00eda  del Teatro La Fiesta del hotel Jaragua. Deodato viene al pa\u00eds lunes y tendr\u00e1 encuentro con la prensa. El show esta pautado para la 9 de la noche y durar\u00e1 aproximadamente dos horas.<\/span><\/p>\n<h6> 2009-03-23 15:15:14 <\/h6>\n<p><!--\n<link rel=\"stylesheet\" href=\"css\/bootstrap.min.css\">\n\n\n<ul class=\"pagination\">\n\t    \n\t\n\n<li >\n\t<a href='?page_no=21889'>Previous<\/a>\n\t<\/li>\n\n\n       \n    \n\n<li><a href='?page_no=1'>1<\/a><\/li>\n\n\n\n<li><a href='?page_no=2'>2<\/a><\/li>\n\n\n\n<li><a>...<\/a><\/li>\n\n\n\n<li><a href='?page_no=21888'>21888<\/a><\/li>\n\n\n\n<li><a href='?page_no=21889'>21889<\/a><\/li>\n\n\n\n<li class='active'><a>21890<\/a><\/li>\n\n\n\n<li><a href='?page_no=21891'>21891<\/a><\/li>\n\n\n\n<li><a href='?page_no=21892'>21892<\/a><\/li>\n\n\n\n<li><a>...<\/a><\/li>\n\n\n\n<li><a href='?page_no=22911'>22911<\/a><\/li>\n\n\n\n<li><a href='?page_no=22912'>22912<\/a><\/li>\n\n    \n\t\n\n<li >\n\t<a href='?page_no=21891'>Next<\/a>\n\t<\/li>\n\n\n    \n\n<li><a href='?page_no=22912'>Last &rsaquo;&rsaquo;<\/a><\/li>\n\n<\/ul>\n\n\n--><br \/>\n<\/body><\/p>\n","protected":false},"excerpt":{"rendered":"<p>El \u00faltimo mi\u00e9rcoles de cada mes Jazz en Dominicana en Casa de Teatro lo dedica a los Jammeos. Es una fecha que tanto los m\u00fasicos como el p\u00fablico espera, pues en estas descargas se d\u00e1 la magia del Jazz?Se da en su m\u00e1xima expresi\u00f3n en los jammeos&#8230;.y este venidero mi\u00e9rcoles 25 ser\u00e1 muy especial y [&hellip;]<\/p>\n","protected":false},"author":3,"featured_media":0,"comment_status":"open","ping_status":"open","sticky":false,"template":"","format":"standard","meta":{"footnotes":""},"categories":[21],"tags":[],"class_list":["post-70212","post","type-post","status-publish","format-standard","hentry","category-cultura"],"_links":{"self":[{"href":"https:\/\/diariodominicano.com\/index.php?rest_route=\/wp\/v2\/posts\/70212","targetHints":{"allow":["GET"]}}],"collection":[{"href":"https:\/\/diariodominicano.com\/index.php?rest_route=\/wp\/v2\/posts"}],"about":[{"href":"https:\/\/diariodominicano.com\/index.php?rest_route=\/wp\/v2\/types\/post"}],"author":[{"embeddable":true,"href":"https:\/\/diariodominicano.com\/index.php?rest_route=\/wp\/v2\/users\/3"}],"replies":[{"embeddable":true,"href":"https:\/\/diariodominicano.com\/index.php?rest_route=%2Fwp%2Fv2%2Fcomments&post=70212"}],"version-history":[{"count":0,"href":"https:\/\/diariodominicano.com\/index.php?rest_route=\/wp\/v2\/posts\/70212\/revisions"}],"wp:attachment":[{"href":"https:\/\/diariodominicano.com\/index.php?rest_route=%2Fwp%2Fv2%2Fmedia&parent=70212"}],"wp:term":[{"taxonomy":"category","embeddable":true,"href":"https:\/\/diariodominicano.com\/index.php?rest_route=%2Fwp%2Fv2%2Fcategories&post=70212"},{"taxonomy":"post_tag","embeddable":true,"href":"https:\/\/diariodominicano.com\/index.php?rest_route=%2Fwp%2Fv2%2Ftags&post=70212"}],"curies":[{"name":"wp","href":"https:\/\/api.w.org\/{rel}","templated":true}]}}