{"id":70211,"date":"2009-03-23T18:28:04","date_gmt":"2009-03-23T18:28:04","guid":{"rendered":"http:\/\/diariodominicano.ddns.net\/?p=70211"},"modified":"2009-03-23T18:28:04","modified_gmt":"2009-03-23T18:28:04","slug":"realizan-conferencia-de-vida-y-obra-de-juan-bosch-en-barahona","status":"publish","type":"post","link":"https:\/\/diariodominicano.com\/?p=70211","title":{"rendered":"REALIZAN CONFERENCIA DE \u00abVIDA Y OBRA DE JUAN BOSCH\u00bb, EN BARAHONA."},"content":{"rendered":"<p><body><\/p>\n<p><span class=\"text1noticias\">BARAHONA.-  ?Vida  y Obra   de  Juan  Bosch?, fue el  titulo  de la  conferencia  dictada  en  esta  ciudad,  por  el  ingeniero Rub\u00e9n Bichara, director ejecutivo del Centro de Desarrollo y Competitividad Industrial (PROINDUSTRIA), y miembro del Comit\u00e9 Central del Partido de la Liberaci\u00f3n Dominicana (PLD),  dentro  de las  actividades  que  se  realizan  en  todo  el  pa\u00eds, para  conmemorar el  centenario del natalicio del  profesor  Juan Bosch. <\/span><\/p>\n<p><span class=\"text1noticias\"> <\/span><\/p>\n<p><span class=\"text1noticias\">La actividad, coordinada por el Comit\u00e9 Provincial del Partido  de la Liberaci\u00f3n Dominicana, que preside el gobernador Eddy Mateo V\u00e1squez,  se llev\u00f3 a  cabo   en el  hotel  Costa  Larimar,  con la  asistencia  de cientos  de personas,  entre las  que  se  encontraban funcionarios,  dirigentes  pol\u00edticos, empresarios, miembros  de la  sociedad  civil, entre otros<\/span><\/p>\n<p><span class=\"text1noticias\"> <\/span><\/p>\n<p><span class=\"text1noticias\">En la  disertaci\u00f3n,  Bichara,  hizo una  cronolog\u00eda de los  acontecimientos  mas  importante    en la  vida   del Don  Juan,  se\u00f1alando que desde  muy peque\u00f1o  desarrollo el  h\u00e1bito  a  la  lectura y la escritura, fund\u00f3 de los  Partidos   Revolucionario Dominicano y el de la  Liberaci\u00f3n Dominicana, este ultimo en el a\u00f1o 1973, por lo que  es considerado  el escritor  y pol\u00edtico mas grande  del pa\u00eds  y Am\u00e9rica Latina.<\/span><\/p>\n<p><span class=\"text1noticias\"> <\/span><\/p>\n<p><span class=\"text1noticias\">Se\u00f1al\u00f3,  que  siempre  luch\u00f3  por  las  cosas  en las  que  cre\u00eda y sembr\u00f3  para  todos sus  ense\u00f1anzas pol\u00edticas, su filosof\u00eda de ense\u00f1ar  a los dem\u00e1s,  sin importar  la  clase pol\u00edtica, por lo que dijo la mejor manera de honrarlo  es seguir sus ejemplos.<\/span><\/p>\n<p><span class=\"text1noticias\"> <\/span><\/p>\n<p><span class=\"text1noticias\">?Fue precisamente aqu\u00ed  en  Barahona,  donde circulaba  el peri\u00f3dico Brisas  del  Bir\u00e1n,  donde  a sus 15  a\u00f1os  de  edad,   Juan Bosch public\u00f3  sus  primeras  poes\u00edas?, precis\u00f3.<\/span><\/p>\n<p><span class=\"text1noticias\"> <\/span><\/p>\n<p><span class=\"text1noticias\">En  la  conferencia  se  mostr\u00f3   un  video, con el  discurso  de  toma  de   posesi\u00f3n  como  presidente<\/span><\/p>\n<p><span class=\"text1noticias\">de la  Rep\u00fablica  Dominicana en 1963, derrocado  siete   meses despu\u00e9s, cambiando este \u00faltimo acontecimiento, el rumbo de la  historia  de la  Rep\u00fablica Dominicana.<\/span><\/p>\n<p><span class=\"text1noticias\"> <\/span><\/p>\n<p><span class=\"text1noticias\">Al pronunciar las  palabras de  bienvenida   del acto, licenciado Eddy Mateo V\u00e1squez, destac\u00f3 las  cualidades  como humanista, escritor y pol\u00edtico del profesor  Juan Bosch, se\u00f1alando que solo por su conducta y  acciones, se diferencian  los seres  humanos.<\/span><\/p>\n<p><span class=\"text1noticias\"> <\/span><\/p>\n<p><span class=\"text1noticias\">Entre las personalidades  presentes  se  encontraban la diputada Ruddy Mar\u00eda M\u00e9ndez; el director del Centro Universitario Regional del Suroeste, Isa\u00edas Zorrillas; los se\u00f1ores P\u00e1nfilo Matos y Luis  Reyes, el doctor Gilberto Suero,  Ismael Batista,  Gerineldo Urb\u00e1ez, estos dos  \u00faltimos, miembros  del comit\u00e9  central del PLD, entre otros <\/span><\/p>\n<h6> 2009-03-23 18:28:04 <\/h6>\n<p><!--\n<link rel=\"stylesheet\" href=\"css\/bootstrap.min.css\">\n\n\n<ul class=\"pagination\">\n\t    \n\t\n\n<li >\n\t<a href='?page_no=21888'>Previous<\/a>\n\t<\/li>\n\n\n       \n    \n\n<li><a href='?page_no=1'>1<\/a><\/li>\n\n\n\n<li><a href='?page_no=2'>2<\/a><\/li>\n\n\n\n<li><a>...<\/a><\/li>\n\n\n\n<li><a href='?page_no=21887'>21887<\/a><\/li>\n\n\n\n<li><a href='?page_no=21888'>21888<\/a><\/li>\n\n\n\n<li class='active'><a>21889<\/a><\/li>\n\n\n\n<li><a href='?page_no=21890'>21890<\/a><\/li>\n\n\n\n<li><a href='?page_no=21891'>21891<\/a><\/li>\n\n\n\n<li><a>...<\/a><\/li>\n\n\n\n<li><a href='?page_no=22911'>22911<\/a><\/li>\n\n\n\n<li><a href='?page_no=22912'>22912<\/a><\/li>\n\n    \n\t\n\n<li >\n\t<a href='?page_no=21890'>Next<\/a>\n\t<\/li>\n\n\n    \n\n<li><a href='?page_no=22912'>Last &rsaquo;&rsaquo;<\/a><\/li>\n\n<\/ul>\n\n\n--><br \/>\n<\/body><\/p>\n","protected":false},"excerpt":{"rendered":"<p>BARAHONA.- ?Vida y Obra de Juan Bosch?, fue el titulo de la conferencia dictada en esta ciudad, por el ingeniero Rub\u00e9n Bichara, director ejecutivo del Centro de Desarrollo y Competitividad Industrial (PROINDUSTRIA), y miembro del Comit\u00e9 Central del Partido de la Liberaci\u00f3n Dominicana (PLD), dentro de las actividades que se realizan en todo el pa\u00eds, [&hellip;]<\/p>\n","protected":false},"author":3,"featured_media":0,"comment_status":"open","ping_status":"open","sticky":false,"template":"","format":"standard","meta":{"footnotes":""},"categories":[21],"tags":[],"class_list":["post-70211","post","type-post","status-publish","format-standard","hentry","category-cultura"],"_links":{"self":[{"href":"https:\/\/diariodominicano.com\/index.php?rest_route=\/wp\/v2\/posts\/70211","targetHints":{"allow":["GET"]}}],"collection":[{"href":"https:\/\/diariodominicano.com\/index.php?rest_route=\/wp\/v2\/posts"}],"about":[{"href":"https:\/\/diariodominicano.com\/index.php?rest_route=\/wp\/v2\/types\/post"}],"author":[{"embeddable":true,"href":"https:\/\/diariodominicano.com\/index.php?rest_route=\/wp\/v2\/users\/3"}],"replies":[{"embeddable":true,"href":"https:\/\/diariodominicano.com\/index.php?rest_route=%2Fwp%2Fv2%2Fcomments&post=70211"}],"version-history":[{"count":0,"href":"https:\/\/diariodominicano.com\/index.php?rest_route=\/wp\/v2\/posts\/70211\/revisions"}],"wp:attachment":[{"href":"https:\/\/diariodominicano.com\/index.php?rest_route=%2Fwp%2Fv2%2Fmedia&parent=70211"}],"wp:term":[{"taxonomy":"category","embeddable":true,"href":"https:\/\/diariodominicano.com\/index.php?rest_route=%2Fwp%2Fv2%2Fcategories&post=70211"},{"taxonomy":"post_tag","embeddable":true,"href":"https:\/\/diariodominicano.com\/index.php?rest_route=%2Fwp%2Fv2%2Ftags&post=70211"}],"curies":[{"name":"wp","href":"https:\/\/api.w.org\/{rel}","templated":true}]}}