{"id":70210,"date":"2009-03-25T13:54:03","date_gmt":"2009-03-25T13:54:03","guid":{"rendered":"http:\/\/diariodominicano.ddns.net\/?p=70210"},"modified":"2009-03-25T13:54:03","modified_gmt":"2009-03-25T13:54:03","slug":"secretaria-de-estado-de-cultura-presento-la-oficina-de-equidad-de-genero-y-desarrollo-en-acto-conmemorativo-al-dia-internacional-de-la-mujer","status":"publish","type":"post","link":"https:\/\/diariodominicano.com\/?p=70210","title":{"rendered":"Secretar\u00eda  de  Estado  de  Cultura  present\u00f3  la Oficina  de  Equidad  de  G\u00e9nero y  Desarrollo  en  acto  conmemorativo  al  D\u00eda  Internacional  de  la  Mujer"},"content":{"rendered":"<p><body><\/p>\n<p><img decoding=\"async\" src=\"http:\/\/localhost:8080\/img3\/balet.jpg\" \/>  <\/p>\n<p><span class=\"text1noticias\">La  Secretar\u00eda  de  Estado  de  Cultura present\u00f3 de  manera oficial   la  Oficina de  Equidad  de  G\u00e9nero  y  Desarrollo  de  esta  instituci\u00f3n, actividad  que  se  enmarca  dentro  de  los  actos conmemorativos  al  D\u00eda  Internacional  de  la  Mujer.<\/span><\/p>\n<\/p>\n<p><span class=\"text1noticias\">El  acto inici\u00f3  con  las  palabras  de  la  licenciada  Bernarda Jorge, subsecretaria de Creatividad y Participaci\u00f3n Popular  de  la  SEC, quien adem\u00e1s presidir\u00e1  esta nueva  oficina, manifest\u00f3  que  la  misma  fue creada  con  el  prop\u00f3sito  de  incorporar  en  las  pol\u00edticas,  planes,  acciones, programas  y  proyectos de  la  instituci\u00f3n,  el  enfoque  de  perspectiva  de  g\u00e9nero  a  nivel  nacional  para  la  integraci\u00f3n  de  la  mujer  en  el  desarrollo, en  el  entendido  de  que  es  un  tema  transversal  en  la  agenda  del  sector  cultural.<\/span><\/p>\n<\/p>\n<p><span class=\"text1noticias\">La  subsecretaria  explic\u00f3  que  el  secretario  de  Estado  de  Cultura, licenciado  Jos\u00e9 Rafael Lantigua, en  fecha  22  de  enero  del  presente  a\u00f1o,  cre\u00f3  la  Oficina  de  Equidad  de  G\u00e9nero  y  Desarrollo, (OEGD), de  la  SEC  dando  cumplimiento  a  la  ley  86-99, de  fecha  11  de  agosto  de  1999,  y  el  Decreto  No. 974-01  de  fecha  26  de  septiembre  de  2001, que  crea  en  cada  Secretar\u00eda  de  Estado dicha  oficina  en  articulaci\u00f3n  con  la  Secretar\u00eda  de  Estado  de  la  Mujer.<\/span><\/p>\n<\/p>\n<p><span class=\"text1noticias\">Agreg\u00f3, que  una  de  las  metas  del  Plan  Nacional  de  Igualdad  y  Equidad  de  G\u00e9nero  es  que  hombres  y  mujeres  trabajen  unidos  tanto  en  la  dignificaci\u00f3n  de  la  imagen  femenina  como  en  la  presentaci\u00f3n  de  modelos  masculinos  m\u00e1s  justos  y  dignos.  <\/span><\/p>\n<\/p>\n<p><span class=\"text1noticias\">De  su  lado, Sonia  D\u00edaz, subsecretaria  t\u00e9cnica  de  la  Secretar\u00eda  de  Estado  de  la  Mujer, en  representaci\u00f3n  de  la  licenciada  Alejandrina  Germ\u00e1n, manifest\u00f3 que la Oficina  de  Equidad  de  G\u00e9nero  y  Desarrollo  de   la  SEC  es  la  concreci\u00f3n  de  una iniciativa  pol\u00edtica para que  en  nuestro  pa\u00eds  se erradique  la  desigualdad  de  g\u00e9nero, porque  es  desde  la  cultura  donde  se  manifiestan  y  trascienden  los  elementos  fundamentales  que  producen  esa   desigualdad. <\/span><\/p>\n<\/p>\n<p><span class=\"text1noticias\">Durante  el  desarrollo  de  la  actividad  fue  puesto  en  escena  el  espect\u00e1culo  art\u00edstico  titulado  Mujer? Espejo  de  la  Cultura, con  una  muestra  representativa  de  artistas  en  el  \u00e1rea  de  la  m\u00fasica, la  danza  y  el  teatro.<\/span><\/p>\n<\/p>\n<p><span class=\"text1noticias\">En  la  actividad  participaron  la  licenciada  Alejandrina  Germ\u00e1n, Secretaria  de  Estado  de  la  Mujer, funcionarios, directores  y  subdirectores  de  la  SEC, as\u00ed como  artistas,  entre  otras  personalidades.  <\/span><\/p>\n<\/p>\n<p><span class=\"text1noticias\">La  oficina  de  Equidad  de  G\u00e9nero  y  Desarrollo  de  la  SEC  tambi\u00e9n  estar\u00e1  integrada  por  la  licenciada  Magda  Fern\u00e1ndez  de  Vargas, coordinadora  operativa  de  la  Direcci\u00f3n  General  de  Comunicaci\u00f3n  y  la  licenciada  Marta  Garc\u00eda, subdirectora  de  Formaci\u00f3n  y  Capacitaci\u00f3n. <\/span><\/p>\n<\/p>\n<p><span class=\"text1noticias\">Entre  los  grupos participantes en  la  actividad figuran el  Teatro Rodante  con  la  obra  Naci\u00f3  la  Luna, de  Juan  Bosch, bajo  la  direcci\u00f3n  de  Carlota  Carretero; el  Ballet Cl\u00e1sico Nacional present\u00f3 la  pieza  El oficio, coreograf\u00eda  de  Carlos  Veitia  y  m\u00fasica  de  Vivaldi titulada  Oto\u00f1o.<\/span><\/p>\n<\/p>\n<p><span class=\"text1noticias\">Adem\u00e1s,  participaron  la  Escuela  Nacional  de  Danza  con la  pieza  Cautiva, coreograf\u00eda  de  Daym\u00e9  del Toro; el  Conservatorio Nacional  de  M\u00fasica  present\u00f3  un  cuarteto  de  Saxofones  y  un  tr\u00edo  de  Chello  femenino.<\/span><\/p>\n<\/p>\n<p><span class=\"text1noticias\">Esta  actividad  dio  inicio  a  los  actos  conmemorativos  al  D\u00eda  Internacional  de  la  Mujer  programados  por  la  SEC, que  continuar\u00e1  con  dos  exposiciones  tituladas  Somos  artistas, muestra  representativa  de  obras  pict\u00f3ricas  y  literarias  de  mujeres  dominicanas,  el  mi\u00e9rcoles  25  de  marzo  a  las  7:00  de  la  noche,  en  el  Sal\u00f3n  La  C\u00fapula  del  Palacio  de  Bellas  Artes.   <\/span><\/p>\n<h6> 2009-03-25 13:54:03 <\/h6>\n<p><!--\n<link rel=\"stylesheet\" href=\"css\/bootstrap.min.css\">\n\n\n<ul class=\"pagination\">\n\t    \n\t\n\n<li >\n\t<a href='?page_no=21887'>Previous<\/a>\n\t<\/li>\n\n\n       \n    \n\n<li><a href='?page_no=1'>1<\/a><\/li>\n\n\n\n<li><a href='?page_no=2'>2<\/a><\/li>\n\n\n\n<li><a>...<\/a><\/li>\n\n\n\n<li><a href='?page_no=21886'>21886<\/a><\/li>\n\n\n\n<li><a href='?page_no=21887'>21887<\/a><\/li>\n\n\n\n<li class='active'><a>21888<\/a><\/li>\n\n\n\n<li><a href='?page_no=21889'>21889<\/a><\/li>\n\n\n\n<li><a href='?page_no=21890'>21890<\/a><\/li>\n\n\n\n<li><a>...<\/a><\/li>\n\n\n\n<li><a href='?page_no=22911'>22911<\/a><\/li>\n\n\n\n<li><a href='?page_no=22912'>22912<\/a><\/li>\n\n    \n\t\n\n<li >\n\t<a href='?page_no=21889'>Next<\/a>\n\t<\/li>\n\n\n    \n\n<li><a href='?page_no=22912'>Last &rsaquo;&rsaquo;<\/a><\/li>\n\n<\/ul>\n\n\n--><br \/>\n<\/body><\/p>\n","protected":false},"excerpt":{"rendered":"<p>La Secretar\u00eda de Estado de Cultura present\u00f3 de manera oficial la Oficina de Equidad de G\u00e9nero y Desarrollo de esta instituci\u00f3n, actividad que se enmarca dentro de los actos conmemorativos al D\u00eda Internacional de la Mujer. El acto inici\u00f3 con las palabras de la licenciada Bernarda Jorge, subsecretaria de Creatividad y Participaci\u00f3n Popular de la [&hellip;]<\/p>\n","protected":false},"author":3,"featured_media":0,"comment_status":"open","ping_status":"open","sticky":false,"template":"","format":"standard","meta":{"footnotes":""},"categories":[21],"tags":[],"class_list":["post-70210","post","type-post","status-publish","format-standard","hentry","category-cultura"],"_links":{"self":[{"href":"https:\/\/diariodominicano.com\/index.php?rest_route=\/wp\/v2\/posts\/70210","targetHints":{"allow":["GET"]}}],"collection":[{"href":"https:\/\/diariodominicano.com\/index.php?rest_route=\/wp\/v2\/posts"}],"about":[{"href":"https:\/\/diariodominicano.com\/index.php?rest_route=\/wp\/v2\/types\/post"}],"author":[{"embeddable":true,"href":"https:\/\/diariodominicano.com\/index.php?rest_route=\/wp\/v2\/users\/3"}],"replies":[{"embeddable":true,"href":"https:\/\/diariodominicano.com\/index.php?rest_route=%2Fwp%2Fv2%2Fcomments&post=70210"}],"version-history":[{"count":0,"href":"https:\/\/diariodominicano.com\/index.php?rest_route=\/wp\/v2\/posts\/70210\/revisions"}],"wp:attachment":[{"href":"https:\/\/diariodominicano.com\/index.php?rest_route=%2Fwp%2Fv2%2Fmedia&parent=70210"}],"wp:term":[{"taxonomy":"category","embeddable":true,"href":"https:\/\/diariodominicano.com\/index.php?rest_route=%2Fwp%2Fv2%2Fcategories&post=70210"},{"taxonomy":"post_tag","embeddable":true,"href":"https:\/\/diariodominicano.com\/index.php?rest_route=%2Fwp%2Fv2%2Ftags&post=70210"}],"curies":[{"name":"wp","href":"https:\/\/api.w.org\/{rel}","templated":true}]}}