{"id":70206,"date":"2009-03-26T15:40:25","date_gmt":"2009-03-26T15:40:25","guid":{"rendered":"http:\/\/diariodominicano.ddns.net\/?p=70206"},"modified":"2009-03-26T15:40:25","modified_gmt":"2009-03-26T15:40:25","slug":"inician-en-uasd-martes-de-la-cultura-con-disertacion-sobre-vida-y-obra-juan-bosch","status":"publish","type":"post","link":"https:\/\/diariodominicano.com\/?p=70206","title":{"rendered":"Inician en UASD ?Martes de la Cultura? con Disertaci\u00f3n sobre vida y obra Juan Bosch"},"content":{"rendered":"<p><body><\/p>\n<p><span class=\"text1noticias\">La Universidad Aut\u00f3noma de Santo Domingo (UASD) inici\u00f3 un ciclo de doce conferencias en el marco de la apertura de los ?Martes de la Cultura?, con una primera disertaci\u00f3n sobre la vida y obra del fenecido ex presidente de la Rep\u00fablica, profesor Juan Bosch, a cargo del historiador y abogado Euclides Guti\u00e9rrez F\u00e9liz.<\/span><\/p>\n<\/p>\n<p><span class=\"text1noticias\">?Juan Bosch Siempre?, se denomin\u00f3 el primer ciclo de conferencias organizado por la Direcci\u00f3n de Cultura de la UASD, encabezado por los vicerrectores Docente y de Extensi\u00f3n, doctores Iv\u00e1n Grull\u00f3n Fern\u00e1ndez y Rafael Nino F\u00e9liz, en el ?Patio de Los Estudios, de la Quinta Dominica?, antiguo recinto de la Universidad de Santo Tom\u00e1s de Aquino.<\/span><\/p>\n<\/p>\n<p><span class=\"text1noticias\">Las palabras de apertura estuvieron a cargo del vicerrector Docente Grull\u00f3n Fern\u00e1ndez, quien dijo que para la UASD constituye un honor iniciar un ciclo de conferencias con el nombre del profesor Bosch como marco de referencia, a prop\u00f3sito del centenario del natalicio del intelectual y pol\u00edtico.<\/span><\/p>\n<\/p>\n<p><span class=\"text1noticias\">Mientras que la presentaci\u00f3n de Guti\u00e9rrez F\u00e9lix como disertante la hizo el director del Cultura, licenciado C\u00e9sar Zapata, quien ocup\u00f3 la mesa de honor juntamente con el ex vicerrector Docente Alejandro Pichardo, Grull\u00f3n Fern\u00e1ndez y  Nino F\u00e9liz.<\/span><\/p>\n<\/p>\n<p><span class=\"text1noticias\">Conforme al historiador Guti\u00e9rrez F\u00e9lix, hablar de la obra de Bosch en poco m\u00e1s de una hora resulta dif\u00edcil, por la multiplicidad de hechos que durante su trayectoria marcaron la vida de un hombre que puso su talento al servicio del arte, la cultura y la libertad del pa\u00eds y de Am\u00e9rica.<\/span><\/p>\n<\/p>\n<p><span class=\"text1noticias\">Al acto asistieron profesores, estudiantes y personalidades ligadas al arte y la cultura.<\/span><\/p>\n<\/p>\n<h6> 2009-03-26 15:40:25 <\/h6>\n<p><!--\n<link rel=\"stylesheet\" href=\"css\/bootstrap.min.css\">\n\n\n<ul class=\"pagination\">\n\t    \n\t\n\n<li >\n\t<a href='?page_no=21883'>Previous<\/a>\n\t<\/li>\n\n\n       \n    \n\n<li><a href='?page_no=1'>1<\/a><\/li>\n\n\n\n<li><a href='?page_no=2'>2<\/a><\/li>\n\n\n\n<li><a>...<\/a><\/li>\n\n\n\n<li><a href='?page_no=21882'>21882<\/a><\/li>\n\n\n\n<li><a href='?page_no=21883'>21883<\/a><\/li>\n\n\n\n<li class='active'><a>21884<\/a><\/li>\n\n\n\n<li><a href='?page_no=21885'>21885<\/a><\/li>\n\n\n\n<li><a href='?page_no=21886'>21886<\/a><\/li>\n\n\n\n<li><a>...<\/a><\/li>\n\n\n\n<li><a href='?page_no=22911'>22911<\/a><\/li>\n\n\n\n<li><a href='?page_no=22912'>22912<\/a><\/li>\n\n    \n\t\n\n<li >\n\t<a href='?page_no=21885'>Next<\/a>\n\t<\/li>\n\n\n    \n\n<li><a href='?page_no=22912'>Last &rsaquo;&rsaquo;<\/a><\/li>\n\n<\/ul>\n\n\n--><br \/>\n<\/body><\/p>\n","protected":false},"excerpt":{"rendered":"<p>La Universidad Aut\u00f3noma de Santo Domingo (UASD) inici\u00f3 un ciclo de doce conferencias en el marco de la apertura de los ?Martes de la Cultura?, con una primera disertaci\u00f3n sobre la vida y obra del fenecido ex presidente de la Rep\u00fablica, profesor Juan Bosch, a cargo del historiador y abogado Euclides Guti\u00e9rrez F\u00e9liz. ?Juan Bosch [&hellip;]<\/p>\n","protected":false},"author":3,"featured_media":0,"comment_status":"open","ping_status":"open","sticky":false,"template":"","format":"standard","meta":{"footnotes":""},"categories":[21],"tags":[],"class_list":["post-70206","post","type-post","status-publish","format-standard","hentry","category-cultura"],"_links":{"self":[{"href":"https:\/\/diariodominicano.com\/index.php?rest_route=\/wp\/v2\/posts\/70206","targetHints":{"allow":["GET"]}}],"collection":[{"href":"https:\/\/diariodominicano.com\/index.php?rest_route=\/wp\/v2\/posts"}],"about":[{"href":"https:\/\/diariodominicano.com\/index.php?rest_route=\/wp\/v2\/types\/post"}],"author":[{"embeddable":true,"href":"https:\/\/diariodominicano.com\/index.php?rest_route=\/wp\/v2\/users\/3"}],"replies":[{"embeddable":true,"href":"https:\/\/diariodominicano.com\/index.php?rest_route=%2Fwp%2Fv2%2Fcomments&post=70206"}],"version-history":[{"count":0,"href":"https:\/\/diariodominicano.com\/index.php?rest_route=\/wp\/v2\/posts\/70206\/revisions"}],"wp:attachment":[{"href":"https:\/\/diariodominicano.com\/index.php?rest_route=%2Fwp%2Fv2%2Fmedia&parent=70206"}],"wp:term":[{"taxonomy":"category","embeddable":true,"href":"https:\/\/diariodominicano.com\/index.php?rest_route=%2Fwp%2Fv2%2Fcategories&post=70206"},{"taxonomy":"post_tag","embeddable":true,"href":"https:\/\/diariodominicano.com\/index.php?rest_route=%2Fwp%2Fv2%2Ftags&post=70206"}],"curies":[{"name":"wp","href":"https:\/\/api.w.org\/{rel}","templated":true}]}}