{"id":70205,"date":"2009-03-26T15:42:18","date_gmt":"2009-03-26T15:42:18","guid":{"rendered":"http:\/\/diariodominicano.ddns.net\/?p=70205"},"modified":"2009-03-26T15:42:18","modified_gmt":"2009-03-26T15:42:18","slug":"centro-de-la-cultura-de-santiago-celebra-xxx-aniversario","status":"publish","type":"post","link":"https:\/\/diariodominicano.com\/?p=70205","title":{"rendered":"Centro de la Cultura de Santiago Celebra XXX Aniversario"},"content":{"rendered":"<p><body><\/p>\n<p><img decoding=\"async\" src=\"img3\/centro.jpg\" \/>  <\/p>\n<p><span class=\"text1noticias\">El Centro de la Cultura de Santiago Srta. Ercilia Pep\u00edn invita al p\u00fablico en general a celebrar sus 30 a\u00f1os de aportes al arte y la cultura de la ciudad de Santiago y el pa\u00eds.<\/span><\/p>\n<\/p>\n<p><span class=\"text1noticias\">El domingo 29 de marzo desde las 7:00 p.m. el Centro de la Cultura de Santiago, derrochar\u00e1 lo mejor de sus talentos, con una gran presentaci\u00f3n en la Sala H\u00e9ctor Inch\u00e1ustegui Cabral (HIC), en la que participar\u00e1n los departamentos de Danza Moderna, Teatro, M\u00fasica y Ballet Folkl\u00f3rico; los que unir\u00e1n esfuerzos y voluntades para hacer de esta, una noche memorable.<\/span><\/p>\n<\/p>\n<p><span class=\"text1noticias\">Esta presentaci\u00f3n promete ser un fiel testimonio de los aportes del Centro de la Cultura y sus distintos protagonistas, a lo largo de estos treinta a\u00f1os. <\/span><\/p>\n<\/p>\n<p><span class=\"text1noticias\">El Centro de la Cultura, ha fortalecido su reencuentro con la comunidad art\u00edstica y el p\u00fablico en general; logrando que cada vez, sean m\u00e1s las actividades que en sus instalaciones se realizan; garantizando casi un lleno total de actividades programadas para lo que resta del calendario para este a\u00f1o 2009. Gracias al apoyo brindado por el Sr. Secretario de Estado de Cultura, Lic. Jos\u00e9 Rafael Lantigua.<\/span><\/p>\n<\/p>\n<p><span class=\"text1noticias\">Para la presentaci\u00f3n de este domingo 29 de marzo, adem\u00e1s, se reconocer\u00e1 la labor de todos aquellos y aquellas que a lo largo de estos treinta a\u00f1os, con su talento puesto a disposici\u00f3n del arte y la cultura, han hecho del Centro de la Cultura de Santiago, un referente nacional de primer orden.<\/span><\/p>\n<h6> 2009-03-26 15:42:18 <\/h6>\n<p><!--\n<link rel=\"stylesheet\" href=\"css\/bootstrap.min.css\">\n\n\n<ul class=\"pagination\">\n\t    \n\t\n\n<li >\n\t<a href='?page_no=21882'>Previous<\/a>\n\t<\/li>\n\n\n       \n    \n\n<li><a href='?page_no=1'>1<\/a><\/li>\n\n\n\n<li><a href='?page_no=2'>2<\/a><\/li>\n\n\n\n<li><a>...<\/a><\/li>\n\n\n\n<li><a href='?page_no=21881'>21881<\/a><\/li>\n\n\n\n<li><a href='?page_no=21882'>21882<\/a><\/li>\n\n\n\n<li class='active'><a>21883<\/a><\/li>\n\n\n\n<li><a href='?page_no=21884'>21884<\/a><\/li>\n\n\n\n<li><a href='?page_no=21885'>21885<\/a><\/li>\n\n\n\n<li><a>...<\/a><\/li>\n\n\n\n<li><a href='?page_no=22911'>22911<\/a><\/li>\n\n\n\n<li><a href='?page_no=22912'>22912<\/a><\/li>\n\n    \n\t\n\n<li >\n\t<a href='?page_no=21884'>Next<\/a>\n\t<\/li>\n\n\n    \n\n<li><a href='?page_no=22912'>Last &rsaquo;&rsaquo;<\/a><\/li>\n\n<\/ul>\n\n\n--><br \/>\n<\/body><\/p>\n","protected":false},"excerpt":{"rendered":"<p>El Centro de la Cultura de Santiago Srta. Ercilia Pep\u00edn invita al p\u00fablico en general a celebrar sus 30 a\u00f1os de aportes al arte y la cultura de la ciudad de Santiago y el pa\u00eds. El domingo 29 de marzo desde las 7:00 p.m. el Centro de la Cultura de Santiago, derrochar\u00e1 lo mejor de [&hellip;]<\/p>\n","protected":false},"author":3,"featured_media":0,"comment_status":"open","ping_status":"open","sticky":false,"template":"","format":"standard","meta":{"footnotes":""},"categories":[21],"tags":[],"class_list":["post-70205","post","type-post","status-publish","format-standard","hentry","category-cultura"],"_links":{"self":[{"href":"https:\/\/diariodominicano.com\/index.php?rest_route=\/wp\/v2\/posts\/70205","targetHints":{"allow":["GET"]}}],"collection":[{"href":"https:\/\/diariodominicano.com\/index.php?rest_route=\/wp\/v2\/posts"}],"about":[{"href":"https:\/\/diariodominicano.com\/index.php?rest_route=\/wp\/v2\/types\/post"}],"author":[{"embeddable":true,"href":"https:\/\/diariodominicano.com\/index.php?rest_route=\/wp\/v2\/users\/3"}],"replies":[{"embeddable":true,"href":"https:\/\/diariodominicano.com\/index.php?rest_route=%2Fwp%2Fv2%2Fcomments&post=70205"}],"version-history":[{"count":0,"href":"https:\/\/diariodominicano.com\/index.php?rest_route=\/wp\/v2\/posts\/70205\/revisions"}],"wp:attachment":[{"href":"https:\/\/diariodominicano.com\/index.php?rest_route=%2Fwp%2Fv2%2Fmedia&parent=70205"}],"wp:term":[{"taxonomy":"category","embeddable":true,"href":"https:\/\/diariodominicano.com\/index.php?rest_route=%2Fwp%2Fv2%2Fcategories&post=70205"},{"taxonomy":"post_tag","embeddable":true,"href":"https:\/\/diariodominicano.com\/index.php?rest_route=%2Fwp%2Fv2%2Ftags&post=70205"}],"curies":[{"name":"wp","href":"https:\/\/api.w.org\/{rel}","templated":true}]}}