{"id":70204,"date":"2009-03-26T15:44:00","date_gmt":"2009-03-26T15:44:00","guid":{"rendered":"http:\/\/diariodominicano.ddns.net\/?p=70204"},"modified":"2009-03-26T15:44:00","modified_gmt":"2009-03-26T15:44:00","slug":"santo-domingo-2010-presente-en-la-apertura-de-la-capital-americana-de-la-cultura-asuncion-2009","status":"publish","type":"post","link":"https:\/\/diariodominicano.com\/?p=70204","title":{"rendered":"Santo Domingo 2010 presente en la apertura de la Capital Americana de la Cultura Asunci\u00f3n 2009"},"content":{"rendered":"<p><body><\/p>\n<p><img decoding=\"async\" src=\"img3\/cultura.jpg\" \/>  <\/p>\n<p><span class=\"text1noticias\">Asunci\u00f3n (Paraguay), 26-03-2009<\/span><\/p>\n<\/p>\n<p><span class=\"text1noticias\">La ciudad paraguaya de Asunci\u00f3n inaugur\u00f3 su Capital Americana de la Cultura 2009, que inicia un a\u00f1o lleno de actividad, con cuatro mil manifestaciones art\u00edsticas programadas hasta el mes de diciembre.<\/span><\/p>\n<p><span class=\"text1noticias\">El programa de inauguraci\u00f3n consisti\u00f3 en un concierto con la presentaci\u00f3n de Ballet Cl\u00e1sico y Moderno Municipal, la Orquesta Sinf\u00f3nica de la ciudad de Asunci\u00f3n, el Grupo \u00d1amandu y la Banda Folkl\u00f3rica Municipal. <\/span><\/p>\n<\/p>\n<p><span class=\"text1noticias\">Tres mil personas asistieron a este concierto, que termin\u00f3 con un castillo de fuegos artificiales. La inauguraci\u00f3n de la Capital Americana de la Cultura 2009 estuvo presidida por la Intendenta (alcaldesa) de Asunci\u00f3n,  Evanhy de Gallegos; el Ministro de Educaci\u00f3n y Cultura, Horacio Galeano Perrone, y el Presidente del Bureau Internacional de Capitales Culturales, Xavier Tudela.<\/span><\/p>\n<\/p>\n<p><span class=\"text1noticias\">Durante la inauguraci\u00f3n de Asunci\u00f3n 2009 se ley\u00f3 \u00edntegramente la carta de felicitaci\u00f3n que las autoridades paraguayas han enviado a los responsables de la Capital Americana de la Cultura Santo Domingo 2010. En la felicitaci\u00f3n a Santo Domingo, que fue muy aplaudida por los asistentes, se dice que ?Asunci\u00f3n, Capital de la Rep\u00fablica del Paraguay y Capital Americana de la Cultura durante el 2009, se siente muy contenta y satisfecha de que la ciudad de Santo Domingo sea su sucesora durante el 2010. Nos imaginamos la gran emoci\u00f3n que sienten nuestros hermanos dominicanos por este logro?.<\/span><\/p>\n<\/p>\n<p><span class=\"text1noticias\">Las autoridades paraguayas expresan tambi\u00e9n que ?resulta muy significativo que le pasemos la posta a Santo Domingo de Guzm\u00e1n (1496) primera ciudad fundada por los europeos en el continente, ya que Nuestra Se\u00f1ora de la Asunci\u00f3n (1537), es conocida como ?Madre de Ciudades?, pues de aqu\u00ed partieron las expediciones que fundan entre otras las ciudades de Buenos Aires, Santa Fe y Santacruz de la Sierra?.<\/span><\/p>\n<\/p>\n<p><span class=\"text1noticias\">Por otra parte, el Presidente de la Rep\u00fablica de Paraguay, Fernando Lugo, recibi\u00f3 al Presidente del Bureau Internacional de Capitales Culturales, Xavier Tudela, conjuntamente con la Intendenta (alcaldesa) de Asunci\u00f3n, Evanhy de Gallegos; el Ministro de Educaci\u00f3n y Cultura, Horacio Galeano Perrone; y el Director General de Cultura i Turismo de la municipalidad de Asunci\u00f3n, Fernando Pistilli. <\/span><\/p>\n<\/p>\n<p><span class=\"text1noticias\">Seg\u00fan Xavier Tudela ?la unidad es la clave para el \u00e9xito de Asunci\u00f3n 2009?. La suma de todas las instituciones, entidades y personas que participan en Asunci\u00f3n 2009 y la cohesi\u00f3n social que conlleva el consenso y la participaci\u00f3n ciudadana son fundamentales para el \u00e9xito de la Capital Americana de la Cultura de este a\u00f1o. Todo lo que he hablado y visto durante mi estancia en Paraguay va en esta direcci\u00f3n. Es por ello que auguro que Asunci\u00f3n 2009 ser\u00e1 un \u00e9xito?.<\/span><\/p>\n<h6> 2009-03-26 15:44:00 <\/h6>\n<p><!--\n<link rel=\"stylesheet\" href=\"css\/bootstrap.min.css\">\n\n\n<ul class=\"pagination\">\n\t    \n\t\n\n<li >\n\t<a href='?page_no=21881'>Previous<\/a>\n\t<\/li>\n\n\n       \n    \n\n<li><a href='?page_no=1'>1<\/a><\/li>\n\n\n\n<li><a href='?page_no=2'>2<\/a><\/li>\n\n\n\n<li><a>...<\/a><\/li>\n\n\n\n<li><a href='?page_no=21880'>21880<\/a><\/li>\n\n\n\n<li><a href='?page_no=21881'>21881<\/a><\/li>\n\n\n\n<li class='active'><a>21882<\/a><\/li>\n\n\n\n<li><a href='?page_no=21883'>21883<\/a><\/li>\n\n\n\n<li><a href='?page_no=21884'>21884<\/a><\/li>\n\n\n\n<li><a>...<\/a><\/li>\n\n\n\n<li><a href='?page_no=22911'>22911<\/a><\/li>\n\n\n\n<li><a href='?page_no=22912'>22912<\/a><\/li>\n\n    \n\t\n\n<li >\n\t<a href='?page_no=21883'>Next<\/a>\n\t<\/li>\n\n\n    \n\n<li><a href='?page_no=22912'>Last &rsaquo;&rsaquo;<\/a><\/li>\n\n<\/ul>\n\n\n--><br \/>\n<\/body><\/p>\n","protected":false},"excerpt":{"rendered":"<p>Asunci\u00f3n (Paraguay), 26-03-2009 La ciudad paraguaya de Asunci\u00f3n inaugur\u00f3 su Capital Americana de la Cultura 2009, que inicia un a\u00f1o lleno de actividad, con cuatro mil manifestaciones art\u00edsticas programadas hasta el mes de diciembre. El programa de inauguraci\u00f3n consisti\u00f3 en un concierto con la presentaci\u00f3n de Ballet Cl\u00e1sico y Moderno Municipal, la Orquesta Sinf\u00f3nica de [&hellip;]<\/p>\n","protected":false},"author":3,"featured_media":0,"comment_status":"open","ping_status":"open","sticky":false,"template":"","format":"standard","meta":{"footnotes":""},"categories":[21],"tags":[],"class_list":["post-70204","post","type-post","status-publish","format-standard","hentry","category-cultura"],"_links":{"self":[{"href":"https:\/\/diariodominicano.com\/index.php?rest_route=\/wp\/v2\/posts\/70204","targetHints":{"allow":["GET"]}}],"collection":[{"href":"https:\/\/diariodominicano.com\/index.php?rest_route=\/wp\/v2\/posts"}],"about":[{"href":"https:\/\/diariodominicano.com\/index.php?rest_route=\/wp\/v2\/types\/post"}],"author":[{"embeddable":true,"href":"https:\/\/diariodominicano.com\/index.php?rest_route=\/wp\/v2\/users\/3"}],"replies":[{"embeddable":true,"href":"https:\/\/diariodominicano.com\/index.php?rest_route=%2Fwp%2Fv2%2Fcomments&post=70204"}],"version-history":[{"count":0,"href":"https:\/\/diariodominicano.com\/index.php?rest_route=\/wp\/v2\/posts\/70204\/revisions"}],"wp:attachment":[{"href":"https:\/\/diariodominicano.com\/index.php?rest_route=%2Fwp%2Fv2%2Fmedia&parent=70204"}],"wp:term":[{"taxonomy":"category","embeddable":true,"href":"https:\/\/diariodominicano.com\/index.php?rest_route=%2Fwp%2Fv2%2Fcategories&post=70204"},{"taxonomy":"post_tag","embeddable":true,"href":"https:\/\/diariodominicano.com\/index.php?rest_route=%2Fwp%2Fv2%2Ftags&post=70204"}],"curies":[{"name":"wp","href":"https:\/\/api.w.org\/{rel}","templated":true}]}}