{"id":70202,"date":"2009-03-26T23:22:38","date_gmt":"2009-03-26T23:22:38","guid":{"rendered":"http:\/\/diariodominicano.ddns.net\/?p=70202"},"modified":"2009-03-26T23:22:38","modified_gmt":"2009-03-26T23:22:38","slug":"oficina-de-equidad-de-genero-y-desarrollo-de-la-sec-presento-exposiciones-somos-artistas","status":"publish","type":"post","link":"https:\/\/diariodominicano.com\/?p=70202","title":{"rendered":"Oficina  de  Equidad  de  G\u00e9nero  y Desarrollo  de  la  SEC  present\u00f3 exposiciones Somos Artistas"},"content":{"rendered":"<p><body><\/p>\n<p><img decoding=\"async\" src=\"img3\/cuadros.jpg\" \/>  <\/p>\n<p><span class=\"text1noticias\">La Oficina  de  Equidad  de  G\u00e9nero  y Desarrollo (OEGD)  de  la  SEC  present\u00f3 las exposiciones Somos  Artistas, muestras pict\u00f3ricas  y  literarias  de  mujeres dominicanas, actividad  que forma  parte  de  los  actos  conmemorativos  al  D\u00eda  Internacional  de  la  Mujer.<\/span><\/p>\n<\/p>\n<p><span class=\"text1noticias\">Bajo el t\u00edtulo Escritoras  Dominicanas fue  inaugurada  la  exposici\u00f3n  literaria,  a  cargo  de  la  licenciada  Eleanor  Grimaldi  Sili\u00e9, directora  general del  Libro  y  la  Lectura, quien  manifest\u00f3  que con la citada exposici\u00f3n ?comprobamos que existe una preocupaci\u00f3n por la mujer que se demuestra con las acciones de equidad de g\u00e9nero emprendidas tal como lo  ha hecho la Secretar\u00eda de Estado de Cultura?.<\/span><\/p>\n<\/p>\n<p><span class=\"text1noticias\">La exposici\u00f3n literaria que  consta  de 150 obras, es de  la  autor\u00eda  de las  escritoras dominicanas Hilma Contreras, Salom\u00e9 Ure\u00f1a de Henr\u00edquez,  Edna Garrido de Boggs, A\u00edda Cartagena, Fl\u00e9rida de Nolasco, Delia Webber, Carmen Quidiello de Bosch, Rosa Smester, Aurora Tavarez Belliard.<\/span><\/p>\n<\/p>\n<p><span class=\"text1noticias\">Tambi\u00e9n, expusieron sus obras Zoraida Heredia Vda. Suncar, Ivelisse Pratts Ram\u00edrez, Emilia Pereyra, Adriana Mu Kien Sang, Trina de Moya, Catana P\u00e9rez, Rosario Espinal, Abigail Mej\u00eda, Margarita Luciano de Sang  y  Luc\u00eda Amelia Cabral; las obras  estuvieron clasificadas en los g\u00e9neros de literatura, m\u00fasica, educaci\u00f3n e Historia.<\/span><\/p>\n<\/p>\n<p><span class=\"text1noticias\">Marianne de Tolentino, directora  de la  Galer\u00eda Nacional  de Bellas Artes y  quien  tuvo  a  su  cargo  la  coordinaci\u00f3n  de  esta  exposici\u00f3n, manifest\u00f3  que  Somos artistas, es la expresi\u00f3n de expositoras pertenecientes a cuatro generaciones de creadoras dominicanas, a trav\u00e9s de pinturas, dibujos, gr\u00e1fica, esculturas, instalaciones, fotograf\u00edas, videos, reunidas con motivo del D\u00eda Internacional de la Mujer. <\/span><\/p>\n<\/p>\n<p><span class=\"text1noticias\">Agreg\u00f3, que la exposici\u00f3n  constituy\u00f3 una clara demostraci\u00f3n del sitial de las mujeres en la pl\u00e1stica y la gr\u00e1fica nacional, por  su evidente profesionalismo,  ya  que  la  misma constituye un testimonio irrefutable en el arte dominicano. <\/span><\/p>\n<p><span class=\"text1noticias\">  <\/span><\/p>\n<p><span class=\"text1noticias\">La exposici\u00f3n  pict\u00f3rica  es  de  la  autor\u00eda de  las  artistas Elsa N\u00fa\u00f1ez, Rosa Tavarez, Raquel Payewonsky, Belkis Ram\u00edrez, Evelyn Lima, In\u00e9s Tolentino, Rosa Vieira, Maritza Alvarez, Mar\u00eda Aybar, Nidia Serra, Miriam Calzada, Mayra Johnson, Rosalba Hern\u00e1ndez e Iris P\u00e9rez.<\/span><\/p>\n<\/p>\n<p><span class=\"text1noticias\">Somos  artistas  estar\u00e1  abierta  al  p\u00fablico de lunes  a  viernes,  en  horario  de  10:00 de la  ma\u00f1ana  a  3:00  de  la  tarde, durante  quince  d\u00edas  a  partir  del  acto  de  apertura.  <\/span><\/p>\n<h6> 2009-03-26 23:22:38 <\/h6>\n<p><!--\n<link rel=\"stylesheet\" href=\"css\/bootstrap.min.css\">\n\n\n<ul class=\"pagination\">\n\t    \n\t\n\n<li >\n\t<a href='?page_no=21879'>Previous<\/a>\n\t<\/li>\n\n\n       \n    \n\n<li><a href='?page_no=1'>1<\/a><\/li>\n\n\n\n<li><a href='?page_no=2'>2<\/a><\/li>\n\n\n\n<li><a>...<\/a><\/li>\n\n\n\n<li><a href='?page_no=21878'>21878<\/a><\/li>\n\n\n\n<li><a href='?page_no=21879'>21879<\/a><\/li>\n\n\n\n<li class='active'><a>21880<\/a><\/li>\n\n\n\n<li><a href='?page_no=21881'>21881<\/a><\/li>\n\n\n\n<li><a href='?page_no=21882'>21882<\/a><\/li>\n\n\n\n<li><a>...<\/a><\/li>\n\n\n\n<li><a href='?page_no=22911'>22911<\/a><\/li>\n\n\n\n<li><a href='?page_no=22912'>22912<\/a><\/li>\n\n    \n\t\n\n<li >\n\t<a href='?page_no=21881'>Next<\/a>\n\t<\/li>\n\n\n    \n\n<li><a href='?page_no=22912'>Last &rsaquo;&rsaquo;<\/a><\/li>\n\n<\/ul>\n\n\n--><br \/>\n<\/body><\/p>\n","protected":false},"excerpt":{"rendered":"<p>La Oficina de Equidad de G\u00e9nero y Desarrollo (OEGD) de la SEC present\u00f3 las exposiciones Somos Artistas, muestras pict\u00f3ricas y literarias de mujeres dominicanas, actividad que forma parte de los actos conmemorativos al D\u00eda Internacional de la Mujer. Bajo el t\u00edtulo Escritoras Dominicanas fue inaugurada la exposici\u00f3n literaria, a cargo de la licenciada Eleanor Grimaldi [&hellip;]<\/p>\n","protected":false},"author":3,"featured_media":0,"comment_status":"open","ping_status":"open","sticky":false,"template":"","format":"standard","meta":{"footnotes":""},"categories":[21],"tags":[],"class_list":["post-70202","post","type-post","status-publish","format-standard","hentry","category-cultura"],"_links":{"self":[{"href":"https:\/\/diariodominicano.com\/index.php?rest_route=\/wp\/v2\/posts\/70202","targetHints":{"allow":["GET"]}}],"collection":[{"href":"https:\/\/diariodominicano.com\/index.php?rest_route=\/wp\/v2\/posts"}],"about":[{"href":"https:\/\/diariodominicano.com\/index.php?rest_route=\/wp\/v2\/types\/post"}],"author":[{"embeddable":true,"href":"https:\/\/diariodominicano.com\/index.php?rest_route=\/wp\/v2\/users\/3"}],"replies":[{"embeddable":true,"href":"https:\/\/diariodominicano.com\/index.php?rest_route=%2Fwp%2Fv2%2Fcomments&post=70202"}],"version-history":[{"count":0,"href":"https:\/\/diariodominicano.com\/index.php?rest_route=\/wp\/v2\/posts\/70202\/revisions"}],"wp:attachment":[{"href":"https:\/\/diariodominicano.com\/index.php?rest_route=%2Fwp%2Fv2%2Fmedia&parent=70202"}],"wp:term":[{"taxonomy":"category","embeddable":true,"href":"https:\/\/diariodominicano.com\/index.php?rest_route=%2Fwp%2Fv2%2Fcategories&post=70202"},{"taxonomy":"post_tag","embeddable":true,"href":"https:\/\/diariodominicano.com\/index.php?rest_route=%2Fwp%2Fv2%2Ftags&post=70202"}],"curies":[{"name":"wp","href":"https:\/\/api.w.org\/{rel}","templated":true}]}}