{"id":70197,"date":"2009-03-30T15:52:26","date_gmt":"2009-03-30T15:52:26","guid":{"rendered":"http:\/\/diariodominicano.ddns.net\/?p=70197"},"modified":"2009-03-30T15:52:26","modified_gmt":"2009-03-30T15:52:26","slug":"la-capital-americana-de-la-cultura-santo-domingo-2010-tendra-un-punto-de-informacion-internacional-en-atenas","status":"publish","type":"post","link":"https:\/\/diariodominicano.com\/?p=70197","title":{"rendered":"La Capital Americana de la Cultura Santo Domingo 2010 tendr\u00e1 un punto de informaci\u00f3n internacional en Atenas"},"content":{"rendered":"<p><body><\/p>\n<p><img decoding=\"async\" src=\"http:\/\/localhost:8080\/img3\/tudeca.jpg\" \/>  <\/p>\n<p><span class=\"text1noticias\">Atenas (Grecia), 30-03-2009<\/span><\/p>\n<\/p>\n<p><span class=\"text1noticias\">La ciudad de Santo Domingo, en su condici\u00f3n de Capital Americana de la Cultura 2010, dispondr\u00e1 de un espacio espec\u00edfico en el Centro Internacional de Documentaci\u00f3n de Capitales Culturales de Atenas (Grecia). Esta ciudad fue la primera Capital Cultural de la historia, en 1985, con el nombre de Capital Europea de la Cultura.<\/span><\/p>\n<\/p>\n<p><span class=\"text1noticias\">La documentaci\u00f3n que la Capital Americana de la Cultura Santo Domingo 2010 produzca se guardar\u00e1 para los estudiosos del futuro en este Centro, igualmente como en el archivo hist\u00f3rico del Bureau Internacional de Capitales Culturales, en Barcelona.<\/span><\/p>\n<\/p>\n<p><span class=\"text1noticias\">El Centro Internacional de Documentaci\u00f3n de Capitales Culturales de Atenas ha sido instituido por el alcalde de esta ciudad, Nikitas Kaklamanis, a iniciativa de Rodolfo Maslias, anterior Secretario General de la Red Europea de Capitales Culturales, con la voluntad de que todas las capitales culturales del mundo puedan depositar informaci\u00f3n de sus capitales culturales y se preserve esta documentaci\u00f3n para el futuro. <\/span><\/p>\n<\/p>\n<p><span class=\"text1noticias\">El alcalde de Atenas ha elegido a tres personas de reconocido prestigio internacional en el \u00e1mbito de las capitales culturales para formar el Comit\u00e9 Internacional que dirige este Centro. Son el alem\u00e1n Joerg-Ingo Weber, el griego Christos Roilos y Xavier Tudela, Presidente del Bureau Internacional de Capitales Culturales. <\/span><\/p>\n<p><span class=\"text1noticias\"> <\/span><\/p>\n<p><span class=\"text1noticias\">Por su trabajo en el \u00e1mbito de las capitales culturales, Xavier Tudela ha sido distinguido en el continente americano por las ciudades de Austin (Texas, Estados Unidos de Am\u00e9rica); Guadalajara (Jalisco, M\u00e9xico); C\u00f3rdoba (C\u00f3rdoba, Argentina) y las ciudades brasile\u00f1as de Curitiba (Paran\u00e1), S\u00e3o Jo\u00e3o del Rei (Minas Gerais) y Olinda (Pernambuco), adem\u00e1s de otros reconocimientos en Europa.<\/span><\/p>\n<h6> 2009-03-30 15:52:26 <\/h6>\n<p><!--\n<link rel=\"stylesheet\" href=\"css\/bootstrap.min.css\">\n\n\n<ul class=\"pagination\">\n\t    \n\t\n\n<li >\n\t<a href='?page_no=21874'>Previous<\/a>\n\t<\/li>\n\n\n       \n    \n\n<li><a href='?page_no=1'>1<\/a><\/li>\n\n\n\n<li><a href='?page_no=2'>2<\/a><\/li>\n\n\n\n<li><a>...<\/a><\/li>\n\n\n\n<li><a href='?page_no=21873'>21873<\/a><\/li>\n\n\n\n<li><a href='?page_no=21874'>21874<\/a><\/li>\n\n\n\n<li class='active'><a>21875<\/a><\/li>\n\n\n\n<li><a href='?page_no=21876'>21876<\/a><\/li>\n\n\n\n<li><a href='?page_no=21877'>21877<\/a><\/li>\n\n\n\n<li><a>...<\/a><\/li>\n\n\n\n<li><a href='?page_no=22911'>22911<\/a><\/li>\n\n\n\n<li><a href='?page_no=22912'>22912<\/a><\/li>\n\n    \n\t\n\n<li >\n\t<a href='?page_no=21876'>Next<\/a>\n\t<\/li>\n\n\n    \n\n<li><a href='?page_no=22912'>Last &rsaquo;&rsaquo;<\/a><\/li>\n\n<\/ul>\n\n\n--><br \/>\n<\/body><\/p>\n","protected":false},"excerpt":{"rendered":"<p>Atenas (Grecia), 30-03-2009 La ciudad de Santo Domingo, en su condici\u00f3n de Capital Americana de la Cultura 2010, dispondr\u00e1 de un espacio espec\u00edfico en el Centro Internacional de Documentaci\u00f3n de Capitales Culturales de Atenas (Grecia). Esta ciudad fue la primera Capital Cultural de la historia, en 1985, con el nombre de Capital Europea de la [&hellip;]<\/p>\n","protected":false},"author":3,"featured_media":0,"comment_status":"open","ping_status":"open","sticky":false,"template":"","format":"standard","meta":{"footnotes":""},"categories":[21],"tags":[],"class_list":["post-70197","post","type-post","status-publish","format-standard","hentry","category-cultura"],"_links":{"self":[{"href":"https:\/\/diariodominicano.com\/index.php?rest_route=\/wp\/v2\/posts\/70197","targetHints":{"allow":["GET"]}}],"collection":[{"href":"https:\/\/diariodominicano.com\/index.php?rest_route=\/wp\/v2\/posts"}],"about":[{"href":"https:\/\/diariodominicano.com\/index.php?rest_route=\/wp\/v2\/types\/post"}],"author":[{"embeddable":true,"href":"https:\/\/diariodominicano.com\/index.php?rest_route=\/wp\/v2\/users\/3"}],"replies":[{"embeddable":true,"href":"https:\/\/diariodominicano.com\/index.php?rest_route=%2Fwp%2Fv2%2Fcomments&post=70197"}],"version-history":[{"count":0,"href":"https:\/\/diariodominicano.com\/index.php?rest_route=\/wp\/v2\/posts\/70197\/revisions"}],"wp:attachment":[{"href":"https:\/\/diariodominicano.com\/index.php?rest_route=%2Fwp%2Fv2%2Fmedia&parent=70197"}],"wp:term":[{"taxonomy":"category","embeddable":true,"href":"https:\/\/diariodominicano.com\/index.php?rest_route=%2Fwp%2Fv2%2Fcategories&post=70197"},{"taxonomy":"post_tag","embeddable":true,"href":"https:\/\/diariodominicano.com\/index.php?rest_route=%2Fwp%2Fv2%2Ftags&post=70197"}],"curies":[{"name":"wp","href":"https:\/\/api.w.org\/{rel}","templated":true}]}}