{"id":70195,"date":"2009-03-30T16:06:27","date_gmt":"2009-03-30T16:06:27","guid":{"rendered":"http:\/\/diariodominicano.ddns.net\/?p=70195"},"modified":"2009-03-30T16:06:27","modified_gmt":"2009-03-30T16:06:27","slug":"oficina-de-promocion-turistica-de-la-republica-dominicana-en-puerto-rico-otorga-reconocimiento-a-milly-quezada","status":"publish","type":"post","link":"https:\/\/diariodominicano.com\/?p=70195","title":{"rendered":"OFICINA DE PROMOCION TURISTICA DE LA REPUBLICA DOMINICANA  EN PUERTO RICO OTORGA RECONOCIMIENTO A MILLY QUEZADA"},"content":{"rendered":"<p><body><\/p>\n<p><img decoding=\"async\" src=\"http:\/\/localhost:8080\/img3\/comuni.jpg\" \/>  <\/p>\n<p><span class=\"text1noticias\">Reconocen su exitosa trayectoria como exponente del merengue alrededor del mundo<\/span><\/p>\n<\/p>\n<p><span class=\"text1noticias\">San Juan, Puerto Rico (26 de marzo de 2009) ? La Oficina de Promoci\u00f3n Tur\u00edstica de la Rep\u00fablica Dominicana en Puerto Rico (OPT) celebr\u00f3 un acto de reconocimiento a la cantante Milly Quezada por su exitosa trayectoria art\u00edstica y ejecutorias como embajadora cultural de la Rep\u00fablica Dominicana alrededor del mundo.<\/span><\/p>\n<\/p>\n<p><span class=\"text1noticias\">?El merengue y nuestra m\u00fasica son un importante, sino el m\u00e1s, producto de exportaci\u00f3n de la Rep\u00fablica Dominicana. Con cada nota musical, los amantes de nuestros ritmos se acercan, disfrutan y viven una parte de la cultura de nuestro pa\u00eds. Es por eso que nos sentimos tan orgullosos de la exitosa carrera de Milly Quezada, quien ha representado a la Rep\u00fablica Dominicana y a toda la regi\u00f3n del Caribe en los principales escenarios del mundo. Milly lleva nuestra m\u00fasica, nuestra alegr\u00eda y nuestro esp\u00edritu en todas sus canciones. Contagia a todos con su entusiasmo y presenta al mundo un rostro digno y positivo de los dominicanos?, expres\u00f3 Cosette Garc\u00eda, directora de la Oficina de Promoci\u00f3n Tur\u00edstica de la Rep\u00fablica Dominicana en Puerto Rico.<\/span><\/p>\n<\/p>\n<p><span class=\"text1noticias\">La Sra. Garc\u00eda denomin\u00f3 a Milly Quezada como Embajadora Tur\u00edstica y Cultural de la Rep\u00fablica Dominicana y exhort\u00f3 a todos los dominicanos a seguir el ejemplo de dedicaci\u00f3n y consistencia de la denominada ?Reina del Merengue?.<\/span><\/p>\n<\/p>\n<p><span class=\"text1noticias\">?Al igual que nuestra m\u00fasica, nuestro pa\u00eds es uno rico en matices. Invito a todos los que disfrutan de las canciones de Milly, a que vengan a bailar merengue, bachata y todos nuestros ritmos en la Rep\u00fablica Dominicana, a la vez que se deleitan con los atractivos naturales y tur\u00edsticos del destino vacacional m\u00e1s completo de todo el Caribe?, afirm\u00f3 la directora de la OPT.<\/span><\/p>\n<\/p>\n<p><span class=\"text1noticias\">Milly Quezada presentar\u00e1 un concierto en el Centro de Bellas Artes de Santurce este s\u00e1bado, 28 de marzo, en el que presentar\u00e1 los \u00e9xitos m\u00e1s recientes de su grabaci\u00f3n ?S\u00f3lo faltas t\u00fa?, adem\u00e1s de las canciones que la dieron a conocer en las d\u00e9cadas de los 70?s y 80?s cuando integraba el conjunto ?Milly, Jocelyn y los Vecinos?, y luego como solista.<\/span><\/p>\n<p><span class=\"text1noticias\">El concierto ?Una Noche con Milly? incluir\u00e1 como atractivo la participaci\u00f3n de Jocelyn, quien por primera vez en Puerto Rico luego de su retiro de la m\u00fasica popular, se une a su hermana para deleite del p\u00fablico local.<\/span><\/p>\n<h6> 2009-03-30 16:06:27 <\/h6>\n<p><!--\n<link rel=\"stylesheet\" href=\"css\/bootstrap.min.css\">\n\n\n<ul class=\"pagination\">\n\t    \n\t\n\n<li >\n\t<a href='?page_no=21872'>Previous<\/a>\n\t<\/li>\n\n\n       \n    \n\n<li><a href='?page_no=1'>1<\/a><\/li>\n\n\n\n<li><a href='?page_no=2'>2<\/a><\/li>\n\n\n\n<li><a>...<\/a><\/li>\n\n\n\n<li><a href='?page_no=21871'>21871<\/a><\/li>\n\n\n\n<li><a href='?page_no=21872'>21872<\/a><\/li>\n\n\n\n<li class='active'><a>21873<\/a><\/li>\n\n\n\n<li><a href='?page_no=21874'>21874<\/a><\/li>\n\n\n\n<li><a href='?page_no=21875'>21875<\/a><\/li>\n\n\n\n<li><a>...<\/a><\/li>\n\n\n\n<li><a href='?page_no=22911'>22911<\/a><\/li>\n\n\n\n<li><a href='?page_no=22912'>22912<\/a><\/li>\n\n    \n\t\n\n<li >\n\t<a href='?page_no=21874'>Next<\/a>\n\t<\/li>\n\n\n    \n\n<li><a href='?page_no=22912'>Last &rsaquo;&rsaquo;<\/a><\/li>\n\n<\/ul>\n\n\n--><br \/>\n<\/body><\/p>\n","protected":false},"excerpt":{"rendered":"<p>Reconocen su exitosa trayectoria como exponente del merengue alrededor del mundo San Juan, Puerto Rico (26 de marzo de 2009) ? La Oficina de Promoci\u00f3n Tur\u00edstica de la Rep\u00fablica Dominicana en Puerto Rico (OPT) celebr\u00f3 un acto de reconocimiento a la cantante Milly Quezada por su exitosa trayectoria art\u00edstica y ejecutorias como embajadora cultural de [&hellip;]<\/p>\n","protected":false},"author":3,"featured_media":0,"comment_status":"open","ping_status":"open","sticky":false,"template":"","format":"standard","meta":{"footnotes":""},"categories":[21],"tags":[],"class_list":["post-70195","post","type-post","status-publish","format-standard","hentry","category-cultura"],"_links":{"self":[{"href":"https:\/\/diariodominicano.com\/index.php?rest_route=\/wp\/v2\/posts\/70195","targetHints":{"allow":["GET"]}}],"collection":[{"href":"https:\/\/diariodominicano.com\/index.php?rest_route=\/wp\/v2\/posts"}],"about":[{"href":"https:\/\/diariodominicano.com\/index.php?rest_route=\/wp\/v2\/types\/post"}],"author":[{"embeddable":true,"href":"https:\/\/diariodominicano.com\/index.php?rest_route=\/wp\/v2\/users\/3"}],"replies":[{"embeddable":true,"href":"https:\/\/diariodominicano.com\/index.php?rest_route=%2Fwp%2Fv2%2Fcomments&post=70195"}],"version-history":[{"count":0,"href":"https:\/\/diariodominicano.com\/index.php?rest_route=\/wp\/v2\/posts\/70195\/revisions"}],"wp:attachment":[{"href":"https:\/\/diariodominicano.com\/index.php?rest_route=%2Fwp%2Fv2%2Fmedia&parent=70195"}],"wp:term":[{"taxonomy":"category","embeddable":true,"href":"https:\/\/diariodominicano.com\/index.php?rest_route=%2Fwp%2Fv2%2Fcategories&post=70195"},{"taxonomy":"post_tag","embeddable":true,"href":"https:\/\/diariodominicano.com\/index.php?rest_route=%2Fwp%2Fv2%2Ftags&post=70195"}],"curies":[{"name":"wp","href":"https:\/\/api.w.org\/{rel}","templated":true}]}}