{"id":70194,"date":"2009-03-30T16:21:02","date_gmt":"2009-03-30T16:21:02","guid":{"rendered":"http:\/\/diariodominicano.ddns.net\/?p=70194"},"modified":"2009-03-30T16:21:02","modified_gmt":"2009-03-30T16:21:02","slug":"encabezan-actos-batalla-30-de-marzo","status":"publish","type":"post","link":"https:\/\/diariodominicano.com\/?p=70194","title":{"rendered":"Encabezan actos batalla 30 de marzo"},"content":{"rendered":"<p><body><\/p>\n<p><span class=\"text1noticias\">SANTIAGO.-  Con el inter\u00e9s de preservar el civismo y valor patri\u00f3tico en el municipio de Santiago, las autoridades municipales encabezaron los actos con motivo del 165 aniversario de la Batalla del 30 de Marzo o Batalla de Santiago.<\/span><\/p>\n<\/p>\n<p><span class=\"text1noticias\">A las 8:00 de la ma\u00f1ana  funcionarios municipales, autoridades militares y destacadas personalidades, enhestaron la Bandera Nacional con Honores Militares de estilo, salvas de 21 ca\u00f1onazo, interpret\u00e1ndose el Himno Nacional y el Himno dedicado a la Batalla de Santiago. Luego, se realiz\u00f3 un dep\u00f3sito de ofrenda floral en el parque Imbert.<\/span><\/p>\n<\/p>\n<p><span class=\"text1noticias\">En representaci\u00f3n del s\u00edndico Jos\u00e9 Enrique Sued, habl\u00f3 el Secretario Administrativo, V\u00edctor Garc\u00eda Sued, destacando la batalla como una gesta hist\u00f3rica determinante en la consolidaci\u00f3n de nuestra soberan\u00eda nacional.<\/span><\/p>\n<\/p>\n<p><span class=\"text1noticias\">Resalt\u00f3 el patriotismo de los h\u00e9roes Fernando Valerio y Jos\u00e9 Mar\u00eda Imbert, los cuales con su lucha y valent\u00eda impidieron que las tropas haitianas tomaran el control nuevamente de la naci\u00f3n dominicana.<\/span><\/p>\n<\/p>\n<p><span class=\"text1noticias\">?Un d\u00eda como hoy, se produjo esta batalla del 30 de Marzo o  Batalla de Santiago,  haza\u00f1a que como santiagueros nos llena de mucho orgullo, ya que nos demuestra que en nuestra historia existieron hombres y mujeres dispuestos a luchar por nuestra independencia?, afirm\u00f3 Garc\u00eda Sued.<\/span><\/p>\n<\/p>\n<p><span class=\"text1noticias\">Los actos incluyeron, adem\u00e1s, un Tedeum oficiado por su Excelencia Reverend\u00edsima, monse\u00f1or Ram\u00f3n Benito de la Rosa y Carpio, Arzobispo Metropolitano de  Santiago, en la Catedral Santiago Ap\u00f3stol.<\/span><\/p>\n<\/p>\n<p><span class=\"text1noticias\">En la actividad estuvieron presentes, el vicepresidente de la Rep\u00fablica, doctor Rafael Alburquerque, el gobernador Jos\u00e9 Izquierdo, el presidente de la Sala Capitular, Rafael Ulises Cruz, la vices\u00edndica, doctora Petrouschka Mu\u00f1oz, , el secretario de Industria y Comercio, Monchy Fadul, el senador Francisco Dom\u00ednguez Brito, el procurador fiscal, Ra\u00fal Mart\u00ednez, entre otras personalidades.<\/span><\/p>\n<h6> 2009-03-30 16:21:02 <\/h6>\n<p><!--\n<link rel=\"stylesheet\" href=\"css\/bootstrap.min.css\">\n\n\n<ul class=\"pagination\">\n\t    \n\t\n\n<li >\n\t<a href='?page_no=21871'>Previous<\/a>\n\t<\/li>\n\n\n       \n    \n\n<li><a href='?page_no=1'>1<\/a><\/li>\n\n\n\n<li><a href='?page_no=2'>2<\/a><\/li>\n\n\n\n<li><a>...<\/a><\/li>\n\n\n\n<li><a href='?page_no=21870'>21870<\/a><\/li>\n\n\n\n<li><a href='?page_no=21871'>21871<\/a><\/li>\n\n\n\n<li class='active'><a>21872<\/a><\/li>\n\n\n\n<li><a href='?page_no=21873'>21873<\/a><\/li>\n\n\n\n<li><a href='?page_no=21874'>21874<\/a><\/li>\n\n\n\n<li><a>...<\/a><\/li>\n\n\n\n<li><a href='?page_no=22911'>22911<\/a><\/li>\n\n\n\n<li><a href='?page_no=22912'>22912<\/a><\/li>\n\n    \n\t\n\n<li >\n\t<a href='?page_no=21873'>Next<\/a>\n\t<\/li>\n\n\n    \n\n<li><a href='?page_no=22912'>Last &rsaquo;&rsaquo;<\/a><\/li>\n\n<\/ul>\n\n\n--><br \/>\n<\/body><\/p>\n","protected":false},"excerpt":{"rendered":"<p>SANTIAGO.- Con el inter\u00e9s de preservar el civismo y valor patri\u00f3tico en el municipio de Santiago, las autoridades municipales encabezaron los actos con motivo del 165 aniversario de la Batalla del 30 de Marzo o Batalla de Santiago. A las 8:00 de la ma\u00f1ana funcionarios municipales, autoridades militares y destacadas personalidades, enhestaron la Bandera Nacional [&hellip;]<\/p>\n","protected":false},"author":3,"featured_media":0,"comment_status":"open","ping_status":"open","sticky":false,"template":"","format":"standard","meta":{"footnotes":""},"categories":[21],"tags":[],"class_list":["post-70194","post","type-post","status-publish","format-standard","hentry","category-cultura"],"_links":{"self":[{"href":"https:\/\/diariodominicano.com\/index.php?rest_route=\/wp\/v2\/posts\/70194","targetHints":{"allow":["GET"]}}],"collection":[{"href":"https:\/\/diariodominicano.com\/index.php?rest_route=\/wp\/v2\/posts"}],"about":[{"href":"https:\/\/diariodominicano.com\/index.php?rest_route=\/wp\/v2\/types\/post"}],"author":[{"embeddable":true,"href":"https:\/\/diariodominicano.com\/index.php?rest_route=\/wp\/v2\/users\/3"}],"replies":[{"embeddable":true,"href":"https:\/\/diariodominicano.com\/index.php?rest_route=%2Fwp%2Fv2%2Fcomments&post=70194"}],"version-history":[{"count":0,"href":"https:\/\/diariodominicano.com\/index.php?rest_route=\/wp\/v2\/posts\/70194\/revisions"}],"wp:attachment":[{"href":"https:\/\/diariodominicano.com\/index.php?rest_route=%2Fwp%2Fv2%2Fmedia&parent=70194"}],"wp:term":[{"taxonomy":"category","embeddable":true,"href":"https:\/\/diariodominicano.com\/index.php?rest_route=%2Fwp%2Fv2%2Fcategories&post=70194"},{"taxonomy":"post_tag","embeddable":true,"href":"https:\/\/diariodominicano.com\/index.php?rest_route=%2Fwp%2Fv2%2Ftags&post=70194"}],"curies":[{"name":"wp","href":"https:\/\/api.w.org\/{rel}","templated":true}]}}