{"id":70191,"date":"2009-03-30T21:42:19","date_gmt":"2009-03-30T21:42:19","guid":{"rendered":"http:\/\/diariodominicano.ddns.net\/?p=70191"},"modified":"2009-03-30T21:42:19","modified_gmt":"2009-03-30T21:42:19","slug":"geo-ripley-presenta-en-la-oficina-bajo-la-coordinacion-de-la-subsecretaria-de-desarrollo-institucional-de-cultura","status":"publish","type":"post","link":"https:\/\/diariodominicano.com\/?p=70191","title":{"rendered":"Geo Ripley presenta: ?En la oficina?, bajo la coordinaci\u00f3n de la Subsecretar\u00eda de Desarrollo Institucional de Cultura"},"content":{"rendered":"<p><body><\/p>\n<p><img decoding=\"async\" src=\"img3\/pinto.jpg\" \/>  <\/p>\n<p><span class=\"text1noticias\">La  Secretar\u00eda de Estado de Cultura,a trav\u00e8s de la Subsecretar\u00eca de Desarrollo Institucional, presenta al artista Geo Ripley con la exposici\u00f3n ?En la oficina?.<\/span><\/p>\n<p><span class=\"text1noticias\"> <\/span><\/p>\n<p><span class=\"text1noticias\">La muestra pict\u00f3rica consta  de 11 obras realizadas en t\u00e9cnica mixta en formatos grandes, con gran colorido y elementos de origen africanos.<\/span><\/p>\n<p><span class=\"text1noticias\"> <\/span><\/p>\n<p><span class=\"text1noticias\">Entre las obras expuestas est\u00e1n, ?Madre Africa?, ?Arco iris de vida?, ?No?, ?Dahabala y Aida?, ?El Mandala?, ?y en el centro esta la luz?, ?Las aves: mensajera de la divinidad?, ?Latir: vida?, ?Oddulua, la piedra que es vida, performance? y ?M\u00e1scara Ashanti?.<\/span><\/p>\n<p><span class=\"text1noticias\"> <\/span><\/p>\n<p><span class=\"text1noticias\">En la muestra , el artista trae una parte de Madre Africa, su colorido, enigma y pasi\u00f3n reflejados en cada una de sus obras como forma de dar vida a or\u00edgenes ancestrales que respaldan vivencias y culturas.<\/span><\/p>\n<p><span class=\"text1noticias\"> <\/span><\/p>\n<p><span class=\"text1noticias\">BIOGRAFIA DE GEO RIPLEY<\/span><\/p>\n<p><span class=\"text1noticias\"> <\/span><\/p>\n<p><span class=\"text1noticias\">Ripley, artista pl\u00e1stico que tambi\u00e9n es escritor, acaba de publicar la ampliaci\u00f3n de una ponencia titulada ?Im\u00e1genes de posesi\u00f3n: Vud\u00fa Dominicano?, hecha en el marco del foro ?La proyecci\u00f3n hist\u00f3rica y las perspectivas de los pueblos afroamericanos?.   <\/span><\/p>\n<h6> 2009-03-30 21:42:19 <\/h6>\n<p><!--\n<link rel=\"stylesheet\" href=\"css\/bootstrap.min.css\">\n\n\n<ul class=\"pagination\">\n\t    \n\t\n\n<li >\n\t<a href='?page_no=21868'>Previous<\/a>\n\t<\/li>\n\n\n       \n    \n\n<li><a href='?page_no=1'>1<\/a><\/li>\n\n\n\n<li><a href='?page_no=2'>2<\/a><\/li>\n\n\n\n<li><a>...<\/a><\/li>\n\n\n\n<li><a href='?page_no=21867'>21867<\/a><\/li>\n\n\n\n<li><a href='?page_no=21868'>21868<\/a><\/li>\n\n\n\n<li class='active'><a>21869<\/a><\/li>\n\n\n\n<li><a href='?page_no=21870'>21870<\/a><\/li>\n\n\n\n<li><a href='?page_no=21871'>21871<\/a><\/li>\n\n\n\n<li><a>...<\/a><\/li>\n\n\n\n<li><a href='?page_no=22911'>22911<\/a><\/li>\n\n\n\n<li><a href='?page_no=22912'>22912<\/a><\/li>\n\n    \n\t\n\n<li >\n\t<a href='?page_no=21870'>Next<\/a>\n\t<\/li>\n\n\n    \n\n<li><a href='?page_no=22912'>Last &rsaquo;&rsaquo;<\/a><\/li>\n\n<\/ul>\n\n\n--><br \/>\n<\/body><\/p>\n","protected":false},"excerpt":{"rendered":"<p>La Secretar\u00eda de Estado de Cultura,a trav\u00e8s de la Subsecretar\u00eca de Desarrollo Institucional, presenta al artista Geo Ripley con la exposici\u00f3n ?En la oficina?. La muestra pict\u00f3rica consta de 11 obras realizadas en t\u00e9cnica mixta en formatos grandes, con gran colorido y elementos de origen africanos. Entre las obras expuestas est\u00e1n, ?Madre Africa?, ?Arco iris [&hellip;]<\/p>\n","protected":false},"author":3,"featured_media":0,"comment_status":"open","ping_status":"open","sticky":false,"template":"","format":"standard","meta":{"footnotes":""},"categories":[21],"tags":[],"class_list":["post-70191","post","type-post","status-publish","format-standard","hentry","category-cultura"],"_links":{"self":[{"href":"https:\/\/diariodominicano.com\/index.php?rest_route=\/wp\/v2\/posts\/70191","targetHints":{"allow":["GET"]}}],"collection":[{"href":"https:\/\/diariodominicano.com\/index.php?rest_route=\/wp\/v2\/posts"}],"about":[{"href":"https:\/\/diariodominicano.com\/index.php?rest_route=\/wp\/v2\/types\/post"}],"author":[{"embeddable":true,"href":"https:\/\/diariodominicano.com\/index.php?rest_route=\/wp\/v2\/users\/3"}],"replies":[{"embeddable":true,"href":"https:\/\/diariodominicano.com\/index.php?rest_route=%2Fwp%2Fv2%2Fcomments&post=70191"}],"version-history":[{"count":0,"href":"https:\/\/diariodominicano.com\/index.php?rest_route=\/wp\/v2\/posts\/70191\/revisions"}],"wp:attachment":[{"href":"https:\/\/diariodominicano.com\/index.php?rest_route=%2Fwp%2Fv2%2Fmedia&parent=70191"}],"wp:term":[{"taxonomy":"category","embeddable":true,"href":"https:\/\/diariodominicano.com\/index.php?rest_route=%2Fwp%2Fv2%2Fcategories&post=70191"},{"taxonomy":"post_tag","embeddable":true,"href":"https:\/\/diariodominicano.com\/index.php?rest_route=%2Fwp%2Fv2%2Ftags&post=70191"}],"curies":[{"name":"wp","href":"https:\/\/api.w.org\/{rel}","templated":true}]}}