{"id":70190,"date":"2009-03-31T16:22:27","date_gmt":"2009-03-31T16:22:27","guid":{"rendered":"http:\/\/diariodominicano.ddns.net\/?p=70190"},"modified":"2009-03-31T16:22:27","modified_gmt":"2009-03-31T16:22:27","slug":"se-celebrara-alfombra-verde","status":"publish","type":"post","link":"https:\/\/diariodominicano.com\/?p=70190","title":{"rendered":"Se celebrar\u00e1 Alfombra Verde"},"content":{"rendered":"<p><body><\/p>\n<p><img decoding=\"async\" src=\"http:\/\/localhost:8080\/img3\/alfomba.jpg\" \/>  <\/p>\n<p><span class=\"text1noticias\">Con el apoyo de decenas de instituciones y centenares de profesionales pro ambientales, en los pr\u00f3ximos meses se celebrar\u00e1 la primera gala ambiental dominicana ?La Alfombra Verde? que se realizar\u00e1 cada a\u00f1o y ser\u00e1 el punto de partida de una campa\u00f1a nacional de concienciaci\u00f3n y gesti\u00f3n ambiental.<\/span><\/p>\n<\/p>\n<p><span class=\"text1noticias\">La Alfombra Verde se celebrar\u00e1 el 5 de Junio D\u00eda Mundial del Medio Ambiente donde la naturaleza ser\u00e1 la celebridad, acompa\u00f1ada de im\u00e1genes y sonidos se premiar\u00e1n las empresas y personas pro ambientales, campesinos, artistas y cient\u00edficos en general.<\/span><\/p>\n<\/p>\n<p><span class=\"text1noticias\">El montaje del evento estar\u00e1 inspirado en la naturaleza con un dise\u00f1o contempor\u00e1neo y una pasarela a la altura de festivales internacionales. El fuerte este a\u00f1o ser\u00e1 el estreno mundial del documental ?Dominicana Verde?; luego del estreno iniciar\u00e1 una gira de proyecciones en su mayor\u00eda gratuitas por toda la geograf\u00eda nacional incluyendo cines, universidades, escuelas, iglesias y clubes.<\/span><\/p>\n<\/p>\n<p><span class=\"text1noticias\">?Dominicana Verde? trata  las realidades del calentamiento global visto de manera particular desde Rep\u00fablica Dominicana, relatos de personas afectadas por cat\u00e1strofes clim\u00e1ticas, campesinos pro ambientales, zonas vulnerables o protegidas y  especies amenazadas.  Los t\u00f3picos del documental estar\u00e1n  articulados por  el viaje al lugar de los hechos de destacadas  figuras de la vida p\u00fablica nacional, comunicadores, artistas y expertos en el \u00e1rea, quienes nos conectar\u00e1n con los temas ambientales m\u00e1s representativos de nuestro pa\u00eds.<\/span><\/p>\n<\/p>\n<p><span class=\"text1noticias\">El documental ser\u00e1 dirigido por Roddy P\u00e9rez, producido por Audiovisual Dominicana con la participaci\u00f3n de Ico Abreu, Tim Voelkner, Alex Saint-Hilaire. <\/span><\/p>\n<h6> 2009-03-31 16:22:27 <\/h6>\n<p><!--\n<link rel=\"stylesheet\" href=\"css\/bootstrap.min.css\">\n\n\n<ul class=\"pagination\">\n\t    \n\t\n\n<li >\n\t<a href='?page_no=21867'>Previous<\/a>\n\t<\/li>\n\n\n       \n    \n\n<li><a href='?page_no=1'>1<\/a><\/li>\n\n\n\n<li><a href='?page_no=2'>2<\/a><\/li>\n\n\n\n<li><a>...<\/a><\/li>\n\n\n\n<li><a href='?page_no=21866'>21866<\/a><\/li>\n\n\n\n<li><a href='?page_no=21867'>21867<\/a><\/li>\n\n\n\n<li class='active'><a>21868<\/a><\/li>\n\n\n\n<li><a href='?page_no=21869'>21869<\/a><\/li>\n\n\n\n<li><a href='?page_no=21870'>21870<\/a><\/li>\n\n\n\n<li><a>...<\/a><\/li>\n\n\n\n<li><a href='?page_no=22911'>22911<\/a><\/li>\n\n\n\n<li><a href='?page_no=22912'>22912<\/a><\/li>\n\n    \n\t\n\n<li >\n\t<a href='?page_no=21869'>Next<\/a>\n\t<\/li>\n\n\n    \n\n<li><a href='?page_no=22912'>Last &rsaquo;&rsaquo;<\/a><\/li>\n\n<\/ul>\n\n\n--><br \/>\n<\/body><\/p>\n","protected":false},"excerpt":{"rendered":"<p>Con el apoyo de decenas de instituciones y centenares de profesionales pro ambientales, en los pr\u00f3ximos meses se celebrar\u00e1 la primera gala ambiental dominicana ?La Alfombra Verde? que se realizar\u00e1 cada a\u00f1o y ser\u00e1 el punto de partida de una campa\u00f1a nacional de concienciaci\u00f3n y gesti\u00f3n ambiental. La Alfombra Verde se celebrar\u00e1 el 5 de [&hellip;]<\/p>\n","protected":false},"author":3,"featured_media":0,"comment_status":"open","ping_status":"open","sticky":false,"template":"","format":"standard","meta":{"footnotes":""},"categories":[21],"tags":[],"class_list":["post-70190","post","type-post","status-publish","format-standard","hentry","category-cultura"],"_links":{"self":[{"href":"https:\/\/diariodominicano.com\/index.php?rest_route=\/wp\/v2\/posts\/70190","targetHints":{"allow":["GET"]}}],"collection":[{"href":"https:\/\/diariodominicano.com\/index.php?rest_route=\/wp\/v2\/posts"}],"about":[{"href":"https:\/\/diariodominicano.com\/index.php?rest_route=\/wp\/v2\/types\/post"}],"author":[{"embeddable":true,"href":"https:\/\/diariodominicano.com\/index.php?rest_route=\/wp\/v2\/users\/3"}],"replies":[{"embeddable":true,"href":"https:\/\/diariodominicano.com\/index.php?rest_route=%2Fwp%2Fv2%2Fcomments&post=70190"}],"version-history":[{"count":0,"href":"https:\/\/diariodominicano.com\/index.php?rest_route=\/wp\/v2\/posts\/70190\/revisions"}],"wp:attachment":[{"href":"https:\/\/diariodominicano.com\/index.php?rest_route=%2Fwp%2Fv2%2Fmedia&parent=70190"}],"wp:term":[{"taxonomy":"category","embeddable":true,"href":"https:\/\/diariodominicano.com\/index.php?rest_route=%2Fwp%2Fv2%2Fcategories&post=70190"},{"taxonomy":"post_tag","embeddable":true,"href":"https:\/\/diariodominicano.com\/index.php?rest_route=%2Fwp%2Fv2%2Ftags&post=70190"}],"curies":[{"name":"wp","href":"https:\/\/api.w.org\/{rel}","templated":true}]}}