{"id":70188,"date":"2009-03-31T16:26:14","date_gmt":"2009-03-31T16:26:14","guid":{"rendered":"http:\/\/diariodominicano.ddns.net\/?p=70188"},"modified":"2009-03-31T16:26:14","modified_gmt":"2009-03-31T16:26:14","slug":"usaid-lanza-proyecto-para-el-desarrollo-comunitario-de-los-bateyes","status":"publish","type":"post","link":"https:\/\/diariodominicano.com\/?p=70188","title":{"rendered":"USAID lanza proyecto para el desarrollo comunitario de los bateyes"},"content":{"rendered":"<p><body><\/p>\n<p><span class=\"text1noticias\">SAN PEDRO DE MACORIS. La Agencia de los Estados Unidos para el Desarrollo Internacional (USAID) present\u00f3 su nuevo proyecto para el Desarrollo Comunitario de los Bateyes. El mismo, que cuenta con un aporte de 117 millones de pesos por parte de la USAID, ser\u00e1 ejecutado por Save the Children USA, Fundaci\u00f3n para el Desarrollo Comunitario Save the Children Dominicana (FUDECO) y Mujeres en Desarrollo Dominicana (MUDE).<\/span><\/p>\n<\/p>\n<p><span class=\"text1noticias\">Durante el lanzamiento del proyecto, el Director de la USAID, el se\u00f1or Richard Goughnour, enfatiz\u00f3: ?Este proyecto cuenta con un abordaje integrado enfocado en servicios b\u00e1sicos de salud y educaci\u00f3n, nutrici\u00f3n, agua potable y sistemas de saneamiento as\u00ed como tambi\u00e9n reparaci\u00f3n de refugios?.<\/span><\/p>\n<\/p>\n<p><span class=\"text1noticias\">Para la ejecuci\u00f3n de este proyecto la USAID y sus socios ejecutores, Save the Children USA, FUDECO y MUDE, trabajar\u00e1n en colaboraci\u00f3n con el Consejo Estatal de Az\u00facar (CEA), la Secretar\u00eda de Estado de Educaci\u00f3n (SEE), la Secretar\u00eda de Estado de Salud P\u00fablica y Asistencia Social (SESPAS) y otras instituciones p\u00fablicas y privadas.<\/span><\/p>\n<\/p>\n<p><span class=\"text1noticias\">El nuevo proyecto de la USAID comprender\u00e1 ocho bateyes ubicados en las provincias de Hato Mayor y San Pedro de Macor\u00eds beneficiando aproximadamente a 4,000 familias. El objetivo principal del proyecto es el desarrollo integral en bateyes p\u00fablicos de dichas provincias con el prop\u00f3sito de mejorar la calidad de vida de la poblaci\u00f3n de los bateyes.<\/span><\/p>\n<\/p>\n<p><span class=\"text1noticias\">El enfoque de este proyecto es mejorar la salud y nutrici\u00f3n, la infraestructura b\u00e1sica y la educaci\u00f3n b\u00e1sica incluyendo el desarrollo de oportunidades para j\u00f3venes.<\/span><\/p>\n<\/p>\n<p><span class=\"text1noticias\">En el componente de infraestructura, el proyecto mejorar\u00e1 las instalaciones comunitarias en los bateyes seleccionados a trav\u00e9s de la construcci\u00f3n de letrinas y el mejoramiento de puntos de distribuci\u00f3n de agua y la rehabilitaci\u00f3n de viviendas. Tambi\u00e9n contempla la rehabilitaci\u00f3n o construcci\u00f3n de salones de uso comunitario y el mejoramiento de la capacidad de las comunidades para prepararse para emergencias provocadas por desastres naturales.<\/span><\/p>\n<\/p>\n<p><span class=\"text1noticias\">De igual manera el proyecto trabajar\u00e1 con las comunidades para mejorar las condiciones de salud y nutrici\u00f3n a trav\u00e9s del mejoramiento de la atenci\u00f3n de salud en la comunidad; la capacitaci\u00f3n a promotores de salud y nutrici\u00f3n; la diseminaci\u00f3n de mensajes sobre la prevenci\u00f3n del VIH\/SIDA y enfermedades sexuales; el mejoramiento de pr\u00e1cticas de la higiene y la salud materno-infantil; y el mejoramiento del acceso a agua potable.<\/span><\/p>\n<\/p>\n<p><span class=\"text1noticias\">Bajo el componente de educaci\u00f3n, el proyecto contempla el mejoramiento de la infraestructura de las escuelas incluyendo la construcci\u00f3n y rehabilitaci\u00f3n de aulas para pre-primaria y primarias en escuelas p\u00fablicas; la dotaci\u00f3n de materiales did\u00e1cticos; la capacitaci\u00f3n a maestros de primaria y pre-primaria; y el mejoramiento de las condiciones sanitarias en las escuelas y las pr\u00e1cticas de higiene de los estudiantes.<\/span><\/p>\n<p><span class=\"text1noticias\">En adici\u00f3n, el proyecto promover\u00e1 oportunidades de capacitaci\u00f3n para j\u00f3venes y crear\u00e1 salas de tareas para estudiantes de primaria.<\/span><\/p>\n<h6> 2009-03-31 16:26:14 <\/h6>\n<p><!--\n<link rel=\"stylesheet\" href=\"css\/bootstrap.min.css\">\n\n\n<ul class=\"pagination\">\n\t    \n\t\n\n<li >\n\t<a href='?page_no=21865'>Previous<\/a>\n\t<\/li>\n\n\n       \n    \n\n<li><a href='?page_no=1'>1<\/a><\/li>\n\n\n\n<li><a href='?page_no=2'>2<\/a><\/li>\n\n\n\n<li><a>...<\/a><\/li>\n\n\n\n<li><a href='?page_no=21864'>21864<\/a><\/li>\n\n\n\n<li><a href='?page_no=21865'>21865<\/a><\/li>\n\n\n\n<li class='active'><a>21866<\/a><\/li>\n\n\n\n<li><a href='?page_no=21867'>21867<\/a><\/li>\n\n\n\n<li><a href='?page_no=21868'>21868<\/a><\/li>\n\n\n\n<li><a>...<\/a><\/li>\n\n\n\n<li><a href='?page_no=22911'>22911<\/a><\/li>\n\n\n\n<li><a href='?page_no=22912'>22912<\/a><\/li>\n\n    \n\t\n\n<li >\n\t<a href='?page_no=21867'>Next<\/a>\n\t<\/li>\n\n\n    \n\n<li><a href='?page_no=22912'>Last &rsaquo;&rsaquo;<\/a><\/li>\n\n<\/ul>\n\n\n--><br \/>\n<\/body><\/p>\n","protected":false},"excerpt":{"rendered":"<p>SAN PEDRO DE MACORIS. La Agencia de los Estados Unidos para el Desarrollo Internacional (USAID) present\u00f3 su nuevo proyecto para el Desarrollo Comunitario de los Bateyes. El mismo, que cuenta con un aporte de 117 millones de pesos por parte de la USAID, ser\u00e1 ejecutado por Save the Children USA, Fundaci\u00f3n para el Desarrollo Comunitario [&hellip;]<\/p>\n","protected":false},"author":3,"featured_media":0,"comment_status":"open","ping_status":"open","sticky":false,"template":"","format":"standard","meta":{"footnotes":""},"categories":[21],"tags":[],"class_list":["post-70188","post","type-post","status-publish","format-standard","hentry","category-cultura"],"_links":{"self":[{"href":"https:\/\/diariodominicano.com\/index.php?rest_route=\/wp\/v2\/posts\/70188","targetHints":{"allow":["GET"]}}],"collection":[{"href":"https:\/\/diariodominicano.com\/index.php?rest_route=\/wp\/v2\/posts"}],"about":[{"href":"https:\/\/diariodominicano.com\/index.php?rest_route=\/wp\/v2\/types\/post"}],"author":[{"embeddable":true,"href":"https:\/\/diariodominicano.com\/index.php?rest_route=\/wp\/v2\/users\/3"}],"replies":[{"embeddable":true,"href":"https:\/\/diariodominicano.com\/index.php?rest_route=%2Fwp%2Fv2%2Fcomments&post=70188"}],"version-history":[{"count":0,"href":"https:\/\/diariodominicano.com\/index.php?rest_route=\/wp\/v2\/posts\/70188\/revisions"}],"wp:attachment":[{"href":"https:\/\/diariodominicano.com\/index.php?rest_route=%2Fwp%2Fv2%2Fmedia&parent=70188"}],"wp:term":[{"taxonomy":"category","embeddable":true,"href":"https:\/\/diariodominicano.com\/index.php?rest_route=%2Fwp%2Fv2%2Fcategories&post=70188"},{"taxonomy":"post_tag","embeddable":true,"href":"https:\/\/diariodominicano.com\/index.php?rest_route=%2Fwp%2Fv2%2Ftags&post=70188"}],"curies":[{"name":"wp","href":"https:\/\/api.w.org\/{rel}","templated":true}]}}