{"id":70187,"date":"2009-03-31T17:39:11","date_gmt":"2009-03-31T17:39:11","guid":{"rendered":"http:\/\/diariodominicano.ddns.net\/?p=70187"},"modified":"2009-03-31T17:39:11","modified_gmt":"2009-03-31T17:39:11","slug":"cientos-de-personas-visitan-la-peninsula-de-semana-en-segunda-ruta-de-itinerarios-culturales-de-la-sec","status":"publish","type":"post","link":"https:\/\/diariodominicano.com\/?p=70187","title":{"rendered":"Cientos  de personas visitan la pen\u00ednsula de Seman\u00e1 en segunda ruta de Itinerarios Culturales de la SEC"},"content":{"rendered":"<p><body><\/p>\n<p><img decoding=\"async\" src=\"img3\/cultur.jpg\" \/>  <\/p>\n<p><span class=\"text1noticias\">Cientos de personas disfrutaron de la gastronom\u00eda, de playas, monumentos y la cultura en sus diversas expresiones caracter\u00edsticas de Saman\u00e1, en un extenso recorrido encabezado por el Secretario de Estado de Cultura, Jos\u00e9 Rafael Lantigua.<\/span><\/p>\n<\/p>\n<p><span class=\"text1noticias\">Alrededor de las siete de la ma\u00f1ana del pasado s\u00e1bado 21 de marzo, los jardines de la Secretar\u00eda de Estado de Cultura se llenaron de personas, quienes con mochilas y carteras en manos, se dispusieron a dejar la capital y sus quehaceres de lado para integrarse a la ruta de los itinerarios culturales, en esta ocasi\u00f3n, con destino a Saman\u00e1.<\/span><\/p>\n<p><span class=\"text1noticias\"> <\/span><\/p>\n<p><span class=\"text1noticias\">La primera parada de este gran recorrido fue en S\u00e1nchez, municipio de la provincia de Saman\u00e1, donde luego de recibir la bienvenida de parte del Ballet La Esperanza, el grupo visit\u00f3 la iglesia Nuestra Se\u00f1ora de Lourdes, para contemplar su arquitectura victoriana.<\/span><\/p>\n<\/p>\n<p><span class=\"text1noticias\">Prontamente el conjunto de personas se traslad\u00f3 al hist\u00f3rico solar de la casa de do\u00f1a Trina de Moya, esposa del fallecido ex presidente de la Rep\u00fablica Horacio V\u00e1squez. Igualmente visitaron el antiguo local del Royal Bank, la Terminal del tren, los vetustos muelles del puerto, el antiguo correo y la casa victoriana de Polibio.<\/span><\/p>\n<\/p>\n<p><span class=\"text1noticias\">Alrededor de 90 minutos, Saman\u00e1 emergi\u00f3 ante los ojos del grupo, el cual se traslad\u00f3 a la glorieta, lugar donde las autoridades de esa ciudad dieron la bienvenida a los visitantes; entre la comitiva de Cultura estaba la Subsecretaria de Patrimonio Cultural, Lourdes Camilo de Cuello, Japonesa Capell\u00e1n, Directora de Turismo Cultural, quien  tiene a su cargo el programa Itinerarios Culturales, y otros funcionarios de la instituci\u00f3n.<\/span><\/p>\n<\/p>\n<p><span class=\"text1noticias\">En este punto del recorrido se realiz\u00f3 una muestra gastron\u00f3mica de los afroamericanos pobladores de Saman\u00e1, en la cual se sirvi\u00f3 su tradicional refresco y tambi\u00e9n los  panecillos hechos con harina de ma\u00edz con sabor a coco, johnnycakes, gingerbread, entre otros.  <\/span><\/p>\n<\/p>\n<p><span class=\"text1noticias\">Como parte de las manifestaciones de aprecio de los samanenses, el Secretario de Estado de Cultura, Jos\u00e9 Rafael Lantigua, fue declarado, junto a sus acompa\u00f1antes, como ?Visitante Distinguido? de esa ciudad. Lantigua recibi\u00f3 la resoluci\u00f3n correspondiente de manos de autoridades de la sindicatura. <\/span><\/p>\n<\/p>\n<p><span class=\"text1noticias\">De inmediato el grupo se traslad\u00f3 a la Iglesia Evang\u00e9lica Dominicana, St. Peter, a un servicio preparado por el pastor Samuel King, y los reverendos Lincoln Phepps y Moses James, para luego llegar al parque de esa ciudad, donde los visitantes se confundieron con sus habitantes, mientras bailaban perico ripio y bamboul\u00e1, al tiempo que el profesor M\u00e1rtires Mercedes explicaba  la coreograf\u00eda del mismo.<\/span><\/p>\n<\/p>\n<p><span class=\"text1noticias\">Luego el grupo abord\u00f3 botes para trasladarse a unos de los lugares m\u00e1s hermosos de esa bah\u00eda: Cayo Levantado, peque\u00f1a porci\u00f3n de terreno de s\u00f3lo 1 kil\u00f3metro de extensi\u00f3n, enclavada en el litoral Nordeste del pa\u00eds, donde se degust\u00f3 un rico manjar preparado para la ocasi\u00f3n.<\/span><\/p>\n<\/p>\n<p><span class=\"text1noticias\">De regreso a Santa B\u00e1rbara, el Secretario de Cultura, inaugur\u00f3 un mural en la Escuela Primaria, Eliseo Demorizi, pintado por el polifac\u00e9tico artista Geo Ripley, para despu\u00e9s todos los viajeros abordar los autobuses que les condujeron a Santo Domingo, no sin antes expresar su deseo de acompa\u00f1ar a la Secretar\u00eda de Cultura al siguiente viaje.<\/span><\/p>\n<h6> 2009-03-31 17:39:11 <\/h6>\n<p><!--\n<link rel=\"stylesheet\" href=\"css\/bootstrap.min.css\">\n\n\n<ul class=\"pagination\">\n\t    \n\t\n\n<li >\n\t<a href='?page_no=21864'>Previous<\/a>\n\t<\/li>\n\n\n       \n    \n\n<li><a href='?page_no=1'>1<\/a><\/li>\n\n\n\n<li><a href='?page_no=2'>2<\/a><\/li>\n\n\n\n<li><a>...<\/a><\/li>\n\n\n\n<li><a href='?page_no=21863'>21863<\/a><\/li>\n\n\n\n<li><a href='?page_no=21864'>21864<\/a><\/li>\n\n\n\n<li class='active'><a>21865<\/a><\/li>\n\n\n\n<li><a href='?page_no=21866'>21866<\/a><\/li>\n\n\n\n<li><a href='?page_no=21867'>21867<\/a><\/li>\n\n\n\n<li><a>...<\/a><\/li>\n\n\n\n<li><a href='?page_no=22911'>22911<\/a><\/li>\n\n\n\n<li><a href='?page_no=22912'>22912<\/a><\/li>\n\n    \n\t\n\n<li >\n\t<a href='?page_no=21866'>Next<\/a>\n\t<\/li>\n\n\n    \n\n<li><a href='?page_no=22912'>Last &rsaquo;&rsaquo;<\/a><\/li>\n\n<\/ul>\n\n\n--><br \/>\n<\/body><\/p>\n","protected":false},"excerpt":{"rendered":"<p>Cientos de personas disfrutaron de la gastronom\u00eda, de playas, monumentos y la cultura en sus diversas expresiones caracter\u00edsticas de Saman\u00e1, en un extenso recorrido encabezado por el Secretario de Estado de Cultura, Jos\u00e9 Rafael Lantigua. Alrededor de las siete de la ma\u00f1ana del pasado s\u00e1bado 21 de marzo, los jardines de la Secretar\u00eda de Estado [&hellip;]<\/p>\n","protected":false},"author":3,"featured_media":0,"comment_status":"open","ping_status":"open","sticky":false,"template":"","format":"standard","meta":{"footnotes":""},"categories":[21],"tags":[],"class_list":["post-70187","post","type-post","status-publish","format-standard","hentry","category-cultura"],"_links":{"self":[{"href":"https:\/\/diariodominicano.com\/index.php?rest_route=\/wp\/v2\/posts\/70187","targetHints":{"allow":["GET"]}}],"collection":[{"href":"https:\/\/diariodominicano.com\/index.php?rest_route=\/wp\/v2\/posts"}],"about":[{"href":"https:\/\/diariodominicano.com\/index.php?rest_route=\/wp\/v2\/types\/post"}],"author":[{"embeddable":true,"href":"https:\/\/diariodominicano.com\/index.php?rest_route=\/wp\/v2\/users\/3"}],"replies":[{"embeddable":true,"href":"https:\/\/diariodominicano.com\/index.php?rest_route=%2Fwp%2Fv2%2Fcomments&post=70187"}],"version-history":[{"count":0,"href":"https:\/\/diariodominicano.com\/index.php?rest_route=\/wp\/v2\/posts\/70187\/revisions"}],"wp:attachment":[{"href":"https:\/\/diariodominicano.com\/index.php?rest_route=%2Fwp%2Fv2%2Fmedia&parent=70187"}],"wp:term":[{"taxonomy":"category","embeddable":true,"href":"https:\/\/diariodominicano.com\/index.php?rest_route=%2Fwp%2Fv2%2Fcategories&post=70187"},{"taxonomy":"post_tag","embeddable":true,"href":"https:\/\/diariodominicano.com\/index.php?rest_route=%2Fwp%2Fv2%2Ftags&post=70187"}],"curies":[{"name":"wp","href":"https:\/\/api.w.org\/{rel}","templated":true}]}}