{"id":70185,"date":"2009-03-31T21:32:47","date_gmt":"2009-03-31T21:32:47","guid":{"rendered":"http:\/\/diariodominicano.ddns.net\/?p=70185"},"modified":"2009-03-31T21:32:47","modified_gmt":"2009-03-31T21:32:47","slug":"la-sec-presenta-libro-y-entrega-premios-a-ganadores-concurso-de-artesania-y-de-belenes-2008","status":"publish","type":"post","link":"https:\/\/diariodominicano.com\/?p=70185","title":{"rendered":"La SEC presenta libro y entrega premios a ganadores Concurso de Artesan\u00eda y de Belenes 2008"},"content":{"rendered":"<p><body><\/p>\n<p><img decoding=\"async\" src=\"http:\/\/localhost:8080\/img3\/libos.jpg\" \/>  <\/p>\n<p><span class=\"text1noticias\">La investigaci\u00f3n se realiz\u00f3 entre 527 productores-artesanos repartidos en 31 provincias y el Distrito Nacional.<\/span><\/p>\n<\/p>\n<p><span class=\"text1noticias\">La Secretar\u00eda de Estado de Cultura puso en circulaci\u00f3n el libro titulado ?Actualizaci\u00f3n del Diagn\u00f3stico del Sector Artesanal de la Rep\u00fablica Dominicana?,  acto en que tambi\u00e9n se entregaron los premios a los ganadores del ?Concurso de Artesan\u00eda y Belenes 2008?.<\/span><\/p>\n<\/p>\n<p><span class=\"text1noticias\">El libro recoge informaciones actualizadas sobre datos generales de las personas y empresas del sector artesanal: localidades, a\u00f1os en la actividad, tipo de artesan\u00eda que producen, materias primas que utilizan y su origen, equipos que manejan, valores culturales que exhiben, estatus o registro de los productos y las principales dificultades que en estos momentos afronta la industria de la artesan\u00eda en  el pa\u00eds.<\/span><\/p>\n<p><span class=\"text1noticias\"> <\/span><\/p>\n<p><span class=\"text1noticias\">La puesta en circulaci\u00f3n fue encabezada por Lourdes Camilo de Cuello, Subsecretaria de Patrimonio Cultural; quien estuvo acompa\u00f1ada de Alberto Valenzuela, Director General T\u00e9cnico de la SEC; Juan Manuel D\u00edaz, Director del Centro de Sostenibilidad del Instituto Dominicano de Desarrollo Integral; Jos\u00e9  De Ferrari, Consultor Artesanal y Altagracia Olmos, Subsecretaria de Turismo.<\/span><\/p>\n<\/p>\n<p><span class=\"text1noticias\">Las palabras de Bienvenida fueron pronunciadas por  Alberto Valenzuela, mientras, Juan Manuel D\u00edaz y Jos\u00e9 De Ferrari, autores del estudio,  detallaron  el proceso de elaboraci\u00f3n del mismo.<\/span><\/p>\n<\/p>\n<p><span class=\"text1noticias\">Lourdes Camilo de Cuello,  expres\u00f3 las palabras de agradecimiento y destac\u00f3 la importancia  del libro para el sector artesanal, tras se\u00f1alar que la cartera cultural ha estado dando respuesta a parte de los planteamientos del estudio presentado y que seguir\u00e1 sus pautas ordenadamente.<\/span><\/p>\n<\/p>\n<p><span class=\"text1noticias\">Esta obra, de la autor\u00eda tambi\u00e9n de Ivelisse Javier, contiene informaciones actualizadas procedentes de una encuesta que persigue redefinir el perfil actual del productor de artesan\u00eda y caracterizar las entidades que le sirven de plataforma para su desarrollo. <\/span><\/p>\n<\/p>\n<p><span class=\"text1noticias\"> Concursos <\/span><\/p>\n<\/p>\n<p><span class=\"text1noticias\">En el acto, celebrado en la sala Ram\u00f3n Oviedo, de la sede de Cultura, se entregaron los premios a los ganadores de los concurso de Artesan\u00eda y de Belenes: Carlos Jos\u00e9 Jim\u00e9nez, Alejandro D\u00edaz Santos, Enrique Royo,  Eladia Teresa Ruiz y Benito Cuevas.<\/span><\/p>\n<\/p>\n<p><span class=\"text1noticias\">Esta actividad cont\u00f3 con  los auspicios de la ONFED, PROEMPRESA, la Uni\u00f3n Europea, Grupo Le\u00f3n Jimenes y la Secretar\u00eda de Estado de Turismo.<\/span><\/p>\n<h6> 2009-03-31 21:32:47 <\/h6>\n<p><!--\n<link rel=\"stylesheet\" href=\"css\/bootstrap.min.css\">\n\n\n<ul class=\"pagination\">\n\t    \n\t\n\n<li >\n\t<a href='?page_no=21862'>Previous<\/a>\n\t<\/li>\n\n\n       \n    \n\n<li><a href='?page_no=1'>1<\/a><\/li>\n\n\n\n<li><a href='?page_no=2'>2<\/a><\/li>\n\n\n\n<li><a>...<\/a><\/li>\n\n\n\n<li><a href='?page_no=21861'>21861<\/a><\/li>\n\n\n\n<li><a href='?page_no=21862'>21862<\/a><\/li>\n\n\n\n<li class='active'><a>21863<\/a><\/li>\n\n\n\n<li><a href='?page_no=21864'>21864<\/a><\/li>\n\n\n\n<li><a href='?page_no=21865'>21865<\/a><\/li>\n\n\n\n<li><a>...<\/a><\/li>\n\n\n\n<li><a href='?page_no=22911'>22911<\/a><\/li>\n\n\n\n<li><a href='?page_no=22912'>22912<\/a><\/li>\n\n    \n\t\n\n<li >\n\t<a href='?page_no=21864'>Next<\/a>\n\t<\/li>\n\n\n    \n\n<li><a href='?page_no=22912'>Last &rsaquo;&rsaquo;<\/a><\/li>\n\n<\/ul>\n\n\n--><br \/>\n<\/body><\/p>\n","protected":false},"excerpt":{"rendered":"<p>La investigaci\u00f3n se realiz\u00f3 entre 527 productores-artesanos repartidos en 31 provincias y el Distrito Nacional. La Secretar\u00eda de Estado de Cultura puso en circulaci\u00f3n el libro titulado ?Actualizaci\u00f3n del Diagn\u00f3stico del Sector Artesanal de la Rep\u00fablica Dominicana?, acto en que tambi\u00e9n se entregaron los premios a los ganadores del ?Concurso de Artesan\u00eda y Belenes 2008?. [&hellip;]<\/p>\n","protected":false},"author":3,"featured_media":0,"comment_status":"open","ping_status":"open","sticky":false,"template":"","format":"standard","meta":{"footnotes":""},"categories":[21],"tags":[],"class_list":["post-70185","post","type-post","status-publish","format-standard","hentry","category-cultura"],"_links":{"self":[{"href":"https:\/\/diariodominicano.com\/index.php?rest_route=\/wp\/v2\/posts\/70185","targetHints":{"allow":["GET"]}}],"collection":[{"href":"https:\/\/diariodominicano.com\/index.php?rest_route=\/wp\/v2\/posts"}],"about":[{"href":"https:\/\/diariodominicano.com\/index.php?rest_route=\/wp\/v2\/types\/post"}],"author":[{"embeddable":true,"href":"https:\/\/diariodominicano.com\/index.php?rest_route=\/wp\/v2\/users\/3"}],"replies":[{"embeddable":true,"href":"https:\/\/diariodominicano.com\/index.php?rest_route=%2Fwp%2Fv2%2Fcomments&post=70185"}],"version-history":[{"count":0,"href":"https:\/\/diariodominicano.com\/index.php?rest_route=\/wp\/v2\/posts\/70185\/revisions"}],"wp:attachment":[{"href":"https:\/\/diariodominicano.com\/index.php?rest_route=%2Fwp%2Fv2%2Fmedia&parent=70185"}],"wp:term":[{"taxonomy":"category","embeddable":true,"href":"https:\/\/diariodominicano.com\/index.php?rest_route=%2Fwp%2Fv2%2Fcategories&post=70185"},{"taxonomy":"post_tag","embeddable":true,"href":"https:\/\/diariodominicano.com\/index.php?rest_route=%2Fwp%2Fv2%2Ftags&post=70185"}],"curies":[{"name":"wp","href":"https:\/\/api.w.org\/{rel}","templated":true}]}}