{"id":70184,"date":"2009-03-31T22:53:07","date_gmt":"2009-03-31T22:53:07","guid":{"rendered":"http:\/\/diariodominicano.ddns.net\/?p=70184"},"modified":"2009-03-31T22:53:07","modified_gmt":"2009-03-31T22:53:07","slug":"secretaria-de-estado-de-cultura-entrega-premios-1er-concurso-infantil-de-cuentos-te-regalo-un-sueno-2009-homenaje-a-juan-bosch","status":"publish","type":"post","link":"https:\/\/diariodominicano.com\/?p=70184","title":{"rendered":"Secretar\u00eda  de  Estado  de Cultura entrega premios 1er. Concurso Infantil de Cuentos Te Regalo un Sue\u00f1o 2009 Homenaje a Juan Bosch"},"content":{"rendered":"<p><body><\/p>\n<p><img decoding=\"async\" src=\"http:\/\/localhost:8080\/img3\/infanti.jpg\" \/>  <\/p>\n<p><span class=\"text1noticias\">La Secretar\u00eda de Estado de Cultura, a trav\u00e9s de la Direcci\u00f3n de Proyectos Infantiles y Juveniles realiz\u00f3 la entrega de premios del 1er. Concurso Infantil de Cuentos Te Regalo un Sue\u00f1o 2009, en homenaje al profesor Juan Bosch, en ocasi\u00f3n de celebrarse el Centenario del  Nacimiento del escritor y pol\u00edtico. El mismo cont\u00f3 con el apoyo del Plan LEA de List\u00edn Diario y el Programa Internacional de Acercamiento a la Literatura Infantil, PIALI.<\/span><\/p>\n<\/p>\n<p><span class=\"text1noticias\">Este concurso se hace con el objetivo de estimular la creatividad infantil y fomentar el aprecio por la lectura y la creaci\u00f3n literaria en nuestros ni\u00f1os y ni\u00f1as.  Adentr\u00e1ndolos en el mundo de las historias los acercamos al fascinante universo del libro.<\/span><\/p>\n<\/p>\n<p><span class=\"text1noticias\">En esta versi\u00f3n participaron alrededor de 700 ni\u00f1os y ni\u00f1as de todo el pa\u00eds, quienes se expresaron con la chispa de la palabra.<\/span><\/p>\n<\/p>\n<p><span class=\"text1noticias\">Dulce Elvira de los Santos, directora de Proyectos Infantiles y Juveniles de la SEC  expres\u00f3 que ?De todas partes llegaron cuentos que nos hicieron vibrar de emoci\u00f3n. Que nos hicieron volar como mariposas hacia los p\u00e9talos del coraz\u00f3n. Y es que el mundo de la infancia est\u00e1 rodeado de sue\u00f1os y \u00e9stos se convierten en realidad en los cuentos. Con los cuentos los ni\u00f1os desarrollan su imaginaci\u00f3n y abren las puertas de la fantas\u00eda, porque cuento es una palabra m\u00e1gica, llena de sorpresas?.<\/span><\/p>\n<\/p>\n<p><span class=\"text1noticias\">Los cuentos escogidos ser\u00e1n publicados por la Secretar\u00eda de Cultura, y el PIALI, en Puerto Rico, escoger\u00e1 de los cuentos premiados para una edici\u00f3n internacional.<\/span><\/p>\n<\/p>\n<p><span class=\"text1noticias\">La premiaci\u00f3n de este Primer Concurso se realiz\u00f3 en la Sala de Arte Ram\u00f3n Oviedo de la Secretar\u00eda de Cultura, con la presencia de la Profesora Bernarda Jorge, Sub-Secretaria de Creatividad y Participaci\u00f3n Popular, de los premiados, profesores, amigos, familiares y patrocinadores.<\/span><\/p>\n<\/p>\n<p><span class=\"text1noticias\">El jurado estuvo integrado por el escritor y dramaturgo William Mej\u00eda,  la escritora de literatura infantil Karina Ubi\u00f1as y Dulce Elvira de los Santos, directora Infantil y Juvenil de Cultura.<\/span><\/p>\n<\/p>\n<p><span class=\"text1noticias\">En la categor\u00eda A, de 6 a 8 a\u00f1os fueron premiados, Cindy Sabina Rodr\u00edguez Camarena, de 8 a\u00f1os con el cuento ?Matilda, la hormiguita?; Miguel Alberto Taveras B\u00e1ez, de 8 a\u00f1os con ?El ni\u00f1o astronauta?; Melanik Coral\u00ed Rodr\u00edguez Hern\u00e1ndez, de 8 a\u00f1os con ?Terita y la voz del pozo?; Sarah Elizabeth Amaro Castillo, de 6 a\u00f1os con ?La ni\u00f1a que quer\u00eda ser pintora? y  Georgina Mateo D\u00edaz, de 7 a\u00f1os con ?El ave y el gatito?.<\/span><\/p>\n<\/p>\n<p><span class=\"text1noticias\">En la categor\u00eda B, de 9 y 10 a\u00f1os resultaron premiados la ni\u00f1a  Elizannet de la Cruz Hern\u00e1ndez, de 9 a\u00f1os con el cuento ?La ni\u00f1a bondadosa?;  Krista Lee Troncoso de 10 a\u00f1os con ?La vaquita rosada? y Winnifer Natalie Dom\u00ednguez Suazo de 9 a\u00f1os con ?La tortuga marina?.<\/span><\/p>\n<\/p>\n<p><span class=\"text1noticias\">En la categor\u00eda C, de 11 y 12 a\u00f1os los galardonados fueron Nicole Messina de 11 a\u00f1os con ?La ciudad escondida?; Janiel Vargas Luft de 12 a\u00f1os con ?El tesoro de la isla escondida?; Melanie Grotewold de 12 a\u00f1os con ?Erase un \u00e1rbol m\u00e1gico? y Eric Vargas de 12 a\u00f1os con ?No me ensucies, por favor?.<\/span><\/p>\n<\/p>\n<p><span class=\"text1noticias\">Todos los premiados recibieron cuentas de ahorro de La Asociaci\u00f3n La Nacional de Ahorros y Pr\u00e9stamos, juguetes Playmobil,  libros de cuentos de Editorial Alfaguara y certificados de participaci\u00f3n. <\/span><\/p>\n<\/p>\n<p><span class=\"text1noticias\">El Teatro Popular Rodante que dirige la actriz Carlota Carretero tuvo a cargo el programa teatral con  ?Atariba o C\u00f3mo naci\u00f3 la Luna?, leyenda contenida en el libro Indios de Juan Bosch.<\/span><\/p>\n<h6> 2009-03-31 22:53:07 <\/h6>\n<p><!--\n<link rel=\"stylesheet\" href=\"css\/bootstrap.min.css\">\n\n\n<ul class=\"pagination\">\n\t    \n\t\n\n<li >\n\t<a href='?page_no=21861'>Previous<\/a>\n\t<\/li>\n\n\n       \n    \n\n<li><a href='?page_no=1'>1<\/a><\/li>\n\n\n\n<li><a href='?page_no=2'>2<\/a><\/li>\n\n\n\n<li><a>...<\/a><\/li>\n\n\n\n<li><a href='?page_no=21860'>21860<\/a><\/li>\n\n\n\n<li><a href='?page_no=21861'>21861<\/a><\/li>\n\n\n\n<li class='active'><a>21862<\/a><\/li>\n\n\n\n<li><a href='?page_no=21863'>21863<\/a><\/li>\n\n\n\n<li><a href='?page_no=21864'>21864<\/a><\/li>\n\n\n\n<li><a>...<\/a><\/li>\n\n\n\n<li><a href='?page_no=22911'>22911<\/a><\/li>\n\n\n\n<li><a href='?page_no=22912'>22912<\/a><\/li>\n\n    \n\t\n\n<li >\n\t<a href='?page_no=21863'>Next<\/a>\n\t<\/li>\n\n\n    \n\n<li><a href='?page_no=22912'>Last &rsaquo;&rsaquo;<\/a><\/li>\n\n<\/ul>\n\n\n--><br \/>\n<\/body><\/p>\n","protected":false},"excerpt":{"rendered":"<p>La Secretar\u00eda de Estado de Cultura, a trav\u00e9s de la Direcci\u00f3n de Proyectos Infantiles y Juveniles realiz\u00f3 la entrega de premios del 1er. Concurso Infantil de Cuentos Te Regalo un Sue\u00f1o 2009, en homenaje al profesor Juan Bosch, en ocasi\u00f3n de celebrarse el Centenario del Nacimiento del escritor y pol\u00edtico. El mismo cont\u00f3 con el [&hellip;]<\/p>\n","protected":false},"author":3,"featured_media":0,"comment_status":"open","ping_status":"open","sticky":false,"template":"","format":"standard","meta":{"footnotes":""},"categories":[21],"tags":[],"class_list":["post-70184","post","type-post","status-publish","format-standard","hentry","category-cultura"],"_links":{"self":[{"href":"https:\/\/diariodominicano.com\/index.php?rest_route=\/wp\/v2\/posts\/70184","targetHints":{"allow":["GET"]}}],"collection":[{"href":"https:\/\/diariodominicano.com\/index.php?rest_route=\/wp\/v2\/posts"}],"about":[{"href":"https:\/\/diariodominicano.com\/index.php?rest_route=\/wp\/v2\/types\/post"}],"author":[{"embeddable":true,"href":"https:\/\/diariodominicano.com\/index.php?rest_route=\/wp\/v2\/users\/3"}],"replies":[{"embeddable":true,"href":"https:\/\/diariodominicano.com\/index.php?rest_route=%2Fwp%2Fv2%2Fcomments&post=70184"}],"version-history":[{"count":0,"href":"https:\/\/diariodominicano.com\/index.php?rest_route=\/wp\/v2\/posts\/70184\/revisions"}],"wp:attachment":[{"href":"https:\/\/diariodominicano.com\/index.php?rest_route=%2Fwp%2Fv2%2Fmedia&parent=70184"}],"wp:term":[{"taxonomy":"category","embeddable":true,"href":"https:\/\/diariodominicano.com\/index.php?rest_route=%2Fwp%2Fv2%2Fcategories&post=70184"},{"taxonomy":"post_tag","embeddable":true,"href":"https:\/\/diariodominicano.com\/index.php?rest_route=%2Fwp%2Fv2%2Ftags&post=70184"}],"curies":[{"name":"wp","href":"https:\/\/api.w.org\/{rel}","templated":true}]}}