{"id":70183,"date":"2009-04-01T15:05:52","date_gmt":"2009-04-01T15:05:52","guid":{"rendered":"http:\/\/diariodominicano.ddns.net\/?p=70183"},"modified":"2009-04-01T15:05:52","modified_gmt":"2009-04-01T15:05:52","slug":"angela-becerra-gana-el-premio-iberoamericano-planeta","status":"publish","type":"post","link":"https:\/\/diariodominicano.com\/?p=70183","title":{"rendered":"\u00c1ngela Becerra gana el premio Iberoamericano Planeta"},"content":{"rendered":"<p><body><\/p>\n<p><img decoding=\"async\" src=\"http:\/\/localhost:8080\/img3\/becerro.jpg\" \/>  <\/p>\n<p><span class=\"text1noticias\">AGENCIAS &#8211; M\u00e9xico &#8211; 01\/04\/2009 <\/span><\/p>\n<p><span class=\"text1noticias\"> <\/span><\/p>\n<\/p>\n<p><span class=\"text1noticias\">La escritora colombiana \u00c1ngela Becerra ha ganado el III Premio Iberoamericano Planeta-Casa de Am\u00e9rica de Narrativa, que se anunci\u00f3 ayer en M\u00e9xico DF, con la novela Ella que lo tuvo todo. Qued\u00f3 finalista el mexicano Pedro \u00c1ngel Palou con El dinero del diablo. Becerra asegur\u00f3 que su libro \u00abfue un trabajo de vida y muerte\u00bb que empez\u00f3 en el a\u00f1o 2004 y que no logr\u00f3 terminar hasta hace poco.<\/span><\/p>\n<\/p>\n<p><span class=\"text1noticias\">El premio se fall\u00f3 entre 10 obras de escritores de siete pa\u00edses, que fueron seleccionadas de un total de 493. El galard\u00f3n est\u00e1 dotado con 148.000 euros para la obra ganadora y con 37.000 euros para el finalista.<\/span><\/p>\n<h6> 2009-04-01 15:05:52 <\/h6>\n<p><!--\n<link rel=\"stylesheet\" href=\"css\/bootstrap.min.css\">\n\n\n<ul class=\"pagination\">\n\t    \n\t\n\n<li >\n\t<a href='?page_no=21860'>Previous<\/a>\n\t<\/li>\n\n\n       \n    \n\n<li><a href='?page_no=1'>1<\/a><\/li>\n\n\n\n<li><a href='?page_no=2'>2<\/a><\/li>\n\n\n\n<li><a>...<\/a><\/li>\n\n\n\n<li><a href='?page_no=21859'>21859<\/a><\/li>\n\n\n\n<li><a href='?page_no=21860'>21860<\/a><\/li>\n\n\n\n<li class='active'><a>21861<\/a><\/li>\n\n\n\n<li><a href='?page_no=21862'>21862<\/a><\/li>\n\n\n\n<li><a href='?page_no=21863'>21863<\/a><\/li>\n\n\n\n<li><a>...<\/a><\/li>\n\n\n\n<li><a href='?page_no=22911'>22911<\/a><\/li>\n\n\n\n<li><a href='?page_no=22912'>22912<\/a><\/li>\n\n    \n\t\n\n<li >\n\t<a href='?page_no=21862'>Next<\/a>\n\t<\/li>\n\n\n    \n\n<li><a href='?page_no=22912'>Last &rsaquo;&rsaquo;<\/a><\/li>\n\n<\/ul>\n\n\n--><br \/>\n<\/body><\/p>\n","protected":false},"excerpt":{"rendered":"<p>AGENCIAS &#8211; M\u00e9xico &#8211; 01\/04\/2009 La escritora colombiana \u00c1ngela Becerra ha ganado el III Premio Iberoamericano Planeta-Casa de Am\u00e9rica de Narrativa, que se anunci\u00f3 ayer en M\u00e9xico DF, con la novela Ella que lo tuvo todo. Qued\u00f3 finalista el mexicano Pedro \u00c1ngel Palou con El dinero del diablo. Becerra asegur\u00f3 que su libro \u00abfue un [&hellip;]<\/p>\n","protected":false},"author":3,"featured_media":0,"comment_status":"open","ping_status":"open","sticky":false,"template":"","format":"standard","meta":{"footnotes":""},"categories":[21],"tags":[],"class_list":["post-70183","post","type-post","status-publish","format-standard","hentry","category-cultura"],"_links":{"self":[{"href":"https:\/\/diariodominicano.com\/index.php?rest_route=\/wp\/v2\/posts\/70183","targetHints":{"allow":["GET"]}}],"collection":[{"href":"https:\/\/diariodominicano.com\/index.php?rest_route=\/wp\/v2\/posts"}],"about":[{"href":"https:\/\/diariodominicano.com\/index.php?rest_route=\/wp\/v2\/types\/post"}],"author":[{"embeddable":true,"href":"https:\/\/diariodominicano.com\/index.php?rest_route=\/wp\/v2\/users\/3"}],"replies":[{"embeddable":true,"href":"https:\/\/diariodominicano.com\/index.php?rest_route=%2Fwp%2Fv2%2Fcomments&post=70183"}],"version-history":[{"count":0,"href":"https:\/\/diariodominicano.com\/index.php?rest_route=\/wp\/v2\/posts\/70183\/revisions"}],"wp:attachment":[{"href":"https:\/\/diariodominicano.com\/index.php?rest_route=%2Fwp%2Fv2%2Fmedia&parent=70183"}],"wp:term":[{"taxonomy":"category","embeddable":true,"href":"https:\/\/diariodominicano.com\/index.php?rest_route=%2Fwp%2Fv2%2Fcategories&post=70183"},{"taxonomy":"post_tag","embeddable":true,"href":"https:\/\/diariodominicano.com\/index.php?rest_route=%2Fwp%2Fv2%2Ftags&post=70183"}],"curies":[{"name":"wp","href":"https:\/\/api.w.org\/{rel}","templated":true}]}}