{"id":70182,"date":"2009-04-01T15:18:37","date_gmt":"2009-04-01T15:18:37","guid":{"rendered":"http:\/\/diariodominicano.ddns.net\/?p=70182"},"modified":"2009-04-01T15:18:37","modified_gmt":"2009-04-01T15:18:37","slug":"restaurant-cane-inicia-festival-de-pescados-y-mariscos","status":"publish","type":"post","link":"https:\/\/diariodominicano.com\/?p=70182","title":{"rendered":"Restaurant Cane inicia festival de pescados y mariscos"},"content":{"rendered":"<p><body><\/p>\n<p><img decoding=\"async\" src=\"http:\/\/localhost:8080\/img3\/cane.jpg\" \/>  <\/p>\n<p><span class=\"text1noticias\">Cane Restaurant &amp; Bar inici\u00f3 el pasado lunes el Primer Festival de Pescados y Mariscos, con motivo de la cuaresma, que incluye un men\u00fa con una amplia variedad de platos que estar\u00e1n disponibles durante todo el mes de abril.<\/span><\/p>\n<p><span class=\"text1noticias\"> <\/span><\/p>\n<p><span class=\"text1noticias\">La presentaci\u00f3n se llev\u00f3 a cabo en el marco de una degustaci\u00f3n celebrada en su sede de la avenida Abraham Lincoln n\u00famero 1059, encabezado por el se\u00f1or Jos\u00e9 Moreno Portalat\u00edn, presidente de Cane; Priscila Rosario, gerente de mercadeo; Claudia Fabi\u00e1n Cisneros, chef ejecutiva; clientes y relacionados del establecimiento.<\/span><\/p>\n<p><span class=\"text1noticias\"> <\/span><\/p>\n<p><span class=\"text1noticias\">Las palabras centrales de la actividad fueron pronunciadas por la se\u00f1orita Rosario, quien resalt\u00f3 que en el festival ser\u00e1n presentados nuevos platos, como son ?El hojaldre de Cangrejo y Camarones?, ?La Paella Caribe\u00f1a  de mariscos?, ?La Langosta en salsa Amoricana? y ?los Crab Cakes?, servidos  con relish casero de pimientos y cebolla dulce picante.<\/span><\/p>\n<p><span class=\"text1noticias\"> <\/span><\/p>\n<p><span class=\"text1noticias\">A\u00f1adi\u00f3 que Cane cuenta con un men\u00fa con Camarones Tempura, con macadamia crujientes, sobre coulis de pimientos y acompa\u00f1ados de pur\u00e9 de papas con cilantro, y filete de Chillo al Horno, servido con pur\u00e9 de viandas con camarones y coulis de pimiento rojo. <\/span><\/p>\n<p><span class=\"text1noticias\"> <\/span><\/p>\n<p><span class=\"text1noticias\">Adem\u00e1s, Lomos de Salm\u00f3n en reducci\u00f3n de Chinola, acompa\u00f1ado de palmitos salteados sobre un cake de pl\u00e1tano maduro y puerro crujiente, y los Linguinis con Camarones de S\u00e1nchez , con crema de leche, tocineta y petit pois, entre otros.<\/span><\/p>\n<p><span class=\"text1noticias\"> <\/span><\/p>\n<p><span class=\"text1noticias\">La se\u00f1orita Rosario agreg\u00f3 que la chef ejecutiva, Claudia Fabi\u00e1n, ofrece interesantes sugerencias para almuerzos de negocios y familiares.<\/span><\/p>\n<p><span class=\"text1noticias\"> <\/span><\/p>\n<p><span class=\"text1noticias\">?Elogiados por los expertos internacionales como un concepto fresco y original, Cane Restauran &amp; Bar brinda a sus clientes la elegancia, alegr\u00eda y el gusto latino de la comida?, inform\u00f3.<\/span><\/p>\n<p><span class=\"text1noticias\"> <\/span><\/p>\n<p><span class=\"text1noticias\">Adem\u00e1s de su men\u00fa, Cane Restaurant &amp; Bar mantiene un creativo programa de eventos musicales que permiten a las personas escapar de la rutina diaria. <\/span><\/p>\n<p><span class=\"text1noticias\"> <\/span><\/p>\n<p><span class=\"text1noticias\">Tambi\u00e9n ofrece el Happy Cane, todos los d\u00edas, de 5 de la tarde a 8 de la noche, con una promoci\u00f3n de un 2 por 1 en bebidas nacionales e internacionales, incluyendo sus famosos mojitos.<\/span><\/p>\n<h6> 2009-04-01 15:18:37 <\/h6>\n<p><!--\n<link rel=\"stylesheet\" href=\"css\/bootstrap.min.css\">\n\n\n<ul class=\"pagination\">\n\t    \n\t\n\n<li >\n\t<a href='?page_no=21859'>Previous<\/a>\n\t<\/li>\n\n\n       \n    \n\n<li><a href='?page_no=1'>1<\/a><\/li>\n\n\n\n<li><a href='?page_no=2'>2<\/a><\/li>\n\n\n\n<li><a>...<\/a><\/li>\n\n\n\n<li><a href='?page_no=21858'>21858<\/a><\/li>\n\n\n\n<li><a href='?page_no=21859'>21859<\/a><\/li>\n\n\n\n<li class='active'><a>21860<\/a><\/li>\n\n\n\n<li><a href='?page_no=21861'>21861<\/a><\/li>\n\n\n\n<li><a href='?page_no=21862'>21862<\/a><\/li>\n\n\n\n<li><a>...<\/a><\/li>\n\n\n\n<li><a href='?page_no=22911'>22911<\/a><\/li>\n\n\n\n<li><a href='?page_no=22912'>22912<\/a><\/li>\n\n    \n\t\n\n<li >\n\t<a href='?page_no=21861'>Next<\/a>\n\t<\/li>\n\n\n    \n\n<li><a href='?page_no=22912'>Last &rsaquo;&rsaquo;<\/a><\/li>\n\n<\/ul>\n\n\n--><br \/>\n<\/body><\/p>\n","protected":false},"excerpt":{"rendered":"<p>Cane Restaurant &amp; Bar inici\u00f3 el pasado lunes el Primer Festival de Pescados y Mariscos, con motivo de la cuaresma, que incluye un men\u00fa con una amplia variedad de platos que estar\u00e1n disponibles durante todo el mes de abril. La presentaci\u00f3n se llev\u00f3 a cabo en el marco de una degustaci\u00f3n celebrada en su sede [&hellip;]<\/p>\n","protected":false},"author":3,"featured_media":0,"comment_status":"open","ping_status":"open","sticky":false,"template":"","format":"standard","meta":{"footnotes":""},"categories":[21],"tags":[],"class_list":["post-70182","post","type-post","status-publish","format-standard","hentry","category-cultura"],"_links":{"self":[{"href":"https:\/\/diariodominicano.com\/index.php?rest_route=\/wp\/v2\/posts\/70182","targetHints":{"allow":["GET"]}}],"collection":[{"href":"https:\/\/diariodominicano.com\/index.php?rest_route=\/wp\/v2\/posts"}],"about":[{"href":"https:\/\/diariodominicano.com\/index.php?rest_route=\/wp\/v2\/types\/post"}],"author":[{"embeddable":true,"href":"https:\/\/diariodominicano.com\/index.php?rest_route=\/wp\/v2\/users\/3"}],"replies":[{"embeddable":true,"href":"https:\/\/diariodominicano.com\/index.php?rest_route=%2Fwp%2Fv2%2Fcomments&post=70182"}],"version-history":[{"count":0,"href":"https:\/\/diariodominicano.com\/index.php?rest_route=\/wp\/v2\/posts\/70182\/revisions"}],"wp:attachment":[{"href":"https:\/\/diariodominicano.com\/index.php?rest_route=%2Fwp%2Fv2%2Fmedia&parent=70182"}],"wp:term":[{"taxonomy":"category","embeddable":true,"href":"https:\/\/diariodominicano.com\/index.php?rest_route=%2Fwp%2Fv2%2Fcategories&post=70182"},{"taxonomy":"post_tag","embeddable":true,"href":"https:\/\/diariodominicano.com\/index.php?rest_route=%2Fwp%2Fv2%2Ftags&post=70182"}],"curies":[{"name":"wp","href":"https:\/\/api.w.org\/{rel}","templated":true}]}}