{"id":70181,"date":"2009-04-01T16:16:14","date_gmt":"2009-04-01T16:16:14","guid":{"rendered":"http:\/\/diariodominicano.ddns.net\/?p=70181"},"modified":"2009-04-01T16:16:14","modified_gmt":"2009-04-01T16:16:14","slug":"presentan-escritos-y-portadas-de-artista-plastico-carlos-sangiovanni","status":"publish","type":"post","link":"https:\/\/diariodominicano.com\/?p=70181","title":{"rendered":"Presentan Escritos y portadas de artista pl\u00e1stico Carlos Sangiovanni"},"content":{"rendered":"<p><body><\/p>\n<p><img decoding=\"async\" src=\"img3\/carlos.jpg\" \/>  <\/p>\n<p><span class=\"text1noticias\">El libro Escritos y Portadas de Carlos Sangiovanni es ?un acontecimiento de primer orden? porque representa ?un conjunto de documentos important\u00edsimos para la historia de una d\u00e9cada a\u00fan poco estudiada de la cultura dominicana, e important\u00edsima a la hora de comprender el proceso de democratizaci\u00f3n? que vivi\u00f3 el pa\u00eds.<\/span><\/p>\n<\/p>\n<p><span class=\"text1noticias\">As\u00ed se expres\u00f3 Laura Gil al hacer la presentaci\u00f3n de la obra  que recoge los art\u00edculos de Sangiovanni aparecidos en el Suplemento Cultural AQU\u00cd del desaparecido peri\u00f3dico La Noticia, as\u00ed como las portadas realizadas por el autor. Estos escritos recogen los aportes del profesor y artista pl\u00e1stico durante los a\u00f1os 1979-1990 en su columna ?Pl\u00e1stica Nacional?.<\/span><\/p>\n<\/p>\n<p><span class=\"text1noticias\">El libro fue presentado en el Sal\u00f3n APEC de la Cultura, Jos\u00e9 Mar\u00eda Bonetti Burgos, bajo los auspicios de la Universidad APEC y de Acci\u00f3n Proeducaci\u00f3n y Cultura (APEC). Las portadas fueron exhibidas a los invitados en la Sala de Exposiciones del sal\u00f3n. Carlos Sangiovanni es actualmente Vicerrector Acad\u00e9mico de UNAPEC. <\/span><\/p>\n<\/p>\n<p><span class=\"text1noticias\">El Suplemento estuvo bajo la direcci\u00f3n del poeta Mateo Morrison. La publicaci\u00f3n contaba con una direcci\u00f3n art\u00edstica colegiada integrada por Sangiovanni, Alberto Bass y Frank Almanzar, quienes se rotaban semanalmente el dise\u00f1o de las portadas y el cuidado de la selecci\u00f3n de las ilustraciones.<\/span><\/p>\n<\/p>\n<p><span class=\"text1noticias\">Gil se\u00f1ala adem\u00e1s que ?los textos de Carlos Sangiovanni, en este sentido, no nos permiten olvidar el inter\u00e9s que artistas como \u00e9l mismo, y tambi\u00e9n Silvano Lora, otorgaron a la funci\u00f3n de arte como el instrumento para otorgar rostro, presencia y voz a todos los oprimidos y olvidados de nuestro pa\u00eds y del mundo, asumiendo que la creatividad humana, de la que el arte es el hijo predilecto, es antes que nada, una funci\u00f3n del esp\u00edritu, y un instrumento de libertad?.<\/span><\/p>\n<\/p>\n<p><span class=\"text1noticias\">De su lado el autor expresa que este ?texto ofrece  una interesante rese\u00f1a gr\u00e1fica y testimonial de relevantes  eventos culturales del pa\u00eds registrados durante   el citado per\u00edodo?. Se\u00f1ala adem\u00e1s que al visualizar sus portadas ?lo primero que resalta es el contraste  de la realizaci\u00f3n gr\u00e1fica a la luz de las facilidades y  recursos tecnol\u00f3gicos existentes entre una \u00e9poca y  otra, tomando en cuenta las limitaciones de  ayer y las facilidades de hoy?.<\/span><\/p>\n<\/p>\n<p><span class=\"text1noticias\">A\u00f1ade que \u00abentender el mundo gr\u00e1fico de esos a\u00f1os, a la luz de todos los recursos e innovaciones tecnol\u00f3gicas de que dispone el dise\u00f1ador de los actuales momentos, algunas veces resulta de dif\u00edcil comprensi\u00f3n, sobre todo para los m\u00e1s j\u00f3venes, que se han formado  entre el ordenador personal, los modernos programas de dise\u00f1o y la fotograf\u00eda digital\u00bb.<\/span><\/p>\n<\/p>\n<p><span class=\"text1noticias\">Para el destacado artista pl\u00e1stico dominicano, ?el dise\u00f1o de portadas para suplementos diarios implica la capacidad de s\u00edntesis visual para expresar en una imagen  referente al contenido principal, una relaci\u00f3n texto-imagen, capaz de detener la mirada del lector por m\u00e1s de cuatro segundos, que en las mejores circunstancias pueden convertirse en minutos, motivando al lector a abordar con entusiasmo el contenido interior?.<\/span><\/p>\n<\/p>\n<p><span class=\"text1noticias\">Artista, educador y dise\u00f1ador grafico, Sangiovanni   ha recibido numerosos reconocimientos, entre los que se destacan: Primer Premio de Grabado en la XIV y XVI Bienal Nacional de Artes Visuales de Santo Domingo (1979) (1984), Primer Premio del concurso Nacional de Carteles de la Fundaci\u00f3n H\u00e9roes de Constanza, Maim\u00f3n y Estero Hondo (1979), Primer Premio Mejor Cartel Para el Censo Nacional (1980), Primer Premio de Grabado de la FAO, en el D\u00eda Mundial de la Alimentaci\u00f3n (1982). Entre otros, ha desempe\u00f1ado los cargos de Director de la Unidad de Artes Pl\u00e1sticas y Afiches de la Universidad Aut\u00f3noma de Santo Domingo (UASD), Sub-Director del Museo de Arte Moderno (MAM), Decano de la Facultad de Artes y Comunicaciones de la Universidad APEC, donde actualmente se desempe\u00f1a como Vicerrector Acad\u00e9mico.<\/span><\/p>\n<h6> 2009-04-01 16:16:14 <\/h6>\n<p><!--\n<link rel=\"stylesheet\" href=\"css\/bootstrap.min.css\">\n\n\n<ul class=\"pagination\">\n\t    \n\t\n\n<li >\n\t<a href='?page_no=21858'>Previous<\/a>\n\t<\/li>\n\n\n       \n    \n\n<li><a href='?page_no=1'>1<\/a><\/li>\n\n\n\n<li><a href='?page_no=2'>2<\/a><\/li>\n\n\n\n<li><a>...<\/a><\/li>\n\n\n\n<li><a href='?page_no=21857'>21857<\/a><\/li>\n\n\n\n<li><a href='?page_no=21858'>21858<\/a><\/li>\n\n\n\n<li class='active'><a>21859<\/a><\/li>\n\n\n\n<li><a href='?page_no=21860'>21860<\/a><\/li>\n\n\n\n<li><a href='?page_no=21861'>21861<\/a><\/li>\n\n\n\n<li><a>...<\/a><\/li>\n\n\n\n<li><a href='?page_no=22911'>22911<\/a><\/li>\n\n\n\n<li><a href='?page_no=22912'>22912<\/a><\/li>\n\n    \n\t\n\n<li >\n\t<a href='?page_no=21860'>Next<\/a>\n\t<\/li>\n\n\n    \n\n<li><a href='?page_no=22912'>Last &rsaquo;&rsaquo;<\/a><\/li>\n\n<\/ul>\n\n\n--><br \/>\n<\/body><\/p>\n","protected":false},"excerpt":{"rendered":"<p>El libro Escritos y Portadas de Carlos Sangiovanni es ?un acontecimiento de primer orden? porque representa ?un conjunto de documentos important\u00edsimos para la historia de una d\u00e9cada a\u00fan poco estudiada de la cultura dominicana, e important\u00edsima a la hora de comprender el proceso de democratizaci\u00f3n? que vivi\u00f3 el pa\u00eds. As\u00ed se expres\u00f3 Laura Gil al [&hellip;]<\/p>\n","protected":false},"author":3,"featured_media":0,"comment_status":"open","ping_status":"open","sticky":false,"template":"","format":"standard","meta":{"footnotes":""},"categories":[21],"tags":[],"class_list":["post-70181","post","type-post","status-publish","format-standard","hentry","category-cultura"],"_links":{"self":[{"href":"https:\/\/diariodominicano.com\/index.php?rest_route=\/wp\/v2\/posts\/70181","targetHints":{"allow":["GET"]}}],"collection":[{"href":"https:\/\/diariodominicano.com\/index.php?rest_route=\/wp\/v2\/posts"}],"about":[{"href":"https:\/\/diariodominicano.com\/index.php?rest_route=\/wp\/v2\/types\/post"}],"author":[{"embeddable":true,"href":"https:\/\/diariodominicano.com\/index.php?rest_route=\/wp\/v2\/users\/3"}],"replies":[{"embeddable":true,"href":"https:\/\/diariodominicano.com\/index.php?rest_route=%2Fwp%2Fv2%2Fcomments&post=70181"}],"version-history":[{"count":0,"href":"https:\/\/diariodominicano.com\/index.php?rest_route=\/wp\/v2\/posts\/70181\/revisions"}],"wp:attachment":[{"href":"https:\/\/diariodominicano.com\/index.php?rest_route=%2Fwp%2Fv2%2Fmedia&parent=70181"}],"wp:term":[{"taxonomy":"category","embeddable":true,"href":"https:\/\/diariodominicano.com\/index.php?rest_route=%2Fwp%2Fv2%2Fcategories&post=70181"},{"taxonomy":"post_tag","embeddable":true,"href":"https:\/\/diariodominicano.com\/index.php?rest_route=%2Fwp%2Fv2%2Ftags&post=70181"}],"curies":[{"name":"wp","href":"https:\/\/api.w.org\/{rel}","templated":true}]}}