{"id":70178,"date":"2009-04-02T16:45:59","date_gmt":"2009-04-02T16:45:59","guid":{"rendered":"http:\/\/diariodominicano.ddns.net\/?p=70178"},"modified":"2009-04-02T16:45:59","modified_gmt":"2009-04-02T16:45:59","slug":"el-museo-de-arte-moderno-exhibira-bocadillo-por-45-dias","status":"publish","type":"post","link":"https:\/\/diariodominicano.com\/?p=70178","title":{"rendered":"El Museo de Arte Moderno exhibir\u00e1 bocadillo por 45 d\u00edas"},"content":{"rendered":"<p><body><\/p>\n<p><img decoding=\"async\" src=\"http:\/\/localhost:8080\/img3\/muesta.jpg\" \/>  <\/p>\n<p><span class=\"text1noticias\">La muestra, que presenta las m\u00e1s ingeniosas obras de arte, hecha a trav\u00e9s de la imaginaci?\u00f3n el arte culinario es del conocido maestro argentino Marcelo Ferder. <\/span><\/p>\n<\/p>\n<p><span class=\"text1noticias\">SANTO DOMINGO. Con la imaginacion de todo un maestro del arte argentino, conocido en su pa\u00eds de origen y en el ambito nacional e internacional como uno de los m\u00e1s destacados arquitecto, pintor, dise\u00f1ador, ilustrador y fotografo, el creador visual Marcelo Ferder dejo abierto a consideraci\u00f3n del publico y la critica dominicana su individual ?Bocadillo?, una muestra peculiar y diferente hecha a base del arte culinario. La exposici\u00f3n, que cuenta con el apoyo de la  Secretar\u00eda de Estado de Cultura, el Museo de Arte Moderno y la Fundaci\u00f3n Raigorodsky, estar\u00e1 presentando durante 45 d\u00edas en la Sala de Proyecciones de la instituci\u00f3n cultural una selecci\u00f3n de 13 obras.\t En sus palabras de apertura, la directora del MAM, licenciada Mar\u00eda Elena Ditren dijo que la muestra est\u00e1 compuesta de un conjunto de once singulares piezas geom\u00e9tricas trabajadas con materiales mixtos, colores primarios y formas y texturas sutiles, que reproducen los bocadillos que se sirvieron a los asistentes a este evento.<\/span><\/p>\n<\/p>\n<p><span class=\"text1noticias\">La exposici\u00f3n abri\u00f3 al p\u00fablico sin nada colgado en las paredes, -explica Ditren- los camareros comenzaron a servir los bocadillos en bandejas a los presentes quienes degustaron todo el delicioso sabor de las piezas. Una vez finalizado el servicio, el artista convoc\u00f3 a algunos de los invitados para que colgaran en las paredes las r\u00e9plicas de los bocadillos realizadas con t\u00e9cnicas mixtas sobre papel reciclado.<\/span><\/p>\n<\/p>\n<p><span class=\"text1noticias\">Esta acci\u00f3n se hizo con la finalidad de evocar ?seg\u00fan el propio artista- la frivolidad del vernissage, esperada recepci\u00f3n consistente en la invitaci\u00f3n por parte del artista expositor, con un trago y alg\u00fan bocadillo a sus seguidores y visitantes, presentes al dejar abierta  la exposici\u00f3n, que permanece accesible al p\u00fablico por un per\u00edodo determinado de tiempo. Enfoca el dilema acerca del arte \u00fatil: el arte pl\u00e1stico que se transforma en arte primario, el evento art\u00edstico que se convierte al final en un evento social.<\/span><\/p>\n<\/p>\n<p><span class=\"text1noticias\">Dijo que ?Bocadillos t\u00f3xicos, una idea original de los Borgia de Florencia que ha sido reinventada por Ferder de Floresta, con prop\u00f3sitos, seg\u00fan se dice, similares. Esta muestra es una forma perversa de tenernos que tragar las obras reducidas a su m\u00ednima expresi\u00f3n y as\u00ed convertirnos en c\u00f3mplices felices de la magn\u00edfica capacidad creativa de Marcelo Ferder?,  expres\u00f3 el se\u00f1or Silvio Raigorodsky, Presidente de la Asociaci\u00f3n Amigos del Museo de Arte Moderno y la Fundaci\u00f3n Raigorodsky, quien estuvo presente en al inauguraci\u00f3n.<\/span><\/p>\n<\/p>\n<p><span class=\"text1noticias\">Marcelo Ferder es un polifac\u00e9tico artista pl\u00e1stico, arquitecto, dise\u00f1ador, pintor, fot\u00f3grafo e ilustrador nacido en Buenos Aires, Argentina  en 1958 y residente en la Rep\u00fablica Dominicana desde el a\u00f1o 1993. Anteriormente a su llegada al pa\u00eds, entre 1988  y 1990 realiz\u00f3 un viaje performance auspiciado por el gobierno de su pa\u00eds natal, <\/span><\/p>\n<\/p>\n<p><span class=\"text1noticias\">que lo lleva a recorrer por v\u00eda terrestre el continente americano en su totalidad, durante el cual elabor\u00f3 una carpeta con m\u00e1s de diez mil dibujos, pinturas y fotograf\u00edas. <\/span><\/p>\n<\/p>\n<p><span class=\"text1noticias\">Entre 1990 y 1993 residi\u00f3 en Nueva York, Estados Unidos,  donde recibi\u00f3 el diploma de reconocimiento por sus aportes a la cultura latina otorgado en 1993 por el Consulado General de Venezuela en esa urbe. <\/span><\/p>\n<\/p>\n<p><span class=\"text1noticias\">Ya en Santo Domingo, comenz\u00f3 a dirigir el departamento de dise\u00f1o de productos en la escuela de artes de  Altos de Chav\u00f3n, en Casa de Campo, cargo que desempe\u00f1\u00f3 hasta 1995.<\/span><\/p>\n<\/p>\n<p><span class=\"text1noticias\">A partir de ese momento fund\u00f3 Dise\u00f1os Mamey, centro dedicado al dise\u00f1o,  investigaci\u00f3n y  fabricaci\u00f3n de productos en papel reciclado inspirados en la iconograf\u00eda precolombina  y afroamericana. <\/span><\/p>\n<\/p>\n<p><span class=\"text1noticias\">De 1998 al 2000 realiz\u00f3 \u00abServicio a domicilio\u00bb intervenci\u00f3n pl\u00e1stica-urbana en  las comunidades rurales de El Lim\u00f3n  y Los Arroyos en  San Jos\u00e9 de Ocoa, donde  pint\u00f3 entre los dos pueblos, 130 casas campesinas.  En el 2006 y 2007   coordina  el proyecto de arte p\u00fablico en el pueblo de Villa Padrenuestro, provincia de La Altagracia, pintando y transformando art\u00edsticamente las fachadas de 50 casas. <\/span><\/p>\n<\/p>\n<p><span class=\"text1noticias\">Sobre esta muestra, Rosario Fern\u00e1ndez Bella, curadora independiente, sostiene que: ?Ferder se encuentra en la madurez de su carrera, se observa una s\u00edntesis expresiva y de recursos, el m\u00e1ximo con el m\u00ednimo al decir de Mies Van de Rohe. Vuelve al pop, pero no el pop mec\u00e1nico, sino un pop criollo, torresgarciesco, del sur, filtrado, cr\u00edtico, experimental. <\/span><\/p>\n<\/p>\n<p><span class=\"text1noticias\">Su exposici\u00f3n anterior, Vuelta a los or\u00edgenes, lo ubica en la ant\u00edtesis: Construcci\u00f3n, barroquismo, artesan\u00eda. Aqu\u00ed se lo ve despojado, geom\u00e9trico, m\u00ednimo, mordaz, f\u00e1cil de digerir. ?El bocadillo? es un  homenaje a ese aspecto del mundo del arte poco tratado pero esencial: El vernissage, motor sin el cual ninguna escuela pict\u00f3rica contempor\u00e1nea hubiera podido fructificar?. <\/span><\/p>\n<\/p>\n<p><span class=\"text1noticias\">?EL BOCADILLO?  cont\u00f3 con el asesoramiento de la chef Vicky Papaterra por lo que se asegur\u00f3 un momento de exquisito deleite gourmet. ?EL BOCADILLO?  de Marcelo Ferder estar\u00e1 abierto al p\u00fablico hasta el 31 de abril en la Sala de Proyectos ubicada en el S\u00f3tano del MAM, y durante este tiempo se llevar\u00e1 a cabo un programa  de actividades conjuntamente con el artista. <\/span><\/p>\n<\/p>\n<p><span class=\"text1noticias\">El  Museo de Arte Moderno de la Rep\u00fablica  Dominicana est\u00e1 localizado en la Avda. Pedro Henr\u00edquez Ure\u00f1a, Plaza de la Cultura Juan Pablo Duarte y est\u00e1 abierto de martes a domingo en horario de 9:00 a.m. a 5:00 p.m. Sus tel\u00e9fonos son 809-685-2153.<\/span><\/p>\n<h6> 2009-04-02 16:45:59 <\/h6>\n<p><!--\n<link rel=\"stylesheet\" href=\"css\/bootstrap.min.css\">\n\n\n<ul class=\"pagination\">\n\t    \n\t\n\n<li >\n\t<a href='?page_no=21855'>Previous<\/a>\n\t<\/li>\n\n\n       \n    \n\n<li><a href='?page_no=1'>1<\/a><\/li>\n\n\n\n<li><a href='?page_no=2'>2<\/a><\/li>\n\n\n\n<li><a>...<\/a><\/li>\n\n\n\n<li><a href='?page_no=21854'>21854<\/a><\/li>\n\n\n\n<li><a href='?page_no=21855'>21855<\/a><\/li>\n\n\n\n<li class='active'><a>21856<\/a><\/li>\n\n\n\n<li><a href='?page_no=21857'>21857<\/a><\/li>\n\n\n\n<li><a href='?page_no=21858'>21858<\/a><\/li>\n\n\n\n<li><a>...<\/a><\/li>\n\n\n\n<li><a href='?page_no=22911'>22911<\/a><\/li>\n\n\n\n<li><a href='?page_no=22912'>22912<\/a><\/li>\n\n    \n\t\n\n<li >\n\t<a href='?page_no=21857'>Next<\/a>\n\t<\/li>\n\n\n    \n\n<li><a href='?page_no=22912'>Last &rsaquo;&rsaquo;<\/a><\/li>\n\n<\/ul>\n\n\n--><br \/>\n<\/body><\/p>\n","protected":false},"excerpt":{"rendered":"<p>La muestra, que presenta las m\u00e1s ingeniosas obras de arte, hecha a trav\u00e9s de la imaginaci?\u00f3n el arte culinario es del conocido maestro argentino Marcelo Ferder. SANTO DOMINGO. Con la imaginacion de todo un maestro del arte argentino, conocido en su pa\u00eds de origen y en el ambito nacional e internacional como uno de los [&hellip;]<\/p>\n","protected":false},"author":3,"featured_media":0,"comment_status":"open","ping_status":"open","sticky":false,"template":"","format":"standard","meta":{"footnotes":""},"categories":[21],"tags":[],"class_list":["post-70178","post","type-post","status-publish","format-standard","hentry","category-cultura"],"_links":{"self":[{"href":"https:\/\/diariodominicano.com\/index.php?rest_route=\/wp\/v2\/posts\/70178","targetHints":{"allow":["GET"]}}],"collection":[{"href":"https:\/\/diariodominicano.com\/index.php?rest_route=\/wp\/v2\/posts"}],"about":[{"href":"https:\/\/diariodominicano.com\/index.php?rest_route=\/wp\/v2\/types\/post"}],"author":[{"embeddable":true,"href":"https:\/\/diariodominicano.com\/index.php?rest_route=\/wp\/v2\/users\/3"}],"replies":[{"embeddable":true,"href":"https:\/\/diariodominicano.com\/index.php?rest_route=%2Fwp%2Fv2%2Fcomments&post=70178"}],"version-history":[{"count":0,"href":"https:\/\/diariodominicano.com\/index.php?rest_route=\/wp\/v2\/posts\/70178\/revisions"}],"wp:attachment":[{"href":"https:\/\/diariodominicano.com\/index.php?rest_route=%2Fwp%2Fv2%2Fmedia&parent=70178"}],"wp:term":[{"taxonomy":"category","embeddable":true,"href":"https:\/\/diariodominicano.com\/index.php?rest_route=%2Fwp%2Fv2%2Fcategories&post=70178"},{"taxonomy":"post_tag","embeddable":true,"href":"https:\/\/diariodominicano.com\/index.php?rest_route=%2Fwp%2Fv2%2Ftags&post=70178"}],"curies":[{"name":"wp","href":"https:\/\/api.w.org\/{rel}","templated":true}]}}