{"id":70176,"date":"2009-04-02T18:58:08","date_gmt":"2009-04-02T18:58:08","guid":{"rendered":"http:\/\/diariodominicano.ddns.net\/?p=70176"},"modified":"2009-04-02T18:58:08","modified_gmt":"2009-04-02T18:58:08","slug":"exhiben-documental-sobre-bosch","status":"publish","type":"post","link":"https:\/\/diariodominicano.com\/?p=70176","title":{"rendered":"Exhiben documental sobre Bosch"},"content":{"rendered":"<p><body><\/p>\n<p><img decoding=\"async\" src=\"http:\/\/localhost:8080\/img3\/vicer.jpg\" \/>  <\/p>\n<p><span class=\"text1noticias\">Ante un p\u00fablico numeroso encabezado por el vicepresidente de la Rep\u00fablica, Rafael Alburquerque, entre otras importantes personalidades, Ren\u00e9 Fortunato present\u00f3 su documental ?Bosch: Presidente en la en la frontera imperial?, en la sala principal del Teatro Nacional.<\/span><\/p>\n<\/p>\n<p><span class=\"text1noticias\">El largometraje con una duraci\u00f3n de noventa y cinco minutos de duraci\u00f3n, muestra los acontecimientos pol\u00edticos y sociales m\u00e1s importantes ocurridos durante el Gobierno Constitucional con respaldo popular,  presidido por Juan Bosch en la Rep\u00fablica Dominicana, en los primeros siete meses del a\u00f1o 1963.<\/span><\/p>\n<\/p>\n<p><span class=\"text1noticias\">El golpe de estado militar que derroc\u00f3 al gobierno de Bosch,  la pol\u00edtica exterior del Presidente Kennedy de los Estados Unidos y su relaci\u00f3n con los militares golpistas de Am\u00e9rica Latina, son temas que ocupan una buena parte del documental, realizado \u00edntegramente con im\u00e1genes y sonidos de la \u00e9poca y con un formato 35 mil\u00edmetros, sistema de sonido Dolby 5.1 y procesada en los laboratorios Du Art de la ciudad de Nueva York.<\/span><\/p>\n<\/p>\n<p><span class=\"text1noticias\">Do\u00f1a Milagros Ortiz Bosch, la senadora Cristina Lizardo, el dirigente del PLD Danilo Medina y el intelectual Andr\u00e9s L. Mateo, entre otras personalidades, disfrutaron el material investigativo de Fortunato, que estrenar\u00e1 en Lincol Center, Nueva York, el 8 de abril a las 7:30 P.M. En los cines del pa\u00eds a partir del d\u00eda 16 de abril.<\/span><\/p>\n<\/p>\n<p><span class=\"text1noticias\">Una parte considerable del material f\u00edlmico utilizado en este documental, se difundir\u00e1 por primera vez, luego de permanecer guardado en archivos de acceso restringido en los Estados Unidos, durante m\u00e1s de cuarenta a\u00f1os. Para poder ubicar y acceder a estas im\u00e1genes, se hizo una investigaci\u00f3n minuciosa en varios archivos f\u00edlmicos del gobierno norteamericano y en diferentes empresas privadas.<\/span><\/p>\n<\/p>\n<p><span class=\"text1noticias\">Es escrita y dirigida por Ren\u00e9 Fortunato, con m\u00fasica original de Manuel Tejada y narraci\u00f3n de Felipe Gil, con la participaci\u00f3n especial de Ren\u00e9 Alfonso y voces invitadas de Gustavo Olivo y Miguel Susana. La edici\u00f3n y postproducci\u00f3n est\u00e1n a cargo de Juan Pablo de Gracia.<\/span><\/p>\n<p><span class=\"text1noticias\"> <\/span><\/p>\n<p><span class=\"text1noticias\">En Nueva York el equipo de profesionales que trabajo en ?Bosch: Presidente en la frontera imperial?, estuvo integrado por profesionales de larga experiencia en el cine norteamericano, entre los cuales se encuentran John Rehberger &amp; David Gauff, online editors; Bill Stokes, Colorist; Matt Gundy, audio Editor &amp; Mixer  y  Joe Monge, technical advisor.<\/span><\/p>\n<\/p>\n<p><span class=\"text1noticias\">Este documental sobre el Presidente Bosch es el n\u00famero siete en la filmograf\u00eda de Rene Fortunato, quien ha presentado con notable \u00e9xito de p\u00fablico y cr\u00edtica en las salas de cine de nuestro pa\u00eds los largometrajes ?El Poder del Jefe?, en tres partes-1991,94 y 96-, ?La Trinchera del Honor?-1988-, ?La Herencia del Tirano?-1998- y ?La Violencia del Poder?-2003-.<\/span><\/p>\n<h6> 2009-04-02 18:58:08 <\/h6>\n<p><!--\n<link rel=\"stylesheet\" href=\"css\/bootstrap.min.css\">\n\n\n<ul class=\"pagination\">\n\t    \n\t\n\n<li >\n\t<a href='?page_no=21853'>Previous<\/a>\n\t<\/li>\n\n\n       \n    \n\n<li><a href='?page_no=1'>1<\/a><\/li>\n\n\n\n<li><a href='?page_no=2'>2<\/a><\/li>\n\n\n\n<li><a>...<\/a><\/li>\n\n\n\n<li><a href='?page_no=21852'>21852<\/a><\/li>\n\n\n\n<li><a href='?page_no=21853'>21853<\/a><\/li>\n\n\n\n<li class='active'><a>21854<\/a><\/li>\n\n\n\n<li><a href='?page_no=21855'>21855<\/a><\/li>\n\n\n\n<li><a href='?page_no=21856'>21856<\/a><\/li>\n\n\n\n<li><a>...<\/a><\/li>\n\n\n\n<li><a href='?page_no=22911'>22911<\/a><\/li>\n\n\n\n<li><a href='?page_no=22912'>22912<\/a><\/li>\n\n    \n\t\n\n<li >\n\t<a href='?page_no=21855'>Next<\/a>\n\t<\/li>\n\n\n    \n\n<li><a href='?page_no=22912'>Last &rsaquo;&rsaquo;<\/a><\/li>\n\n<\/ul>\n\n\n--><br \/>\n<\/body><\/p>\n","protected":false},"excerpt":{"rendered":"<p>Ante un p\u00fablico numeroso encabezado por el vicepresidente de la Rep\u00fablica, Rafael Alburquerque, entre otras importantes personalidades, Ren\u00e9 Fortunato present\u00f3 su documental ?Bosch: Presidente en la en la frontera imperial?, en la sala principal del Teatro Nacional. El largometraje con una duraci\u00f3n de noventa y cinco minutos de duraci\u00f3n, muestra los acontecimientos pol\u00edticos y sociales [&hellip;]<\/p>\n","protected":false},"author":3,"featured_media":0,"comment_status":"open","ping_status":"open","sticky":false,"template":"","format":"standard","meta":{"footnotes":""},"categories":[21],"tags":[],"class_list":["post-70176","post","type-post","status-publish","format-standard","hentry","category-cultura"],"_links":{"self":[{"href":"https:\/\/diariodominicano.com\/index.php?rest_route=\/wp\/v2\/posts\/70176","targetHints":{"allow":["GET"]}}],"collection":[{"href":"https:\/\/diariodominicano.com\/index.php?rest_route=\/wp\/v2\/posts"}],"about":[{"href":"https:\/\/diariodominicano.com\/index.php?rest_route=\/wp\/v2\/types\/post"}],"author":[{"embeddable":true,"href":"https:\/\/diariodominicano.com\/index.php?rest_route=\/wp\/v2\/users\/3"}],"replies":[{"embeddable":true,"href":"https:\/\/diariodominicano.com\/index.php?rest_route=%2Fwp%2Fv2%2Fcomments&post=70176"}],"version-history":[{"count":0,"href":"https:\/\/diariodominicano.com\/index.php?rest_route=\/wp\/v2\/posts\/70176\/revisions"}],"wp:attachment":[{"href":"https:\/\/diariodominicano.com\/index.php?rest_route=%2Fwp%2Fv2%2Fmedia&parent=70176"}],"wp:term":[{"taxonomy":"category","embeddable":true,"href":"https:\/\/diariodominicano.com\/index.php?rest_route=%2Fwp%2Fv2%2Fcategories&post=70176"},{"taxonomy":"post_tag","embeddable":true,"href":"https:\/\/diariodominicano.com\/index.php?rest_route=%2Fwp%2Fv2%2Ftags&post=70176"}],"curies":[{"name":"wp","href":"https:\/\/api.w.org\/{rel}","templated":true}]}}