{"id":70175,"date":"2009-04-02T19:00:57","date_gmt":"2009-04-02T19:00:57","guid":{"rendered":"http:\/\/diariodominicano.ddns.net\/?p=70175"},"modified":"2009-04-02T19:00:57","modified_gmt":"2009-04-02T19:00:57","slug":"23-nuevos-libros-seran-presentados-en-feria-del-libro","status":"publish","type":"post","link":"https:\/\/diariodominicano.com\/?p=70175","title":{"rendered":"23 nuevos libros ser\u00e1n presentados en Feria del Libro"},"content":{"rendered":"<p><body><\/p>\n<p><span class=\"text1noticias\">Las nuevas obras, en diferentes g\u00e9neros, han sido impresas por las unidades editoriales de la Secretar\u00eda de Estado de Cultura para el evento ferial de abril pr\u00f3ximo.<\/span><\/p>\n<\/p>\n<p><span class=\"text1noticias\">Un total de 22 libros ser\u00e1n presentados en la XII Feria Internacional del Libro, como parte del intenso programa de publicaciones que realizan las unidades editoriales de la Secretar\u00eda de Estado de Cultura desde el a\u00f1o 2004.<\/span><\/p>\n<\/p>\n<p><span class=\"text1noticias\">Ediciones Ferilibro, que funciona desde 1997, cuando se inici\u00f3 la nueva etapa de las Ferias del Libro, presentar\u00e1 las obras:<\/span><\/p>\n<\/p>\n<p><span class=\"text1noticias\">&#8211;\tColoquios 2008 (con las ponencias presentadas en el ciclo de coloquios de la Feria del Libro del pasado a\u00f1o).<\/span><\/p>\n<p><span class=\"text1noticias\">&#8211;\t?Esta ciudad ha sido tomada por las piedras? de Alejandro Gonz\u00e1lez (Premio Internacional de Poes\u00eda Joven Feria del Libro 2008).<\/span><\/p>\n<\/p>\n<p><span class=\"text1noticias\">&#8211;\t?Me persiguen? de Paul Alonso (Premio Internacional de Cuento Joven Feria del Libro 2008).<\/span><\/p>\n<p><span class=\"text1noticias\">&#8211;\t?Cuentos? de Juan Bosch (Tradicional edici\u00f3n de colecci\u00f3n del autor homenajeado en la Feria).<\/span><\/p>\n<p><span class=\"text1noticias\">&#8211;\t?Cuentos? de Juan Bosch (Edici\u00f3n popular de gran tirada).<\/span><\/p>\n<\/p>\n<p><span class=\"text1noticias\">&#8211;\t?Recuentos? de Arturo Rodr\u00edguez Fern\u00e1ndez (Colecci\u00f3n de Cuentos Completos del reconocido narrador y cr\u00edtico de cine). Esta colecci\u00f3n fue iniciada en los a\u00f1os anteriores con Iv\u00e1n Garc\u00eda (2006), Pedro Peix (2007) y Ren\u00e9 Rodr\u00edguez Soriano (2008).<\/span><\/p>\n<\/p>\n<p><span class=\"text1noticias\">&#8211;\tDienteleche 2009. (La colecci\u00f3n de cuentos infantiles de Cuba y Rep\u00fablica Dominicana, iniciada en 1998, en acuerdo con Ediciones Uni\u00f3n, de la Uni\u00f3n de Artistas y Escritores de Cuba, UNEAC).<\/span><\/p>\n<p><span class=\"text1noticias\">&#8211;\t?El destello de la rabia. Cuentos dominicanos de amantes asesinos? de Frank Mart\u00ednez. (Antolog\u00eda editada por Ferilibro en coedici\u00f3n con Editorial Letra Negra, de Guatemala).<\/span><\/p>\n<\/p>\n<p><span class=\"text1noticias\">La Editora Nacional publicar\u00e1 por su parte los siguientes libros:<\/span><\/p>\n<p><span class=\"text1noticias\">&#8211;\t?Facturas y otros papeles? de Luis Manuel Ledesma. (Obra po\u00e9tica de este aplaudido poeta, que ten\u00eda decenios sin publicar sus obras luego de haberse trasladado a vivir a Estados Unidos). Colecci\u00f3n Antolog\u00edas.<\/span><\/p>\n<\/p>\n<p><span class=\"text1noticias\">&#8211;\t?La mujer dominicana inmigrante en busca de igualdad? de Antonio E. M\u00e9ndez. (Ensayo ganador del Premio Letras de Ultramar, que auspicia el Comisionado Dominicano de Cultura en Estados Unidos). Colecci\u00f3n Ultramar.<\/span><\/p>\n<\/p>\n<p><span class=\"text1noticias\">&#8211;\t?Al correr de la pluma?, conjunto de ensayos de Le\u00f3n David. Colecci\u00f3n Pensamiento Dominicano.<\/span><\/p>\n<p><span class=\"text1noticias\">&#8211;\t?5 cuentos? de Juan Bosch para j\u00f3venes. Colecci\u00f3n Infantil y Juvenil.<\/span><\/p>\n<p><span class=\"text1noticias\">&#8211;\t?Tres cuentos infantiles? de Juan Bosch. Colecci\u00f3n Infantil y Juvenil.<\/span><\/p>\n<\/p>\n<p><span class=\"text1noticias\">Ediciones de la Secretar\u00eda de Estado de Cultura, presentar\u00e1 sus nuevas publicaciones:<\/span><\/p>\n<p><span class=\"text1noticias\">-?M\u00e1scaras de Orfeo?. Poes\u00eda brasile\u00f1a y dominicana. Con selecci\u00f3n y presentaci\u00f3n del poeta brasile\u00f1o Floriano Martins y el poeta dominicano Basilio Belliard.<\/span><\/p>\n<\/p>\n<p><span class=\"text1noticias\">&#8211; ?Antolog\u00eda de cuentos infantiles dominicanos?. Selecci\u00f3n de Eleanor Grimaldi Sili\u00e9.<\/span><\/p>\n<p><span class=\"text1noticias\">&#8211; ?Antolog\u00eda de cuentos dominicanos?. Edici\u00f3n en franc\u00e9s. Selecci\u00f3n de Ren\u00e9 Rodr\u00edguez Soriano y traducci\u00f3n de Andr\u00e9 Charland.<\/span><\/p>\n<\/p>\n<p><span class=\"text1noticias\">&#8211; ?La torre de los panoramas?. Ensayos cr\u00edticos sobre autores dominicanos, de Carlos Ardav\u00edn.<\/span><\/p>\n<p><span class=\"text1noticias\">&#8211; ?M\u00e1scara e identidad. Im\u00e1genes del Carnaval dominicano?, de Dagoberto Tejeda.<\/span><\/p>\n<p><span class=\"text1noticias\">&#8211; ?Cabral, un poeta de Am\u00e9rica?, del argentino Manuel Ugarte, obra publicada en 1955 en Buenos Aires sobre la obra del poeta Manuel del Cabral, y que nunca antes se hab\u00eda publicado en Santo Domingo.<\/span><\/p>\n<\/p>\n<p><span class=\"text1noticias\">Finalmente, Angeles de Fierro, editora sin fines de lucro que recibe financiamiento de la Secretar\u00eda de Estado de Cultura para publicar libros de autores de las provincias del pa\u00eds, presentar\u00e1 los siguientes textos po\u00e9ticos de escritores j\u00f3venes:<\/span><\/p>\n<\/p>\n<p><span class=\"text1noticias\">&#8211;\t?Habitaci\u00f3n 5: cortometraje a color? de Sabrina Mart\u00ednez.<\/span><\/p>\n<p><span class=\"text1noticias\">&#8211;\t?Luz de Jazm\u00edn? de C\u00e9sar Barroso.<\/span><\/p>\n<p><span class=\"text1noticias\">&#8211;\t?Di\u00e1logo con la ciudad? de Juan Olivo.<\/span><\/p>\n<p><span class=\"text1noticias\">&#8211;\t?Las babas del purgatorio? de Carlos Jos\u00e9 Reyes.<\/span><\/p>\n<\/p>\n<p><span class=\"text1noticias\">A excepci\u00f3n del libro de Manuel Ugarte sobre la poes\u00eda de Manuel del Cabral, que se presentar\u00e1 el 7 de abril, todas las dem\u00e1s obras se presentar\u00e1n en conjunto en acto previo a la Feria del Libro, el 15 de abril, en la Sala de Arte Ram\u00f3n Oviedo de la SEC, a las 6 de la tarde. Luego, durante la Feria cada uno ser\u00e1 presentado de manera individual.<\/span><\/p>\n<\/p>\n<p><span class=\"text1noticias\">La Editora Nacional es dirigida por el poeta Le\u00f3n F\u00e9lix Batista. Ediciones Ferilibro es conducida por el escritor Pedro Antonio Vald\u00e9z. Ediciones de la SEC la dirige  el poeta Basilio Belliard. Y Angeles de Fierro tiene como editor al poeta francomacorisano No\u00e9 Zayas.<\/span><\/p>\n<\/p>\n<p><span class=\"text1noticias\">La XII Feria Internacional del Libro Santo Domingo 2009 se realizar\u00e1 del lunes 20 de abril al domingo 3 de mayo en la Plaza de la Cultura Juan Pablo Duarte. Se dedicar\u00e1 a Juan Bosch, en el centenario de su nacimiento, y tendr\u00e1 a Brasil como Pa\u00eds Invitado de Honor.<\/span><\/p>\n<h6> 2009-04-02 19:00:57 <\/h6>\n<p><!--\n<link rel=\"stylesheet\" href=\"css\/bootstrap.min.css\">\n\n\n<ul class=\"pagination\">\n\t    \n\t\n\n<li >\n\t<a href='?page_no=21852'>Previous<\/a>\n\t<\/li>\n\n\n       \n    \n\n<li><a href='?page_no=1'>1<\/a><\/li>\n\n\n\n<li><a href='?page_no=2'>2<\/a><\/li>\n\n\n\n<li><a>...<\/a><\/li>\n\n\n\n<li><a href='?page_no=21851'>21851<\/a><\/li>\n\n\n\n<li><a href='?page_no=21852'>21852<\/a><\/li>\n\n\n\n<li class='active'><a>21853<\/a><\/li>\n\n\n\n<li><a href='?page_no=21854'>21854<\/a><\/li>\n\n\n\n<li><a href='?page_no=21855'>21855<\/a><\/li>\n\n\n\n<li><a>...<\/a><\/li>\n\n\n\n<li><a href='?page_no=22911'>22911<\/a><\/li>\n\n\n\n<li><a href='?page_no=22912'>22912<\/a><\/li>\n\n    \n\t\n\n<li >\n\t<a href='?page_no=21854'>Next<\/a>\n\t<\/li>\n\n\n    \n\n<li><a href='?page_no=22912'>Last &rsaquo;&rsaquo;<\/a><\/li>\n\n<\/ul>\n\n\n--><br \/>\n<\/body><\/p>\n","protected":false},"excerpt":{"rendered":"<p>Las nuevas obras, en diferentes g\u00e9neros, han sido impresas por las unidades editoriales de la Secretar\u00eda de Estado de Cultura para el evento ferial de abril pr\u00f3ximo. Un total de 22 libros ser\u00e1n presentados en la XII Feria Internacional del Libro, como parte del intenso programa de publicaciones que realizan las unidades editoriales de la [&hellip;]<\/p>\n","protected":false},"author":3,"featured_media":0,"comment_status":"open","ping_status":"open","sticky":false,"template":"","format":"standard","meta":{"footnotes":""},"categories":[21],"tags":[],"class_list":["post-70175","post","type-post","status-publish","format-standard","hentry","category-cultura"],"_links":{"self":[{"href":"https:\/\/diariodominicano.com\/index.php?rest_route=\/wp\/v2\/posts\/70175","targetHints":{"allow":["GET"]}}],"collection":[{"href":"https:\/\/diariodominicano.com\/index.php?rest_route=\/wp\/v2\/posts"}],"about":[{"href":"https:\/\/diariodominicano.com\/index.php?rest_route=\/wp\/v2\/types\/post"}],"author":[{"embeddable":true,"href":"https:\/\/diariodominicano.com\/index.php?rest_route=\/wp\/v2\/users\/3"}],"replies":[{"embeddable":true,"href":"https:\/\/diariodominicano.com\/index.php?rest_route=%2Fwp%2Fv2%2Fcomments&post=70175"}],"version-history":[{"count":0,"href":"https:\/\/diariodominicano.com\/index.php?rest_route=\/wp\/v2\/posts\/70175\/revisions"}],"wp:attachment":[{"href":"https:\/\/diariodominicano.com\/index.php?rest_route=%2Fwp%2Fv2%2Fmedia&parent=70175"}],"wp:term":[{"taxonomy":"category","embeddable":true,"href":"https:\/\/diariodominicano.com\/index.php?rest_route=%2Fwp%2Fv2%2Fcategories&post=70175"},{"taxonomy":"post_tag","embeddable":true,"href":"https:\/\/diariodominicano.com\/index.php?rest_route=%2Fwp%2Fv2%2Ftags&post=70175"}],"curies":[{"name":"wp","href":"https:\/\/api.w.org\/{rel}","templated":true}]}}