{"id":70173,"date":"2009-04-03T18:17:36","date_gmt":"2009-04-03T18:17:36","guid":{"rendered":"http:\/\/diariodominicano.ddns.net\/?p=70173"},"modified":"2009-04-03T18:17:36","modified_gmt":"2009-04-03T18:17:36","slug":"secretaria-de-cultura-imparte-taller-y-charla-con-manlio-argueta","status":"publish","type":"post","link":"https:\/\/diariodominicano.com\/?p=70173","title":{"rendered":"Secretar\u00eda de Cultura imparte taller y charla con Manlio Argueta"},"content":{"rendered":"<p><body><\/p>\n<p><img decoding=\"async\" src=\"img3\/culto.jpg\" \/>  <\/p>\n<p><span class=\"text1noticias\">En el marco del Ciclo Pre-inaugural de la XII Feria Internacional del Libro Santo Domingo 2009, la Secretar\u00eda de Estado de Cultura, a trav\u00e9s de la Direcci\u00f3n General de la Feria del Libro y la Direcci\u00f3n de Gesti\u00f3n Literaria llevaron a cabo un taller sobre teor\u00eda y t\u00e9cnica de la novela con el afamado novelista salvadore\u00f1o Manlio Argueta, en la sala Ram\u00f3n Oviedo de la Secretar\u00eda de Cultura. <\/span><\/p>\n<\/p>\n<p><span class=\"text1noticias\">Al taller asistieron escritores y talleristas literarios interesados en aprender t\u00e9cnicas sobre el arte de la novela y deseosos de recibir orientaciones sobre el oficio de contar historias. <\/span><\/p>\n<\/p>\n<p><span class=\"text1noticias\">Los asistentes recibieron diplomas de participaci\u00f3n, material de apoyo y las sabias orientaciones del facilitador del taller, quien escuch\u00f3 las creaciones de los talleristas y traz\u00f3 pautas para alcanzar el dominio del lenguaje novelesco y el uso de los procedimientos narrativos.<\/span><\/p>\n<\/p>\n<p><span class=\"text1noticias\">Durante su visita, Argueta tambi\u00e9n dict\u00f3 la conferencia ?Literatura centroamericana y marginalidad cultural?, actividad que form\u00f3 parte tambi\u00e9n del Ciclo Pre-inaugural y cont\u00f3 con la asistencia de estudiantes y p\u00fablico en general. <\/span><\/p>\n<\/p>\n<p><span class=\"text1noticias\">Manlio Argueta<\/span><\/p>\n<\/p>\n<p><span class=\"text1noticias\">Novelista y poeta salvadore\u00f1o, nacido en 1935. Doctor en jurisprudencia y ciencias sociales. Form\u00f3 junto a Roque Dalton del C\u00edrculo Literario Universitario en 1956, una de las promociones literarias m\u00e1s reconocidas de su pa\u00eds que form\u00f3 parte de la Generaci\u00f3n Comprometida. Es Premio Internacional Naim Frasheri de Macedonia y fue condecorado con la Orden al M\u00e9rito Civil en Grado de Encomienda por el Gobierno de Espa\u00f1a.<\/span><\/p>\n<\/p>\n<p><span class=\"text1noticias\"> Ha sido profesor universitario en Costa Rica y Estados Unidos, y conferenciante en varias universidades de B\u00e9lgica, Francia, Holanda, Inglaterra, Suecia, Canad\u00e1 y Estados Unidos. Actualmente es director de la Biblioteca Nacional de El Salvador. <\/span><\/p>\n<\/p>\n<p><span class=\"text1noticias\">Es autor de las novelas El valle de las hamacas (Premio \u00danico del Consejo Superior Universitario Centroamericano de Costa Rica), Caperucita en la zona roja (Premio Latinoamericano de novela de Casas de las Am\u00e9ricas, Cuba), Un d\u00eda en la vida (traducida a 14 idiomas y publicada en ingl\u00e9s por Random House), Cuzcatl\u00e1n donde bate la mar el sur, Milagro de la paz, Siglo de o(g)ro y Poes\u00eda completa de Manlio Argueta. <\/span><\/p>\n<\/p>\n<p><span class=\"text1noticias\">Actualmente  tiene in\u00e9dita las novelas: Los poetas del mal, Franciscana y El sexto muro, producto de la Beca Guggenheim. Es autor en ediciones biling\u00fces de los libros de cuentos: The magic dogs of volcanoes y El chipit\u00edo. <\/span><\/p>\n<h6> 2009-04-03 18:17:36 <\/h6>\n<p><!--\n<link rel=\"stylesheet\" href=\"css\/bootstrap.min.css\">\n\n\n<ul class=\"pagination\">\n\t    \n\t\n\n<li >\n\t<a href='?page_no=21850'>Previous<\/a>\n\t<\/li>\n\n\n       \n    \n\n<li><a href='?page_no=1'>1<\/a><\/li>\n\n\n\n<li><a href='?page_no=2'>2<\/a><\/li>\n\n\n\n<li><a>...<\/a><\/li>\n\n\n\n<li><a href='?page_no=21849'>21849<\/a><\/li>\n\n\n\n<li><a href='?page_no=21850'>21850<\/a><\/li>\n\n\n\n<li class='active'><a>21851<\/a><\/li>\n\n\n\n<li><a href='?page_no=21852'>21852<\/a><\/li>\n\n\n\n<li><a href='?page_no=21853'>21853<\/a><\/li>\n\n\n\n<li><a>...<\/a><\/li>\n\n\n\n<li><a href='?page_no=22911'>22911<\/a><\/li>\n\n\n\n<li><a href='?page_no=22912'>22912<\/a><\/li>\n\n    \n\t\n\n<li >\n\t<a href='?page_no=21852'>Next<\/a>\n\t<\/li>\n\n\n    \n\n<li><a href='?page_no=22912'>Last &rsaquo;&rsaquo;<\/a><\/li>\n\n<\/ul>\n\n\n--><br \/>\n<\/body><\/p>\n","protected":false},"excerpt":{"rendered":"<p>En el marco del Ciclo Pre-inaugural de la XII Feria Internacional del Libro Santo Domingo 2009, la Secretar\u00eda de Estado de Cultura, a trav\u00e9s de la Direcci\u00f3n General de la Feria del Libro y la Direcci\u00f3n de Gesti\u00f3n Literaria llevaron a cabo un taller sobre teor\u00eda y t\u00e9cnica de la novela con el afamado novelista [&hellip;]<\/p>\n","protected":false},"author":3,"featured_media":0,"comment_status":"open","ping_status":"open","sticky":false,"template":"","format":"standard","meta":{"footnotes":""},"categories":[21],"tags":[],"class_list":["post-70173","post","type-post","status-publish","format-standard","hentry","category-cultura"],"_links":{"self":[{"href":"https:\/\/diariodominicano.com\/index.php?rest_route=\/wp\/v2\/posts\/70173","targetHints":{"allow":["GET"]}}],"collection":[{"href":"https:\/\/diariodominicano.com\/index.php?rest_route=\/wp\/v2\/posts"}],"about":[{"href":"https:\/\/diariodominicano.com\/index.php?rest_route=\/wp\/v2\/types\/post"}],"author":[{"embeddable":true,"href":"https:\/\/diariodominicano.com\/index.php?rest_route=\/wp\/v2\/users\/3"}],"replies":[{"embeddable":true,"href":"https:\/\/diariodominicano.com\/index.php?rest_route=%2Fwp%2Fv2%2Fcomments&post=70173"}],"version-history":[{"count":0,"href":"https:\/\/diariodominicano.com\/index.php?rest_route=\/wp\/v2\/posts\/70173\/revisions"}],"wp:attachment":[{"href":"https:\/\/diariodominicano.com\/index.php?rest_route=%2Fwp%2Fv2%2Fmedia&parent=70173"}],"wp:term":[{"taxonomy":"category","embeddable":true,"href":"https:\/\/diariodominicano.com\/index.php?rest_route=%2Fwp%2Fv2%2Fcategories&post=70173"},{"taxonomy":"post_tag","embeddable":true,"href":"https:\/\/diariodominicano.com\/index.php?rest_route=%2Fwp%2Fv2%2Ftags&post=70173"}],"curies":[{"name":"wp","href":"https:\/\/api.w.org\/{rel}","templated":true}]}}