{"id":70172,"date":"2009-04-05T20:21:33","date_gmt":"2009-04-05T20:21:33","guid":{"rendered":"http:\/\/diariodominicano.ddns.net\/?p=70172"},"modified":"2009-04-05T20:21:33","modified_gmt":"2009-04-05T20:21:33","slug":"la-literatura-celebra-los-120-anos-del-natalicio-de-gabriela-mistral","status":"publish","type":"post","link":"https:\/\/diariodominicano.com\/?p=70172","title":{"rendered":"La literatura celebra los 120 a\u00f1os del natalicio de Gabriela Mistral"},"content":{"rendered":"<p><body><\/p>\n<p><img decoding=\"async\" src=\"http:\/\/localhost:8080\/img3\/gabiela.jpg\" \/>  <\/p>\n<p><span class=\"text1noticias\">Sus versos de \u00abamericanidad profunda\u00bb y su mirada femenina la distinguen entre sus pares, plante\u00f3 el poeta y acad\u00e9mico chileno, Jaime Quezada.<\/span><\/p>\n<\/p>\n<p><span class=\"text1noticias\">por DPA | 05\/04\/2009 &#8211; 11:59 <\/span><\/p>\n<p><span class=\"text1noticias\">A 120 a\u00f1os de su natalicio, un 7 de abril de 1889, la poetisa y Premio Nobel Gabriela Mistral es una de las voces formadoras de la identidad latinoamericana, junto al nicarag\u00fcense Rub\u00e9n Dar\u00edo y el venezolano Juan Rulfo, entre otros. <\/span><\/p>\n<\/p>\n<p><span class=\"text1noticias\">Sus versos de \u00abamericanidad profunda\u00bb y su mirada femenina la distinguen entre sus pares, plante\u00f3 el poeta y acad\u00e9mico chileno, Jaime Quezada, estudioso de su obra, premiada por la Academia Sueca en 1945. <\/span><\/p>\n<\/p>\n<p><span class=\"text1noticias\">\u00abFui criatura estable de mi raza y mi pa\u00eds, escrib\u00ed lo que ve\u00eda o ten\u00eda muy inmediato, sobre la carne caliente. Desde que soy criatura vagabunda, desterrada voluntaria, parece que no escribo sino en medio de un vaho de fantasmas\u00bb, dir\u00eda difusa ella sobre su obra.<\/span><\/p>\n<\/p>\n<p><span class=\"text1noticias\">Pero para Quezada su aporte es vital y claro. \u00abElla descubre para Europa el mundo americano\u00bb con l\u00edneas de dolor desgarrado, de misticismo infinito, regalados en \u00abDesolaci\u00f3n\u00bb, \u00abTala\u00bb, \u00abLagar\u00bb y \u00abTernura\u00bb, sus obras en vida. <\/span><\/p>\n<\/p>\n<p><span class=\"text1noticias\">Adem\u00e1s para el poeta y premio Cervantes chileno Gonzalo Rojas, la clave de Gabriela Mistral es que encontr\u00f3 Am\u00e9rica en su propia tierra, sin tener que ir a Machu Picchu, como su alumno y tambi\u00e9n Premio Nobel, Pablo Neruda. <\/span><\/p>\n<\/p>\n<p><span class=\"text1noticias\">Los poemarios de Gabriela Mistral, nacida como Lucila Godoy, son adem\u00e1s obras labradas por a\u00f1os y construidas en los parajes m\u00e1s desolados de su tierra y alma, cargada de dolores inconfesables. <\/span><\/p>\n<p><span class=\"text1noticias\">\u00abElla  era preciosamente \u00e1spera y sana\u00bb, rememora Rojas, destacando la solidez de su obra, surgida siempre en la soledad y sin el \u00abatarantamiento de otros escritores\u00bb, a\u00f1ade Quezada. <\/span><\/p>\n<\/p>\n<p><span class=\"text1noticias\">De hecho, una hacienda perdida en las tierras m\u00e1s australes de Am\u00e9rica, entre c\u00f3ndores y caballos, adem\u00e1s de una pieza rural en su Elqui natal son algunos de los testigos de su pasi\u00f3n literaria, que fue siempre un viaje a s\u00ed misma y la universalidad que la rodeaba. <\/span><\/p>\n<\/p>\n<p><span class=\"text1noticias\">Nacida bajo la mirada de las monta\u00f1as andinas, su vida es una traves\u00eda social, femenina y literaria por escuelas pobres de desiertos polvorientos, g\u00e9lidas y ventiscosas estepas patag\u00f3nicas, adem\u00e1s de salones diplom\u00e1ticos y acad\u00e9micos que le parec\u00edan lejanos. <\/span><\/p>\n<\/p>\n<p><span class=\"text1noticias\">Fue tambi\u00e9n una odisea por los dolores insuperados del abandono de su padre, Juan Godoy, de una violaci\u00f3n a los siete a\u00f1os, la muerte juvenil en Brasil de Yin Yin, su supuesto hijo, el suicidio del obrero Romelio Ureta, quiz\u00e1s su mayor amor masculino, y su sospechado romance con Doris Dana, su secretaria. <\/span><\/p>\n<\/p>\n<p><span class=\"text1noticias\">Su vida tambi\u00e9n fue la relaci\u00f3n pendular que mantuvo con su pa\u00eds, donde el vulgo y los intelectuales cuestionaron su falta de estudios universitarios, la excluyeron de antolog\u00edas po\u00e9ticas y le otorgaron el Premio Nacional de Literatura diez a\u00f1os despu\u00e9s de recibir el Nobel. <\/span><\/p>\n<\/p>\n<p><span class=\"text1noticias\">Por ello, quiz\u00e1 vivi\u00f3 fuera de Chile, pero con los ojos clavados en sus or\u00edgenes. <\/span><\/p>\n<p><span class=\"text1noticias\">\u00abLa tierra de Am\u00e9rica y la gente m\u00eda, viva o muerta, se me han vuelto un cortejo melanc\u00f3lico, pero muy fiel, que m\u00e1s que envolverme me forra y me oprime y rara vez me deja ver el paisaje y la gente extranjeros\u00bb, dir\u00eda en sus a\u00f1os finales, antes que el c\u00e1ncer acabara con su vida. <\/span><\/p>\n<\/p>\n<p><span class=\"text1noticias\">Ello ocurri\u00f3 mucho antes que el mundo descubriera miles de versos in\u00e9ditos que su parquedad y exigencia le impidieron publicar en vida. <\/span><\/p>\n<\/p>\n<p><span class=\"text1noticias\">Escritos ocultos por a\u00f1os sobre Am\u00e9rica Latina, historias de locos y locas, naturaleza, guerra e incluso poemas dedicados a personalidades pol\u00edticas como el l\u00edder nicarag\u00fcense Augusto Sandino. <\/span><\/p>\n<\/p>\n<p><span class=\"text1noticias\">Toda una obra escondida en cajones que no hizo m\u00e1s que confirmar que su se\u00f1o adusto y su misticismo profundo s\u00f3lo admit\u00edan compartir con el mundo los versos m\u00e1s dignos de sus plumas y abismos.<\/span><\/p>\n<h6> 2009-04-05 20:21:33 <\/h6>\n<p><!--\n<link rel=\"stylesheet\" href=\"css\/bootstrap.min.css\">\n\n\n<ul class=\"pagination\">\n\t    \n\t\n\n<li >\n\t<a href='?page_no=21849'>Previous<\/a>\n\t<\/li>\n\n\n       \n    \n\n<li><a href='?page_no=1'>1<\/a><\/li>\n\n\n\n<li><a href='?page_no=2'>2<\/a><\/li>\n\n\n\n<li><a>...<\/a><\/li>\n\n\n\n<li><a href='?page_no=21848'>21848<\/a><\/li>\n\n\n\n<li><a href='?page_no=21849'>21849<\/a><\/li>\n\n\n\n<li class='active'><a>21850<\/a><\/li>\n\n\n\n<li><a href='?page_no=21851'>21851<\/a><\/li>\n\n\n\n<li><a href='?page_no=21852'>21852<\/a><\/li>\n\n\n\n<li><a>...<\/a><\/li>\n\n\n\n<li><a href='?page_no=22911'>22911<\/a><\/li>\n\n\n\n<li><a href='?page_no=22912'>22912<\/a><\/li>\n\n    \n\t\n\n<li >\n\t<a href='?page_no=21851'>Next<\/a>\n\t<\/li>\n\n\n    \n\n<li><a href='?page_no=22912'>Last &rsaquo;&rsaquo;<\/a><\/li>\n\n<\/ul>\n\n\n--><br \/>\n<\/body><\/p>\n","protected":false},"excerpt":{"rendered":"<p>Sus versos de \u00abamericanidad profunda\u00bb y su mirada femenina la distinguen entre sus pares, plante\u00f3 el poeta y acad\u00e9mico chileno, Jaime Quezada. por DPA | 05\/04\/2009 &#8211; 11:59 A 120 a\u00f1os de su natalicio, un 7 de abril de 1889, la poetisa y Premio Nobel Gabriela Mistral es una de las voces formadoras de la [&hellip;]<\/p>\n","protected":false},"author":3,"featured_media":0,"comment_status":"open","ping_status":"open","sticky":false,"template":"","format":"standard","meta":{"footnotes":""},"categories":[21],"tags":[],"class_list":["post-70172","post","type-post","status-publish","format-standard","hentry","category-cultura"],"_links":{"self":[{"href":"https:\/\/diariodominicano.com\/index.php?rest_route=\/wp\/v2\/posts\/70172","targetHints":{"allow":["GET"]}}],"collection":[{"href":"https:\/\/diariodominicano.com\/index.php?rest_route=\/wp\/v2\/posts"}],"about":[{"href":"https:\/\/diariodominicano.com\/index.php?rest_route=\/wp\/v2\/types\/post"}],"author":[{"embeddable":true,"href":"https:\/\/diariodominicano.com\/index.php?rest_route=\/wp\/v2\/users\/3"}],"replies":[{"embeddable":true,"href":"https:\/\/diariodominicano.com\/index.php?rest_route=%2Fwp%2Fv2%2Fcomments&post=70172"}],"version-history":[{"count":0,"href":"https:\/\/diariodominicano.com\/index.php?rest_route=\/wp\/v2\/posts\/70172\/revisions"}],"wp:attachment":[{"href":"https:\/\/diariodominicano.com\/index.php?rest_route=%2Fwp%2Fv2%2Fmedia&parent=70172"}],"wp:term":[{"taxonomy":"category","embeddable":true,"href":"https:\/\/diariodominicano.com\/index.php?rest_route=%2Fwp%2Fv2%2Fcategories&post=70172"},{"taxonomy":"post_tag","embeddable":true,"href":"https:\/\/diariodominicano.com\/index.php?rest_route=%2Fwp%2Fv2%2Ftags&post=70172"}],"curies":[{"name":"wp","href":"https:\/\/api.w.org\/{rel}","templated":true}]}}