{"id":70171,"date":"2009-04-06T13:52:11","date_gmt":"2009-04-06T13:52:11","guid":{"rendered":"http:\/\/diariodominicano.ddns.net\/?p=70171"},"modified":"2009-04-06T13:52:11","modified_gmt":"2009-04-06T13:52:11","slug":"expondran-100-momentos-en-el-siglo-de-juan-bosch-en-el-gran-teatro-del-cibao","status":"publish","type":"post","link":"https:\/\/diariodominicano.com\/?p=70171","title":{"rendered":"Expondr\u00e1n \u00ab100 Momentos en el Siglo de Juan Bosch\u00bb en el Gran Teatro del Cibao"},"content":{"rendered":"<p><body><\/p>\n<p><img decoding=\"async\" src=\"http:\/\/localhost:8080\/img3\/exposici.jpg\" \/>  <\/p>\n<p><span class=\"text1noticias\">Con 100 obras que recogen las etapas m\u00e1s sobresalientes y significativas de la  fruct\u00edfera existencia del Profesor Juan Bosch, ser\u00e1 exhibida a partir de ma\u00f1ana, martes 7 de abril, a las 4 de la tarde, en la verja del Gran Teatro del Cibao, la exposici\u00f3n fotogr\u00e1fica, pict\u00f3rica y hemerogr\u00e1fica \u00ab100 Momentos en el Siglo de Juan Bosch\u00bb.<\/span><\/p>\n<\/p>\n<p><span class=\"text1noticias\">Con esta extraordinaria muestra art\u00edstica, los admiradores de Don Juan, principalmente j\u00f3venes y el p\u00fablico en general de la regi\u00f3n Norte, tendr\u00e1n la oportunidad de ver plasmado su pensamiento pol\u00edtico e ideol\u00f3gico, explic\u00f3 Di\u00f3medes N\u00fa\u00f1ez Polanco, Director Ejecutivo de la Comisi\u00f3n Nacional Centenario Juan Bosch.<\/span><\/p>\n<\/p>\n<p><span class=\"text1noticias\">\u00ab100 Momentos en el Siglo de Juan Bosch\u00bb es presentada por la Comisi\u00f3n Nacional Centenario Juan Bosch, Fundaci\u00f3n Juan Bosch y el Comit\u00e9 Provincial de Santiago, en coordinaci\u00f3n con la Fundaci\u00f3n Patria Visual, como parte de los actos que se celebran en Santiago, con motivo de los cien a\u00f1os del nacimiento de intelectual dominicano.<\/span><\/p>\n<\/p>\n<p><span class=\"text1noticias\">La muestra recoge lo que fue el ascenso al poder del primer gobierno democr\u00e1tico que tuvo el pa\u00eds, los acontecimientos previos y posteriores a la ni\u00f1ez y la adolescencia de Bosch, y sus primeros pasos por la literatura y la pol\u00edtica.<\/span><\/p>\n<\/p>\n<p><span class=\"text1noticias\">Tambi\u00e9n sus v\u00ednculos pol\u00edtico-ideol\u00f3gicos con l\u00edderes y estadistas de otras naciones, su reiterado amor y sacrificio por su pa\u00eds, su solidaridad con personalidades de otras naciones. La Comisi\u00f3n Nacional Centenario Juan Bosch fue creada mediante el decreto 247-08, integrada por personalidades, intelectuales, empresarios y amigos del pol\u00edtico y literato.<\/span><\/p>\n<h6> 2009-04-06 13:52:11 <\/h6>\n<p><!--\n<link rel=\"stylesheet\" href=\"css\/bootstrap.min.css\">\n\n\n<ul class=\"pagination\">\n\t    \n\t\n\n<li >\n\t<a href='?page_no=21848'>Previous<\/a>\n\t<\/li>\n\n\n       \n    \n\n<li><a href='?page_no=1'>1<\/a><\/li>\n\n\n\n<li><a href='?page_no=2'>2<\/a><\/li>\n\n\n\n<li><a>...<\/a><\/li>\n\n\n\n<li><a href='?page_no=21847'>21847<\/a><\/li>\n\n\n\n<li><a href='?page_no=21848'>21848<\/a><\/li>\n\n\n\n<li class='active'><a>21849<\/a><\/li>\n\n\n\n<li><a href='?page_no=21850'>21850<\/a><\/li>\n\n\n\n<li><a href='?page_no=21851'>21851<\/a><\/li>\n\n\n\n<li><a>...<\/a><\/li>\n\n\n\n<li><a href='?page_no=22911'>22911<\/a><\/li>\n\n\n\n<li><a href='?page_no=22912'>22912<\/a><\/li>\n\n    \n\t\n\n<li >\n\t<a href='?page_no=21850'>Next<\/a>\n\t<\/li>\n\n\n    \n\n<li><a href='?page_no=22912'>Last &rsaquo;&rsaquo;<\/a><\/li>\n\n<\/ul>\n\n\n--><br \/>\n<\/body><\/p>\n","protected":false},"excerpt":{"rendered":"<p>Con 100 obras que recogen las etapas m\u00e1s sobresalientes y significativas de la fruct\u00edfera existencia del Profesor Juan Bosch, ser\u00e1 exhibida a partir de ma\u00f1ana, martes 7 de abril, a las 4 de la tarde, en la verja del Gran Teatro del Cibao, la exposici\u00f3n fotogr\u00e1fica, pict\u00f3rica y hemerogr\u00e1fica \u00ab100 Momentos en el Siglo de [&hellip;]<\/p>\n","protected":false},"author":3,"featured_media":0,"comment_status":"open","ping_status":"open","sticky":false,"template":"","format":"standard","meta":{"footnotes":""},"categories":[21],"tags":[],"class_list":["post-70171","post","type-post","status-publish","format-standard","hentry","category-cultura"],"_links":{"self":[{"href":"https:\/\/diariodominicano.com\/index.php?rest_route=\/wp\/v2\/posts\/70171","targetHints":{"allow":["GET"]}}],"collection":[{"href":"https:\/\/diariodominicano.com\/index.php?rest_route=\/wp\/v2\/posts"}],"about":[{"href":"https:\/\/diariodominicano.com\/index.php?rest_route=\/wp\/v2\/types\/post"}],"author":[{"embeddable":true,"href":"https:\/\/diariodominicano.com\/index.php?rest_route=\/wp\/v2\/users\/3"}],"replies":[{"embeddable":true,"href":"https:\/\/diariodominicano.com\/index.php?rest_route=%2Fwp%2Fv2%2Fcomments&post=70171"}],"version-history":[{"count":0,"href":"https:\/\/diariodominicano.com\/index.php?rest_route=\/wp\/v2\/posts\/70171\/revisions"}],"wp:attachment":[{"href":"https:\/\/diariodominicano.com\/index.php?rest_route=%2Fwp%2Fv2%2Fmedia&parent=70171"}],"wp:term":[{"taxonomy":"category","embeddable":true,"href":"https:\/\/diariodominicano.com\/index.php?rest_route=%2Fwp%2Fv2%2Fcategories&post=70171"},{"taxonomy":"post_tag","embeddable":true,"href":"https:\/\/diariodominicano.com\/index.php?rest_route=%2Fwp%2Fv2%2Ftags&post=70171"}],"curies":[{"name":"wp","href":"https:\/\/api.w.org\/{rel}","templated":true}]}}