{"id":70170,"date":"2009-04-06T14:36:31","date_gmt":"2009-04-06T14:36:31","guid":{"rendered":"http:\/\/diariodominicano.ddns.net\/?p=70170"},"modified":"2009-04-06T14:36:31","modified_gmt":"2009-04-06T14:36:31","slug":"instituto-ispe-celebrara-en-la-uasd-primer-foro-internacional-de-liderazgo-estudiantil-y-mini-feria-de-empleos","status":"publish","type":"post","link":"https:\/\/diariodominicano.com\/?p=70170","title":{"rendered":"Instituto ISPE celebrar\u00e1 en la UASD primer foro internacional de liderazgo estudiantil y mini-feria de empleos"},"content":{"rendered":"<p><body><\/p>\n<p><span class=\"text1noticias\">El primer Foro Internacional de Liderazgo Estudiantil ISPE y ?una mini-feria de empleos? ser\u00e1n celebrados este 18 de abril en el recinto de la Universidad Aut\u00f3noma de Santo Domingo (UASD) de esta capital, con la participaci\u00f3n de representantes de universidades dominicanas y puertorrique\u00f1as.<\/span><\/p>\n<p><span class=\"text1noticias\">El Foro es organizado por el ISPE, un instituto de innovaci\u00f3n en la ingenier\u00eda farmac\u00e9utica que cuenta con m\u00e1s de 23 mil miembros en m\u00e1s de 81 pa\u00edses.<\/span><\/p>\n<\/p>\n<p><span class=\"text1noticias\">El anuncio fue hecho por el presidente de ISPE en Puerto Rico, ingeniero Miguel P\u00e9rez Col\u00f3n y Ricardo Cabrera, Tesorero, quienes dijeron que la actividad tendr\u00e1 lugar en el sal\u00f3n Manuel del Cabral de la Biblioteca Pedro Mir de la UASD y que a la misma se espera una asistencia de 300 estudiantes universitarios de Rep\u00fablica Dominicana y de Puerto Rico.<\/span><\/p>\n<\/p>\n<p><span class=\"text1noticias\">Al evento internacional asistir\u00e1n representaciones de la Universidad Interamericana de Puerto Rico, la Universidad Polit\u00e9cnica de Puerto Rico y del recinto Mayag\u00fcez de la Universidad  de Puerto Rico, precis\u00f3 P\u00e9rez Col\u00f3n. De Rep\u00fablica Dominicana participan la UASD, Instituto Tecnol\u00f3gico de Santo Domingo (INTEC) y la Universidad Nacional Pedro Henr\u00edquez Ure\u00f1a (UNPHU).<\/span><\/p>\n<\/p>\n<p><span class=\"text1noticias\">Resaltaron que el Foro cuenta con los auspicios de tres compa\u00f1\u00edas puertorrique\u00f1as, las Farma Group International, Skanska y CIC Construction Group. S.E.; y siete de Rep\u00fablica Dominicana, espec\u00edficamente los laboratorios San Luis, Magnachem, Lam, Mall\u00e9n, Rago, Ameripharma y Edwards Lifescience.<\/span><\/p>\n<\/p>\n<p><span class=\"text1noticias\">Se\u00f1alaron que la actividad tiene como objetivo brindar destrezas a los estudiantes de las universidades para que aprendan c\u00f3mo hacer una transici\u00f3n de estudiantes hasta profesionales. <\/span><\/p>\n<\/p>\n<p><span class=\"text1noticias\">Tambi\u00e9n, se le explicar\u00e1 al estudiantado c\u00f3mo redactar un curr\u00edculo y c\u00f3mo prepararse para una entrevista de empleo, mientras gerentes de recursos humanos de las industrias asistir\u00e1n al foro para decir a los estudiantes cu\u00e1les son las expectativas, cualidades y caracter\u00edsticas que ellos buscan en un candidato a emplear, indic\u00f3 P\u00e9rez Col\u00f3n.  <\/span><\/p>\n<\/p>\n<p><span class=\"text1noticias\">Manifestaron que tambi\u00e9n se le ense\u00f1ar\u00e1 c\u00f3mo tener comunicaci\u00f3n efectiva, oral y escrita, c\u00f3mo prepararse en la din\u00e1mica de una entrevista laboral y, b\u00e1sicamente, para revisar, recibir curr\u00edculos a la vez evaluar\u00e1n candidatos a puestos en la industria ?porque va a ser una mini-feria de empleos combinada con el foro?.<\/span><\/p>\n<\/p>\n<p><span class=\"text1noticias\">Destacaron que durante el evento se dar\u00e1n herramientas sobre c\u00f3mo los estudiantes podr\u00e1n hacer una transici\u00f3n del estudiantado hacia la vida profesional, labor que ser\u00e1 facilitada por profesionales de la industria.<\/span><\/p>\n<\/p>\n<p><span class=\"text1noticias\">La actividad est\u00e1 dirigida a todas las carreras t\u00e9cnicas que tienen que ver con las ciencias, como son las disciplinas de ingenier\u00edas (civil, mec\u00e1nica, industrial, qu\u00edmica, farmac\u00e9utica, microbiolog\u00eda), administraci\u00f3n de empresas y otras.<\/span><\/p>\n<\/p>\n<p><span class=\"text1noticias\">Perez Col\u00f3n y Ricardo Cabrera significaron que el foro implementar\u00e1 una especie de seguimiento a estas actividades, mediante la cual ISPE tomar\u00e1 los curr\u00edculos de los participantes y se les entregar\u00e1n a las empresas para que incorporen a algunos estudiantes a plazas, pasant\u00edas y otros espacios que tengan disponibles.<\/span><\/p>\n<\/p>\n<p><span class=\"text1noticias\">Detallaron que este tipo de eventos se realizan en Puerto Rico y Estados Unidos, especialmente en esta \u00faltima naci\u00f3n donde se celebran cuatro foros anuales en diferentes ciudades, con el mismo formato y objetivo del que se realizar\u00e1 en la UASD, facilitar a los estudiantes su transici\u00f3n a la vida profesional.<\/span><\/p>\n<\/p>\n<p><span class=\"text1noticias\">Subrayaron que en Puerto Rico, por ejemplo, el Foro ha servido para que empresas de ese pa\u00eds contraten a estudiantes pr\u00f3ximos a graduarse, mientras otros logran realizar sus pasant\u00edas en prestigiosas industrias puertorrique\u00f1as.<\/span><\/p>\n<\/p>\n<p><span class=\"text1noticias\">?Pero lo m\u00e1s importante es que despu\u00e9s del Foro muchos estudiantes se han comenzado a prepararse sobre qu\u00e9 es lo que tienen que hacer para obviamente posicionarse y ser un candidato atractivo para una empresa?, expres\u00f3 P\u00e9rez Col\u00f3n.<\/span><\/p>\n<h6> 2009-04-06 14:36:31 <\/h6>\n<p><!--\n<link rel=\"stylesheet\" href=\"css\/bootstrap.min.css\">\n\n\n<ul class=\"pagination\">\n\t    \n\t\n\n<li >\n\t<a href='?page_no=21847'>Previous<\/a>\n\t<\/li>\n\n\n       \n    \n\n<li><a href='?page_no=1'>1<\/a><\/li>\n\n\n\n<li><a href='?page_no=2'>2<\/a><\/li>\n\n\n\n<li><a>...<\/a><\/li>\n\n\n\n<li><a href='?page_no=21846'>21846<\/a><\/li>\n\n\n\n<li><a href='?page_no=21847'>21847<\/a><\/li>\n\n\n\n<li class='active'><a>21848<\/a><\/li>\n\n\n\n<li><a href='?page_no=21849'>21849<\/a><\/li>\n\n\n\n<li><a href='?page_no=21850'>21850<\/a><\/li>\n\n\n\n<li><a>...<\/a><\/li>\n\n\n\n<li><a href='?page_no=22911'>22911<\/a><\/li>\n\n\n\n<li><a href='?page_no=22912'>22912<\/a><\/li>\n\n    \n\t\n\n<li >\n\t<a href='?page_no=21849'>Next<\/a>\n\t<\/li>\n\n\n    \n\n<li><a href='?page_no=22912'>Last &rsaquo;&rsaquo;<\/a><\/li>\n\n<\/ul>\n\n\n--><br \/>\n<\/body><\/p>\n","protected":false},"excerpt":{"rendered":"<p>El primer Foro Internacional de Liderazgo Estudiantil ISPE y ?una mini-feria de empleos? ser\u00e1n celebrados este 18 de abril en el recinto de la Universidad Aut\u00f3noma de Santo Domingo (UASD) de esta capital, con la participaci\u00f3n de representantes de universidades dominicanas y puertorrique\u00f1as. El Foro es organizado por el ISPE, un instituto de innovaci\u00f3n en [&hellip;]<\/p>\n","protected":false},"author":3,"featured_media":0,"comment_status":"open","ping_status":"open","sticky":false,"template":"","format":"standard","meta":{"footnotes":""},"categories":[21],"tags":[],"class_list":["post-70170","post","type-post","status-publish","format-standard","hentry","category-cultura"],"_links":{"self":[{"href":"https:\/\/diariodominicano.com\/index.php?rest_route=\/wp\/v2\/posts\/70170","targetHints":{"allow":["GET"]}}],"collection":[{"href":"https:\/\/diariodominicano.com\/index.php?rest_route=\/wp\/v2\/posts"}],"about":[{"href":"https:\/\/diariodominicano.com\/index.php?rest_route=\/wp\/v2\/types\/post"}],"author":[{"embeddable":true,"href":"https:\/\/diariodominicano.com\/index.php?rest_route=\/wp\/v2\/users\/3"}],"replies":[{"embeddable":true,"href":"https:\/\/diariodominicano.com\/index.php?rest_route=%2Fwp%2Fv2%2Fcomments&post=70170"}],"version-history":[{"count":0,"href":"https:\/\/diariodominicano.com\/index.php?rest_route=\/wp\/v2\/posts\/70170\/revisions"}],"wp:attachment":[{"href":"https:\/\/diariodominicano.com\/index.php?rest_route=%2Fwp%2Fv2%2Fmedia&parent=70170"}],"wp:term":[{"taxonomy":"category","embeddable":true,"href":"https:\/\/diariodominicano.com\/index.php?rest_route=%2Fwp%2Fv2%2Fcategories&post=70170"},{"taxonomy":"post_tag","embeddable":true,"href":"https:\/\/diariodominicano.com\/index.php?rest_route=%2Fwp%2Fv2%2Ftags&post=70170"}],"curies":[{"name":"wp","href":"https:\/\/api.w.org\/{rel}","templated":true}]}}