{"id":70169,"date":"2009-04-06T14:51:57","date_gmt":"2009-04-06T14:51:57","guid":{"rendered":"http:\/\/diariodominicano.ddns.net\/?p=70169"},"modified":"2009-04-06T14:51:57","modified_gmt":"2009-04-06T14:51:57","slug":"la-capital-americana-de-la-cultura-santo-domingo-2010-se-presentara-ante-48-universidades-de-europa","status":"publish","type":"post","link":"https:\/\/diariodominicano.com\/?p=70169","title":{"rendered":"La Capital Americana de la Cultura Santo Domingo 2010 se presentar\u00e1 ante 48 universidades de Europa"},"content":{"rendered":"<p><body><\/p>\n<p><img decoding=\"async\" src=\"http:\/\/localhost:8080\/img3\/uneco.jpg\" \/>  <\/p>\n<p><span class=\"text1noticias\">Barcelona, 06-04-2009<\/span><\/p>\n<\/p>\n<p><span class=\"text1noticias\">El Presidente de la Organizaci\u00f3n Capital Americana de la Cultura (www.cac-acc.org) y del Bureau Internacional de Capitales Culturales (www.ibocc.org), Xavier Tudela, presentar\u00e1 Santo Domingo 2010, la capital cultural del continente americano del a\u00f1o pr\u00f3ximo, en la Conferencia Anual de la Red de Universidades de las Capitales Europeas de la Cultura (University Network of the European Capitals of Culture ?UNeECC-). Esta organizaci\u00f3n agrupa a 48 universidades ubicadas en ciudades que han sido o ser\u00e1n capitales europeas de la cultura. Este a\u00f1o, la Conferencia se celebrar\u00e1 los d\u00edas 22 y 23 de Octubre en Vilna (Lituania) ciudad que, conjuntamente con Linz (Austria), es la Capital Europea de la Cultura 2009.<\/span><\/p>\n<\/p>\n<p><span class=\"text1noticias\">La UNeECC agrupa a las siguientes universidades de Europa:<\/span><\/p>\n<\/p>\n<p><span class=\"text1noticias\">Brussels Management School de Bruselas (B\u00e9lgica)<\/span><\/p>\n<p><span class=\"text1noticias\">Colegio de Europa de Brujas (B\u00e9lgica) y Varsovia (Polonia)<\/span><\/p>\n<p><span class=\"text1noticias\">Instituto de Tecnolog\u00eda de Cork (Irlanda)<\/span><\/p>\n<p><span class=\"text1noticias\">Organizaci\u00f3n Cultural de la Ciudad de Atenas (Grecia)<\/span><\/p>\n<p><span class=\"text1noticias\">Pontificia Academia de Teolog\u00eda de Cracovia (Polonia)<\/span><\/p>\n<p><span class=\"text1noticias\">Universidad Agr\u00edcola de Cracovia (Polonia)<\/span><\/p>\n<p><span class=\"text1noticias\">Universidad Alfonso X el Sabio de Madrid (Espa\u00f1a)<\/span><\/p>\n<p><span class=\"text1noticias\">Universidad Bahcesehir de Estambul (Turqu\u00eda)<\/span><\/p>\n<p><span class=\"text1noticias\">Universidad Bilgi de Estambul (Turqu\u00eda)<\/span><\/p>\n<p><span class=\"text1noticias\">Universidad Caledonian de Glasgow (Escocia, Reino Unido)<\/span><\/p>\n<p><span class=\"text1noticias\">Universidad Cat\u00f3lica de Lille (Francia) <\/span><\/p>\n<p><span class=\"text1noticias\">Universidad Complutense de Madrid (Espa\u00f1a)<\/span><\/p>\n<p><span class=\"text1noticias\">Universidad de Avi\u00f1\u00f3n (Francia)<\/span><\/p>\n<p><span class=\"text1noticias\">Universidad de Econom\u00eda de Cracovia (Polonia) <\/span><\/p>\n<p><span class=\"text1noticias\">Universidad de Bolonia (Italia)<\/span><\/p>\n<p><span class=\"text1noticias\">Universidad de Ciencia y Tecnolog\u00eda de Cracovia (Polonia)<\/span><\/p>\n<p><span class=\"text1noticias\">Universidad de Ciencia y Tecnolog\u00eda de Lille (Francia)<\/span><\/p>\n<p><span class=\"text1noticias\">Universidad de Ciencias Aplicadas de Helsinki (Finlandia)<\/span><\/p>\n<p><span class=\"text1noticias\">Universidad de Cork (Irlanda)<\/span><\/p>\n<p><span class=\"text1noticias\">Universidad de Derecho de Lille (Francia)<\/span><\/p>\n<p><span class=\"text1noticias\">Universidad de Duisburgo-Essen (Alemania)<\/span><\/p>\n<p><span class=\"text1noticias\">Universidad de G\u00e9nova (Italia)<\/span><\/p>\n<p><span class=\"text1noticias\">Universidad de Lisboa (Portugal)<\/span><\/p>\n<p><span class=\"text1noticias\">Universidad de Liverpool (Inglaterra, Reino Unido)<\/span><\/p>\n<p><span class=\"text1noticias\">Universidad de Luxemburgo (Luxemburgo)<\/span><\/p>\n<p><span class=\"text1noticias\">Universidad de Maribor (Eslovenia)<\/span><\/p>\n<p><span class=\"text1noticias\">Universidad de Patras (Grecia)<\/span><\/p>\n<p><span class=\"text1noticias\">Universidad de P\u00e9cs (Hungr\u00eda)<\/span><\/p>\n<p><span class=\"text1noticias\">Universidad de Salamanca (Espa\u00f1a)<\/span><\/p>\n<p><span class=\"text1noticias\">Universidad de Sibiu (Rumania)<\/span><\/p>\n<p><span class=\"text1noticias\">Universidad de Stavanger (Noruega)<\/span><\/p>\n<p><span class=\"text1noticias\">Universidad Erasmus de Rotterdam (Holanda)<\/span><\/p>\n<p><span class=\"text1noticias\">Universidad Fatih de Estambul (Turqu\u00eda)<\/span><\/p>\n<p><span class=\"text1noticias\">Universidad Fernando Pessoa de Porto (Portugal)<\/span><\/p>\n<p><span class=\"text1noticias\">Universidad FH Joanneum de Ciencias Aplicadas de Graz (Austria)<\/span><\/p>\n<p><span class=\"text1noticias\">Universidad FH Kufstein Tirol (Austria)<\/span><\/p>\n<p><span class=\"text1noticias\">Universidad Hope de Liverpool (Inglaterra, Reino Unido) <\/span><\/p>\n<p><span class=\"text1noticias\">Universidad Isik de Estambul (Turqu\u00eda)<\/span><\/p>\n<p><span class=\"text1noticias\">Universidad Johannes Kepler de Linz (Austria)<\/span><\/p>\n<p><span class=\"text1noticias\">Universidad Lessius de Amberes (B\u00e9lgica)<\/span><\/p>\n<p><span class=\"text1noticias\">Universidad Mykolas Romeris de Vilna (Lituania)<\/span><\/p>\n<p><span class=\"text1noticias\">Universidad Rovira i Virgili de Tarragona (Espa\u00f1a)<\/span><\/p>\n<p><span class=\"text1noticias\">Universidad T\u00e9cnica de Estambul (Turqu\u00eda)<\/span><\/p>\n<p><span class=\"text1noticias\">Universidad T\u00e9cnica de Vilna (Lituania)<\/span><\/p>\n<p><span class=\"text1noticias\">Universidad Yeditepe de Estambul (Turqu\u00eda) <\/span><\/p>\n<p><span class=\"text1noticias\">Universidad de Amberes (B\u00e9lgica)<\/span><\/p>\n<p><span class=\"text1noticias\">Universidad de Atenas (Grecia)<\/span><\/p>\n<p><span class=\"text1noticias\">Vesalius College de Bruselas (B\u00e9lgica)<\/span><\/p>\n<\/p>\n<p><span class=\"text1noticias\">El Presidente del Bureau Internacional de Capitales Culturales, Xavier Tudela, ha declarado que ?es muy importante que la Capital Americana de la Cultura Santo Domingo 2010 se presente ante 48 universidades europeas, porqu\u00e9 ello permitir\u00e1 posteriormente que miles de estudiantes universitarios de Europa se puedan interesar por la cultura dominicana, con los beneficios de todo tipo que ello comporta?.<\/span><\/p>\n<\/p>\n<p><span class=\"text1noticias\">La Capital Americana de la Cultura, creada en 1998, tiene como objetivo promover la integraci\u00f3n interamericana desde el \u00e1mbito cultural, contribuir a un mejor conocimiento entre los pueblos del continente americano, respetando su diversidad nacional y regional, poniendo de relieve al mismo tiempo el patrimonio cultural com\u00fan. La Organizaci\u00f3n Capital Americana de la Cultura es miembro del Bureau Internacional de Capitales Culturales, promueve internacionalmente las ciudades capitales culturales y establece nuevos puentes de cooperaci\u00f3n con Europa, continente que tiene establecida la capital cultural desde 1985. Est\u00e1 acreditada ante la Organizaci\u00f3n de los Estados Americanos (OEA) y tiene el reconocimiento de los Parlamentos Latinoamericano y Europeo. Hasta la fecha, han sido designadas como Capital Americana de la Cultura las siguientes ciudades: M\u00e9rida (M\u00e9xico) 2000; Iquique (Chile) 2001; Macei\u00f3 (Brasil) 2002; Ciudad de Panam\u00e1 (Panam\u00e1) y Curitiba (Brasil) 2003; Santiago (Chile) 2004; Guadalajara (M\u00e9xico) 2005; C\u00f3rdoba (Argentina) 2006; Cusco (Per\u00fa) 2007; Brasilia (Brasil) 2008; Asunci\u00f3n (Paraguay) 2009, y Santo Domingo (Rep\u00fablica Dominicana) 2010.<\/span><\/p>\n<p><span class=\"text1noticias\"> <\/span><\/p>\n<p><span class=\"text1noticias\">El Bureau Internacional de Capitales Culturales (www.ibocc.org) es un organismo que agrupa a la Capital Americana de la Cultura (www.cac-acc.org), la Capital Brasile\u00f1a de la Cultura (www.capitalbrasileiradacultura.org), la US Capital of Culture (www.culturalcapital.us), y la Capital de la Cultura Catalana (www.ccc.cat), como iniciativas consolidadas, y otros proyectos de creaci\u00f3n de capitales culturales en preparaci\u00f3n, como la Capital de la Cultura Espa\u00f1ola (www.ccesp.org). Xavier Tudela es el Presidente de la Capital Americana de la Cultura y del Bureau Internacional de Capitales Culturales.<\/span><\/p>\n<h6> 2009-04-06 14:51:57 <\/h6>\n<p><!--\n<link rel=\"stylesheet\" href=\"css\/bootstrap.min.css\">\n\n\n<ul class=\"pagination\">\n\t    \n\t\n\n<li >\n\t<a href='?page_no=21846'>Previous<\/a>\n\t<\/li>\n\n\n       \n    \n\n<li><a href='?page_no=1'>1<\/a><\/li>\n\n\n\n<li><a href='?page_no=2'>2<\/a><\/li>\n\n\n\n<li><a>...<\/a><\/li>\n\n\n\n<li><a href='?page_no=21845'>21845<\/a><\/li>\n\n\n\n<li><a href='?page_no=21846'>21846<\/a><\/li>\n\n\n\n<li class='active'><a>21847<\/a><\/li>\n\n\n\n<li><a href='?page_no=21848'>21848<\/a><\/li>\n\n\n\n<li><a href='?page_no=21849'>21849<\/a><\/li>\n\n\n\n<li><a>...<\/a><\/li>\n\n\n\n<li><a href='?page_no=22911'>22911<\/a><\/li>\n\n\n\n<li><a href='?page_no=22912'>22912<\/a><\/li>\n\n    \n\t\n\n<li >\n\t<a href='?page_no=21848'>Next<\/a>\n\t<\/li>\n\n\n    \n\n<li><a href='?page_no=22912'>Last &rsaquo;&rsaquo;<\/a><\/li>\n\n<\/ul>\n\n\n--><br \/>\n<\/body><\/p>\n","protected":false},"excerpt":{"rendered":"<p>Barcelona, 06-04-2009 El Presidente de la Organizaci\u00f3n Capital Americana de la Cultura (www.cac-acc.org) y del Bureau Internacional de Capitales Culturales (www.ibocc.org), Xavier Tudela, presentar\u00e1 Santo Domingo 2010, la capital cultural del continente americano del a\u00f1o pr\u00f3ximo, en la Conferencia Anual de la Red de Universidades de las Capitales Europeas de la Cultura (University Network of [&hellip;]<\/p>\n","protected":false},"author":3,"featured_media":0,"comment_status":"open","ping_status":"open","sticky":false,"template":"","format":"standard","meta":{"footnotes":""},"categories":[21],"tags":[],"class_list":["post-70169","post","type-post","status-publish","format-standard","hentry","category-cultura"],"_links":{"self":[{"href":"https:\/\/diariodominicano.com\/index.php?rest_route=\/wp\/v2\/posts\/70169","targetHints":{"allow":["GET"]}}],"collection":[{"href":"https:\/\/diariodominicano.com\/index.php?rest_route=\/wp\/v2\/posts"}],"about":[{"href":"https:\/\/diariodominicano.com\/index.php?rest_route=\/wp\/v2\/types\/post"}],"author":[{"embeddable":true,"href":"https:\/\/diariodominicano.com\/index.php?rest_route=\/wp\/v2\/users\/3"}],"replies":[{"embeddable":true,"href":"https:\/\/diariodominicano.com\/index.php?rest_route=%2Fwp%2Fv2%2Fcomments&post=70169"}],"version-history":[{"count":0,"href":"https:\/\/diariodominicano.com\/index.php?rest_route=\/wp\/v2\/posts\/70169\/revisions"}],"wp:attachment":[{"href":"https:\/\/diariodominicano.com\/index.php?rest_route=%2Fwp%2Fv2%2Fmedia&parent=70169"}],"wp:term":[{"taxonomy":"category","embeddable":true,"href":"https:\/\/diariodominicano.com\/index.php?rest_route=%2Fwp%2Fv2%2Fcategories&post=70169"},{"taxonomy":"post_tag","embeddable":true,"href":"https:\/\/diariodominicano.com\/index.php?rest_route=%2Fwp%2Fv2%2Ftags&post=70169"}],"curies":[{"name":"wp","href":"https:\/\/api.w.org\/{rel}","templated":true}]}}