{"id":70168,"date":"2009-04-06T15:45:37","date_gmt":"2009-04-06T15:45:37","guid":{"rendered":"http:\/\/diariodominicano.ddns.net\/?p=70168"},"modified":"2009-04-06T15:45:37","modified_gmt":"2009-04-06T15:45:37","slug":"con-motivo-de-la-semana-santa-unity-en-dominicana-realizara-retiro-oportunidad-o-crisistu-decides","status":"publish","type":"post","link":"https:\/\/diariodominicano.com\/?p=70168","title":{"rendered":"Con motivo de la Semana Santa Unity En Dominicana realizar\u00e1 retiro ?Oportunidad o Crisis?Tu decides?."},"content":{"rendered":"<p><body><\/p>\n<p><span class=\"text1noticias\">La Primera Unity Iglesia Cristiana Unity en Dominicana, celebrar\u00e1 como cada a\u00f1o, su programaci\u00f3n especial de Semana Santa que incluye la interpretaci\u00f3n de Las Siete Palabras, el Viernes Santo y la realizaci\u00f3n de su retiro espiritual, este a\u00f1o titulado ?Oportunidad o Crisis?Tu decides?.<\/span><\/p>\n<\/p>\n<p><span class=\"text1noticias\">El Ministerio inici\u00f3 su programaci\u00f3n de Semana Mayor con el Domingo de Ramos, continuando con sus clases regulares de Cuaresma. El mi\u00e9rcoles   tendr\u00e1n la Comuni\u00f3n Espiritual o Santa Cena, y el jueves inician  su retiro con los temas ?Getseman\u00ed?, y ?La Cuaresma y T\u00fa?.<\/span><\/p>\n<\/p>\n<p><span class=\"text1noticias\">El retiro Espiritual continuar\u00e1 el Viernes Santo, con los temas  ?Psicolog\u00eda de la Crisis?, ?La Crisis y Tu ?, ?Crisis versus Cristo?, ?No hay crisis que por  bien no venga? y ?Oportunidad o crisis? Tu decides?. Ese mismo d\u00eda, a las 6:00 ser\u00e1 la interpretaci\u00f3n de Las Siete Palabras.<\/span><\/p>\n<\/p>\n<p><span class=\"text1noticias\">Las actividades continuar\u00e1n el s\u00e1bado con un d\u00eda de ayuno, oraci\u00f3n y alabanza, para concluir el domingo de resurrecci\u00f3n con un Servicio Especial, que incluye llevar una flor al Templo, para ser lanzada en la fuente de vida eterna.<\/span><\/p>\n<\/p>\n<p><span class=\"text1noticias\">El retiro espiritual tendr\u00e1 una ofrenda de $ 500.00 pesos que incluye las comidas y merienda. Las actividades ser\u00e1n realizadas en la sede el Ministerio en la avenida 27 de Febrero frente al Palacio de los Deportes.<\/span><\/p>\n<\/p>\n<p><span class=\"text1noticias\">La reverenda Carmen Figueroa Mej\u00eda, ministro directora de Unity En Dominicana, record\u00f3 que la ?Semana Santa, es una \u00e9poca de meditaci\u00f3n y reflexi\u00f3n, en la que debemos recordar la Pasi\u00f3n de Cristo,  y las experiencias que viv\u00f3 Jes\u00fas, en esos d\u00edas. Es tiempo de que hagamos un alto, y nos dediquemos a trabajar por nuestro crecimiento espiritual?.<\/span><\/p>\n<\/p>\n<p><span class=\"text1noticias\">?En medio de tantas turbulencias, es necesario redoblar nuestras jornadas de oraci\u00f3n. No criticamos a quienes deciden irse a vacacionar, pero queremos invitar a los que se quedar\u00e1n en sus casas, para que aprovechen estos d\u00edas y hagan un viaje a su interior, buscando la Verdad en sus corazones?. Precis\u00f3 la reverenda Figueroa Mej\u00eda.<\/span><\/p>\n<h6> 2009-04-06 15:45:37 <\/h6>\n<p><!--\n<link rel=\"stylesheet\" href=\"css\/bootstrap.min.css\">\n\n\n<ul class=\"pagination\">\n\t    \n\t\n\n<li >\n\t<a href='?page_no=21845'>Previous<\/a>\n\t<\/li>\n\n\n       \n    \n\n<li><a href='?page_no=1'>1<\/a><\/li>\n\n\n\n<li><a href='?page_no=2'>2<\/a><\/li>\n\n\n\n<li><a>...<\/a><\/li>\n\n\n\n<li><a href='?page_no=21844'>21844<\/a><\/li>\n\n\n\n<li><a href='?page_no=21845'>21845<\/a><\/li>\n\n\n\n<li class='active'><a>21846<\/a><\/li>\n\n\n\n<li><a href='?page_no=21847'>21847<\/a><\/li>\n\n\n\n<li><a href='?page_no=21848'>21848<\/a><\/li>\n\n\n\n<li><a>...<\/a><\/li>\n\n\n\n<li><a href='?page_no=22911'>22911<\/a><\/li>\n\n\n\n<li><a href='?page_no=22912'>22912<\/a><\/li>\n\n    \n\t\n\n<li >\n\t<a href='?page_no=21847'>Next<\/a>\n\t<\/li>\n\n\n    \n\n<li><a href='?page_no=22912'>Last &rsaquo;&rsaquo;<\/a><\/li>\n\n<\/ul>\n\n\n--><br \/>\n<\/body><\/p>\n","protected":false},"excerpt":{"rendered":"<p>La Primera Unity Iglesia Cristiana Unity en Dominicana, celebrar\u00e1 como cada a\u00f1o, su programaci\u00f3n especial de Semana Santa que incluye la interpretaci\u00f3n de Las Siete Palabras, el Viernes Santo y la realizaci\u00f3n de su retiro espiritual, este a\u00f1o titulado ?Oportunidad o Crisis?Tu decides?. El Ministerio inici\u00f3 su programaci\u00f3n de Semana Mayor con el Domingo de [&hellip;]<\/p>\n","protected":false},"author":3,"featured_media":0,"comment_status":"open","ping_status":"open","sticky":false,"template":"","format":"standard","meta":{"footnotes":""},"categories":[21],"tags":[],"class_list":["post-70168","post","type-post","status-publish","format-standard","hentry","category-cultura"],"_links":{"self":[{"href":"https:\/\/diariodominicano.com\/index.php?rest_route=\/wp\/v2\/posts\/70168","targetHints":{"allow":["GET"]}}],"collection":[{"href":"https:\/\/diariodominicano.com\/index.php?rest_route=\/wp\/v2\/posts"}],"about":[{"href":"https:\/\/diariodominicano.com\/index.php?rest_route=\/wp\/v2\/types\/post"}],"author":[{"embeddable":true,"href":"https:\/\/diariodominicano.com\/index.php?rest_route=\/wp\/v2\/users\/3"}],"replies":[{"embeddable":true,"href":"https:\/\/diariodominicano.com\/index.php?rest_route=%2Fwp%2Fv2%2Fcomments&post=70168"}],"version-history":[{"count":0,"href":"https:\/\/diariodominicano.com\/index.php?rest_route=\/wp\/v2\/posts\/70168\/revisions"}],"wp:attachment":[{"href":"https:\/\/diariodominicano.com\/index.php?rest_route=%2Fwp%2Fv2%2Fmedia&parent=70168"}],"wp:term":[{"taxonomy":"category","embeddable":true,"href":"https:\/\/diariodominicano.com\/index.php?rest_route=%2Fwp%2Fv2%2Fcategories&post=70168"},{"taxonomy":"post_tag","embeddable":true,"href":"https:\/\/diariodominicano.com\/index.php?rest_route=%2Fwp%2Fv2%2Ftags&post=70168"}],"curies":[{"name":"wp","href":"https:\/\/api.w.org\/{rel}","templated":true}]}}