{"id":70167,"date":"2009-04-06T19:19:21","date_gmt":"2009-04-06T19:19:21","guid":{"rendered":"http:\/\/diariodominicano.ddns.net\/?p=70167"},"modified":"2009-04-06T19:19:21","modified_gmt":"2009-04-06T19:19:21","slug":"sec-hace-recorrido-en-las-provincias-del-este-del-pais","status":"publish","type":"post","link":"https:\/\/diariodominicano.com\/?p=70167","title":{"rendered":"SEC hace recorrido en las provincias del Este del pa\u00eds"},"content":{"rendered":"<p><body><\/p>\n<p><img decoding=\"async\" src=\"http:\/\/localhost:8080\/img3\/violo.jpg\" \/>  <\/p>\n<p><span class=\"text1noticias\">Este recorrido seguir\u00e1 su curso por las regiones Norte y Sur del pa\u00eds, con el fin de atender  de una manera personalizada las necesidades culturales de todo el pa\u00eds.<\/span><\/p>\n<\/p>\n<p><span class=\"text1noticias\">Con el prop\u00f3sito de atender a las principales demandas culturales en el Este del pa\u00eds, la Secretar\u00eda de Estado de Cultura organiz\u00f3 un encuentro con los representantes de tres de las provincias de esta regi\u00f3n, donde cada una pudo exponer sus inquietudes y necesidades relacionadas al \u00e1mbito sociocultural.<\/span><\/p>\n<p><span class=\"text1noticias\"> <\/span><\/p>\n<p><span class=\"text1noticias\">Al encuentro asisti\u00f3 el subsecretario de Desarrollo Institucional, Mateo Morrison, quien expres\u00f3 que ?la cultura es un derecho de los pueblos, no un favor por parte de los gobiernos, por eso hemos querido venir a escuchar sus necesidades culturales para poder dar respuesta a sus demandas?.<\/span><\/p>\n<p><span class=\"text1noticias\"> <\/span><\/p>\n<p><span class=\"text1noticias\">Estuvieron presentes en el recorrido el gobernador de la Provincia de San Pedro de Macor\u00eds, Alcib\u00edades Tav\u00e1rez; Domingo Guerrero, director Nacional de Provincias; Ricardo Bello, director de Bellas Artes de la Romana;   Luisa Maria Ortiz, directora Provincial de Cultura en La Romana; Luisa Gracia, directora Provincial de Cultura de San Pedro de Macor\u00eds, y Antonio Cede\u00f1o, Ernesto Rivera y Mar\u00eda De la Rosa, miembros de la Asociaci\u00f3n de Escritores y Artistas de Higuey.<\/span><\/p>\n<p><span class=\"text1noticias\"> <\/span><\/p>\n<p><span class=\"text1noticias\">Entre las principales demandas culturales de cada provincia, cabe destacar el  incentivo de la cultura popular y la creaci\u00f3n de Escuelas Libres y Talleres Literarios. Dichas demandas  ser\u00e1n atendidas por la SEC y se les dar\u00e1 seguimiento a las acciones encaminadas a atenderlas.<\/span><\/p>\n<p><span class=\"text1noticias\"> <\/span><\/p>\n<p><span class=\"text1noticias\">Morrison asegur\u00f3 que ?la cultura necesita una democratizaci\u00f3n para desarrollarse, porque no concibo un progreso de la misma en las regiones sin una participaci\u00f3n de las autoridades?.<\/span><\/p>\n<p><span class=\"text1noticias\"> <\/span><\/p>\n<p><span class=\"text1noticias\">Agreg\u00f3 que ?debemos trabajar en conjunto: gobierno, ayuntamientos, gestores, ciudadanos e instituciones p\u00fablicas y privadas; para que la gran deuda cultural acumulada por tanto tiempo pueda ser pagada?.<\/span><\/p>\n<p><span class=\"text1noticias\"> <\/span><\/p>\n<p><span class=\"text1noticias\">Al final de cada sesi\u00f3n,  ni\u00f1os y j\u00f3venes de cada provincia deleitaron a los presentes con bailes, cantos, bat\u00f3n-ballet y toques de piezas instrumentales que amenizaron el encuentro, exhibiendo la gran riqueza cultural de su regi\u00f3n y lo que han podido aprender gracias a los  programas que la SEC ha establecido en sus localidades.<\/span><\/p>\n<p><span class=\"text1noticias\"> <\/span><\/p>\n<p><span class=\"text1noticias\">Este recorrido seguir\u00e1 su curso por las  regiones Norte y Sur del pa\u00eds, con el fin de atender de una manera personalizada las necesidades culturales de todo el pa\u00eds.<\/span><\/p>\n<h6> 2009-04-06 19:19:21 <\/h6>\n<p><!--\n<link rel=\"stylesheet\" href=\"css\/bootstrap.min.css\">\n\n\n<ul class=\"pagination\">\n\t    \n\t\n\n<li >\n\t<a href='?page_no=21844'>Previous<\/a>\n\t<\/li>\n\n\n       \n    \n\n<li><a href='?page_no=1'>1<\/a><\/li>\n\n\n\n<li><a href='?page_no=2'>2<\/a><\/li>\n\n\n\n<li><a>...<\/a><\/li>\n\n\n\n<li><a href='?page_no=21843'>21843<\/a><\/li>\n\n\n\n<li><a href='?page_no=21844'>21844<\/a><\/li>\n\n\n\n<li class='active'><a>21845<\/a><\/li>\n\n\n\n<li><a href='?page_no=21846'>21846<\/a><\/li>\n\n\n\n<li><a href='?page_no=21847'>21847<\/a><\/li>\n\n\n\n<li><a>...<\/a><\/li>\n\n\n\n<li><a href='?page_no=22911'>22911<\/a><\/li>\n\n\n\n<li><a href='?page_no=22912'>22912<\/a><\/li>\n\n    \n\t\n\n<li >\n\t<a href='?page_no=21846'>Next<\/a>\n\t<\/li>\n\n\n    \n\n<li><a href='?page_no=22912'>Last &rsaquo;&rsaquo;<\/a><\/li>\n\n<\/ul>\n\n\n--><br \/>\n<\/body><\/p>\n","protected":false},"excerpt":{"rendered":"<p>Este recorrido seguir\u00e1 su curso por las regiones Norte y Sur del pa\u00eds, con el fin de atender de una manera personalizada las necesidades culturales de todo el pa\u00eds. Con el prop\u00f3sito de atender a las principales demandas culturales en el Este del pa\u00eds, la Secretar\u00eda de Estado de Cultura organiz\u00f3 un encuentro con los [&hellip;]<\/p>\n","protected":false},"author":3,"featured_media":0,"comment_status":"open","ping_status":"open","sticky":false,"template":"","format":"standard","meta":{"footnotes":""},"categories":[21],"tags":[],"class_list":["post-70167","post","type-post","status-publish","format-standard","hentry","category-cultura"],"_links":{"self":[{"href":"https:\/\/diariodominicano.com\/index.php?rest_route=\/wp\/v2\/posts\/70167","targetHints":{"allow":["GET"]}}],"collection":[{"href":"https:\/\/diariodominicano.com\/index.php?rest_route=\/wp\/v2\/posts"}],"about":[{"href":"https:\/\/diariodominicano.com\/index.php?rest_route=\/wp\/v2\/types\/post"}],"author":[{"embeddable":true,"href":"https:\/\/diariodominicano.com\/index.php?rest_route=\/wp\/v2\/users\/3"}],"replies":[{"embeddable":true,"href":"https:\/\/diariodominicano.com\/index.php?rest_route=%2Fwp%2Fv2%2Fcomments&post=70167"}],"version-history":[{"count":0,"href":"https:\/\/diariodominicano.com\/index.php?rest_route=\/wp\/v2\/posts\/70167\/revisions"}],"wp:attachment":[{"href":"https:\/\/diariodominicano.com\/index.php?rest_route=%2Fwp%2Fv2%2Fmedia&parent=70167"}],"wp:term":[{"taxonomy":"category","embeddable":true,"href":"https:\/\/diariodominicano.com\/index.php?rest_route=%2Fwp%2Fv2%2Fcategories&post=70167"},{"taxonomy":"post_tag","embeddable":true,"href":"https:\/\/diariodominicano.com\/index.php?rest_route=%2Fwp%2Fv2%2Ftags&post=70167"}],"curies":[{"name":"wp","href":"https:\/\/api.w.org\/{rel}","templated":true}]}}