{"id":70166,"date":"2009-04-06T22:12:01","date_gmt":"2009-04-06T22:12:01","guid":{"rendered":"http:\/\/diariodominicano.ddns.net\/?p=70166"},"modified":"2009-04-06T22:12:01","modified_gmt":"2009-04-06T22:12:01","slug":"fundacion-cisneros-y-comunidad-michense-realizan-trabajos-recuperacion-escuela-la-mina-de-oro","status":"publish","type":"post","link":"https:\/\/diariodominicano.com\/?p=70166","title":{"rendered":"FUNDACI\u00d3N CISNEROS Y COMUNIDAD MICHENSE REALIZAN TRABAJOS RECUPERACI\u00d3N ESCUELA LA MINA DE ORO"},"content":{"rendered":"<p><body><\/p>\n<p><img decoding=\"async\" src=\"http:\/\/localhost:8080\/img3\/cisne.jpg\" \/>  <\/p>\n<p><span class=\"text1noticias\">Santo Domingo &#8211; La Fundaci\u00f3n Cisneros anunci\u00f3 hoy que concluy\u00f3 los trabajos para la recuperaci\u00f3n, acondicionamiento y remozamiento de la Escuela La Mina de Oro en Miches, mediante el proyecto ?D\u00eda de trabajo con la comunidad?, que tuvo lugar en las instalaciones del plantel escolar y cont\u00f3 con la presencia de representantes de la Fundaci\u00f3n Cisneros, la Secretar\u00eda de Estado de Educaci\u00f3n (SEE), el Instituto Dominicano de las Telecomunicaciones (INDOTEL), el Banco Popular Dominicano, autoridades de Miches, El Cedro y la Gina, maestros y estudiantes de la escuela, y miembros de la comunidad.<\/span><\/p>\n<\/p>\n<p><span class=\"text1noticias\">Durante el d\u00eda de trabajo, se terminaron las labores de reparaci\u00f3n de las instalaciones de la escuela y con el apoyo de los estudiantes, se realiz\u00f3 un mural como parte del Programa Piensa en Arte de la Fundaci\u00f3n Cisneros.<\/span><\/p>\n<\/p>\n<p><span class=\"text1noticias\">El Programa de Recuperaci\u00f3n de Escuelas de la Fundaci\u00f3n Cisneros, inspirado en la experiencia del programa de reparaci\u00f3n de escuelas rurales (PRER) del Banco Popular Dominicano, est\u00e1 dirigido a las escuelas b\u00e1sicas del distrito escolar 12-04 y se lleva a cabo conjuntamente con el programa educativo de la Fundaci\u00f3n Cisneros, Piensa en Arte. El programa se propone mejorar la infraestructura escolar para brindar a los estudiantes de la zona un ambiente educativo m\u00e1s propicio al aprendizaje, convocando el apoyo de otras instituciones para que contribuyan con esta iniciativa.<\/span><\/p>\n<\/p>\n<p><span class=\"text1noticias\">La informaci\u00f3n fue revelada por el se\u00f1or William Phelan, Director Ejecutivo de la entidad, quien manifest\u00f3 que la recuperaci\u00f3n de la Escuela La Mina representa un modelo de trabajo en equipo, que une los esfuerzos del sector privado, el sector p\u00fablico y la sociedad civil.  ?Con el apoyo de la Direcci\u00f3n General de Mantenimiento e Infraestructura Escolar y la Subsecretar\u00eda de Participaci\u00f3n Comunitaria de la Secretar\u00eda de Estado de Educaci\u00f3n, la Fundaci\u00f3n Cisneros canaliz\u00f3 las solicitudes de la comunidad escolar, que demostr\u00f3 desde un principio su disposici\u00f3n a contribuir ampliamente con su propio desarrollo. Esta alianza tripartita es un ejemplo modelo para ser replicado en las dem\u00e1s escuelas del distrito?, dijo el se\u00f1or Phelan.<\/span><\/p>\n<\/p>\n<p><span class=\"text1noticias\">Asimismo destac\u00f3 que en tan s\u00f3lo 68 d\u00edas, desde el primer encuentro con la comunidad de la Escuela La Mina de Oro, la Fundaci\u00f3n Cinseros y la SEE, alcanzaron los objetivos pautados de reparaci\u00f3n de los ba\u00f1os; reparaci\u00f3n y reemplazo de puertas y persianas; terminaci\u00f3n de la cerca perimetral; reparaci\u00f3n del cableado el\u00e9ctrico; limpieza y reparaci\u00f3n de la cancha deportiva; embellecimiento de las \u00e1reas verdes; y pintura del exterior e interior de las instalaciones escolares. El compromiso de la comunidad se reflej\u00f3 a lo largo del proceso, ya que en apenas dos jornadas de trabajo preparatorias participaron m\u00e1s de 60 personas. Por otro lado, la Fundaci\u00f3n Cisneros pudo capacitar a los 10 docentes de la Escuela La Mina de Oro en la metodolog\u00eda de ense\u00f1anza Piensa en Arte ? el nuevo conocimiento pedag\u00f3gico se aplic\u00f3 en un mural dise\u00f1ado y ejecutado por 30 estudiantes de la escuela, escogidos por sus maestros, bajo la supervisi\u00f3n de Artemiches, y del artista local Coiscou. <\/span><\/p>\n<\/p>\n<p><span class=\"text1noticias\">Phelan resalt\u00f3 que la Fundaci\u00f3n est\u00e1 orgullosa y complacida con el programa de recuperaci\u00f3n de escuelas, pues ha sido clave para establecer una s\u00f3lida relaci\u00f3n de trabajo tanto con la comunidad como con la SEE para lograr una mejora en el ambiente escolar de los j\u00f3venes de Miches.  Destac\u00f3 que la alianza con la Secretar\u00eda de Estado de Educaci\u00f3n ha sido esencial para profundizar el aporte del Programa de Recuperaci\u00f3n de Escuelas de la Fundaci\u00f3n Cisneros. Tambi\u00e9n agreg\u00f3, que debido a que la nueva infraestructura de la escuela ofrece mayor seguridad, la Fundaci\u00f3n Cisneros facilitar\u00e1 la coordinaci\u00f3n comunitaria para agilizar la instalaci\u00f3n por parte del INDOTEL de un Centro de Capacitaci\u00f3n en Inform\u00e1tica (CCI) en la Escuela la Mina de Oro, con la finalidad de suplir la demanda comunitaria de acceso a las TIC. ?Tan pronto exista la conectividad Internet a la zona, se pondr\u00e1 en funcionamiento el programa AME ? Actualizaci\u00f3n de Maestros en Educaci\u00f3n de la Fundaci\u00f3n Cisneros, que desde el 2005 funciona en la Rep\u00fablica Dominicana, y ha capacitado a m\u00e1s de 1,673 maestros de los cuales el 77% ha aprobado los cursos, liderando los porcentajes de culminaci\u00f3n satisfactoria en Am\u00e9rica Latina?, puntualiz\u00f3.<\/span><\/p>\n<\/p>\n<p><span class=\"text1noticias\">La Fundaci\u00f3n Cisneros tiene planeado continuar su programa de recuperaci\u00f3n de escuelas con los planteles de El Cedro, La Gina y Sabana de Nisib\u00f3n en el per\u00edodo 2009-2010, y para ello consolidar\u00e1 sus acuerdos con importantes instituciones dominicanas como la Secretaria de Educacion, el Indotel y el Banco Popular.<\/span><\/p>\n<\/p>\n<p><span class=\"text1noticias\">###<\/span><\/p>\n<\/p>\n<p><span class=\"text1noticias\">Acerca de la Fundaci\u00f3n Cisneros<\/span><\/p>\n<p><span class=\"text1noticias\">La Fundaci\u00f3n Cisneros es una instituci\u00f3n privada sin fines de lucro, que desarrolla programas dedicados a mejorar la calidad de vida de los latinoamericanos y que promueve la participaci\u00f3n de la regi\u00f3n en el escenario cultural mundial. Esta instituci\u00f3n, fundada por Patricia Phelps de Cisneros y Gustavo Cisneros en asociaci\u00f3n con la Organizaci\u00f3n Cisneros, utiliza la plataforma tecnol\u00f3gica que provee la organizaci\u00f3n para desarrollar innovadores programas y concretar alianzas estrat\u00e9gicas en las \u00e1reas de educaci\u00f3n y cultura.<\/span><\/p>\n<\/p>\n<p><span class=\"text1noticias\">Programa de Recuperaci\u00f3n de Escuelas de la Fundaci\u00f3n Cisneros &#8211; Antecedentes<\/span><\/p>\n<p><span class=\"text1noticias\">El Programa de Recuperaci\u00f3n de Escuelas de la Fundaci\u00f3n Cisneros comenz\u00f3 en el 2008, con una prueba piloto en la Escuela B\u00e1sica de Hicaco Blanco del municipio distrital El Cedro, en la cual se rescat\u00f3 la cancha deportiva, se repar\u00f3 el sistema de aguas blancas, se reemplaz\u00f3 el sistema de filtraci\u00f3n para el bebedero y se pintaron el exterior e interior de la escuela. Tambi\u00e9n se efectu\u00f3 el Programa de Murales de Piensa en Arte con amplia participaci\u00f3n comunitaria. <\/span><\/p>\n<\/p>\n<p><span class=\"text1noticias\">Piensa en Arte<\/span><\/p>\n<p><span class=\"text1noticias\">Es el programa educativo de la Colecci\u00f3n Patricia Phelps de Cisneros, cuya misi\u00f3n es incentivar el aprendizaje, observaci\u00f3n, creatividad y pensamiento cr\u00edtico a trav\u00e9s de una metodolog\u00eda que utiliza las artes visuales como veh\u00edculo.<\/span><\/p>\n<h6> 2009-04-06 22:12:01 <\/h6>\n<p><!--\n<link rel=\"stylesheet\" href=\"css\/bootstrap.min.css\">\n\n\n<ul class=\"pagination\">\n\t    \n\t\n\n<li >\n\t<a href='?page_no=21843'>Previous<\/a>\n\t<\/li>\n\n\n       \n    \n\n<li><a href='?page_no=1'>1<\/a><\/li>\n\n\n\n<li><a href='?page_no=2'>2<\/a><\/li>\n\n\n\n<li><a>...<\/a><\/li>\n\n\n\n<li><a href='?page_no=21842'>21842<\/a><\/li>\n\n\n\n<li><a href='?page_no=21843'>21843<\/a><\/li>\n\n\n\n<li class='active'><a>21844<\/a><\/li>\n\n\n\n<li><a href='?page_no=21845'>21845<\/a><\/li>\n\n\n\n<li><a href='?page_no=21846'>21846<\/a><\/li>\n\n\n\n<li><a>...<\/a><\/li>\n\n\n\n<li><a href='?page_no=22911'>22911<\/a><\/li>\n\n\n\n<li><a href='?page_no=22912'>22912<\/a><\/li>\n\n    \n\t\n\n<li >\n\t<a href='?page_no=21845'>Next<\/a>\n\t<\/li>\n\n\n    \n\n<li><a href='?page_no=22912'>Last &rsaquo;&rsaquo;<\/a><\/li>\n\n<\/ul>\n\n\n--><br \/>\n<\/body><\/p>\n","protected":false},"excerpt":{"rendered":"<p>Santo Domingo &#8211; La Fundaci\u00f3n Cisneros anunci\u00f3 hoy que concluy\u00f3 los trabajos para la recuperaci\u00f3n, acondicionamiento y remozamiento de la Escuela La Mina de Oro en Miches, mediante el proyecto ?D\u00eda de trabajo con la comunidad?, que tuvo lugar en las instalaciones del plantel escolar y cont\u00f3 con la presencia de representantes de la Fundaci\u00f3n [&hellip;]<\/p>\n","protected":false},"author":3,"featured_media":0,"comment_status":"open","ping_status":"open","sticky":false,"template":"","format":"standard","meta":{"footnotes":""},"categories":[21],"tags":[],"class_list":["post-70166","post","type-post","status-publish","format-standard","hentry","category-cultura"],"_links":{"self":[{"href":"https:\/\/diariodominicano.com\/index.php?rest_route=\/wp\/v2\/posts\/70166","targetHints":{"allow":["GET"]}}],"collection":[{"href":"https:\/\/diariodominicano.com\/index.php?rest_route=\/wp\/v2\/posts"}],"about":[{"href":"https:\/\/diariodominicano.com\/index.php?rest_route=\/wp\/v2\/types\/post"}],"author":[{"embeddable":true,"href":"https:\/\/diariodominicano.com\/index.php?rest_route=\/wp\/v2\/users\/3"}],"replies":[{"embeddable":true,"href":"https:\/\/diariodominicano.com\/index.php?rest_route=%2Fwp%2Fv2%2Fcomments&post=70166"}],"version-history":[{"count":0,"href":"https:\/\/diariodominicano.com\/index.php?rest_route=\/wp\/v2\/posts\/70166\/revisions"}],"wp:attachment":[{"href":"https:\/\/diariodominicano.com\/index.php?rest_route=%2Fwp%2Fv2%2Fmedia&parent=70166"}],"wp:term":[{"taxonomy":"category","embeddable":true,"href":"https:\/\/diariodominicano.com\/index.php?rest_route=%2Fwp%2Fv2%2Fcategories&post=70166"},{"taxonomy":"post_tag","embeddable":true,"href":"https:\/\/diariodominicano.com\/index.php?rest_route=%2Fwp%2Fv2%2Ftags&post=70166"}],"curies":[{"name":"wp","href":"https:\/\/api.w.org\/{rel}","templated":true}]}}