{"id":70165,"date":"2009-04-07T15:29:14","date_gmt":"2009-04-07T15:29:14","guid":{"rendered":"http:\/\/diariodominicano.ddns.net\/?p=70165"},"modified":"2009-04-07T15:29:14","modified_gmt":"2009-04-07T15:29:14","slug":"fallece-a-los-61-anos-la-cantante-mari-trini","status":"publish","type":"post","link":"https:\/\/diariodominicano.com\/?p=70165","title":{"rendered":"Fallece a los 61 a\u00f1os la cantante Mari Trini"},"content":{"rendered":"<p><body><\/p>\n<p><img decoding=\"async\" src=\"http:\/\/localhost:8080\/img3\/martini.jpg\" \/>  <\/p>\n<p><span class=\"text1noticias\">Desarroll\u00f3 una amplia carrera musical con m\u00e1s de 25 \u00e1lbumes y alcanz\u00f3 su mayor \u00e9xito en los setenta y los ochenta <\/span><\/p>\n<\/p>\n<p><span class=\"text1noticias\">EFE &#8211; Murcia &#8211; 07\/04\/2009 <\/span><\/p>\n<p><span class=\"text1noticias\"> <\/span><\/p>\n<p><span class=\"text1noticias\">Alcanz\u00f3 sus mayores \u00e9xitos hace m\u00e1s de 30 a\u00f1os, pero no se resignaba a que s\u00f3lo se le recordara por sus trabajos de siempre y segu\u00eda trabajando en la preparaci\u00f3n de un concierto de despedida y en un libro de poemas. Mar\u00eda Trinidad P\u00e9rez de Miravete Mille, m\u00e1s conocida art\u00edsticamente como Mari Trini, falleci\u00f3 anoche a los 61 a\u00f1os en el hospital Morales Meseguer de Murcia sin poder concluir este proyecto. Sus restos mortales han sido trasladados esta ma\u00f1ana al tanatorio de Jes\u00fas, en Espinardo (Murcia), hasta donde se han acercado familiares y amigos de la cantante.<\/span><\/p>\n<\/p>\n<p><span class=\"text1noticias\">Naci\u00f3 en Caravaca de la Cruz (Murcia) el 12 de julio de 1947 y logr\u00f3 su m\u00e1xima popularidad en los a\u00f1os setenta y ochenta con 25 discos, algunos de ellos de gran \u00e9xito como Esc\u00fachame, que inclu\u00edan los temas Yo no soy esa, cuyo impacto la confirmaron como una de las cantautoras m\u00e1s importantes de la \u00e9poca.<\/span><\/p>\n<\/p>\n<p><span class=\"text1noticias\">Su \u00faltimo lanzamiento fue un doble disco recopilatorio y un v\u00eddeo en 2005. Ese mismo a\u00f1o recibi\u00f3 un gran homenaje en la Sociedad General de Autores y Editores en reconocimiento a su dilatada trayectoria art\u00edstica, y la Regi\u00f3n de Murcia premi\u00f3 a la artista el 8 de marzo de 2008 con el galard\u00f3n de Lucha por la igualdad.<\/span><\/p>\n<\/p>\n<p><span class=\"text1noticias\">Sonido de los noventa<\/span><\/p>\n<p><span class=\"text1noticias\">Mari Trini no quer\u00eda ser una \u00abvieja gloria\u00bb y ten\u00eda nuevas canciones que iba a lanzar con un nuevo sello Divucsa, que quer\u00eda que pregrabara con sonido de los noventa sus mejores canciones de siempre, seg\u00fan su web oficial, en la que todav\u00eda no se ha colgado la noticia de su fallecimiento.<\/span><\/p>\n<\/p>\n<p><span class=\"text1noticias\">El \u00e1lbum que grab\u00f3 en 1995 se titul\u00f3 Sin barreras y apareci\u00f3 con 13temas, entre ellos Cuando me acaricias, Yo no soy esa, Una estrella en mi jard\u00edn o la melanc\u00f3lica Amores, sus temas de siempre, a los que se sumaban Sin un adi\u00f3s, Qu\u00e9 quieres que te diga coraz\u00f3n o Vals a la vida, entre las nuevas. En los a\u00f1os ochenta Mari Trini public\u00f3 el trabajo Oraciones de amor, al que seguir\u00e1 un a\u00f1o m\u00e1s tarde Una estrella en mi jard\u00edn y con la canci\u00f3n que da t\u00edtulo al mismo obtuvo uno de sus mayores \u00e9xitos.<\/span><\/p>\n<\/p>\n<p><span class=\"text1noticias\">El centro sanitario en el que ha estado ingresada Mari Trini no ha informado de la causa del fallecimiento por expreso deseo de sus familiares.<\/span><\/p>\n<h6> 2009-04-07 15:29:14 <\/h6>\n<p><!--\n<link rel=\"stylesheet\" href=\"css\/bootstrap.min.css\">\n\n\n<ul class=\"pagination\">\n\t    \n\t\n\n<li >\n\t<a href='?page_no=21842'>Previous<\/a>\n\t<\/li>\n\n\n       \n    \n\n<li><a href='?page_no=1'>1<\/a><\/li>\n\n\n\n<li><a href='?page_no=2'>2<\/a><\/li>\n\n\n\n<li><a>...<\/a><\/li>\n\n\n\n<li><a href='?page_no=21841'>21841<\/a><\/li>\n\n\n\n<li><a href='?page_no=21842'>21842<\/a><\/li>\n\n\n\n<li class='active'><a>21843<\/a><\/li>\n\n\n\n<li><a href='?page_no=21844'>21844<\/a><\/li>\n\n\n\n<li><a href='?page_no=21845'>21845<\/a><\/li>\n\n\n\n<li><a>...<\/a><\/li>\n\n\n\n<li><a href='?page_no=22911'>22911<\/a><\/li>\n\n\n\n<li><a href='?page_no=22912'>22912<\/a><\/li>\n\n    \n\t\n\n<li >\n\t<a href='?page_no=21844'>Next<\/a>\n\t<\/li>\n\n\n    \n\n<li><a href='?page_no=22912'>Last &rsaquo;&rsaquo;<\/a><\/li>\n\n<\/ul>\n\n\n--><br \/>\n<\/body><\/p>\n","protected":false},"excerpt":{"rendered":"<p>Desarroll\u00f3 una amplia carrera musical con m\u00e1s de 25 \u00e1lbumes y alcanz\u00f3 su mayor \u00e9xito en los setenta y los ochenta EFE &#8211; Murcia &#8211; 07\/04\/2009 Alcanz\u00f3 sus mayores \u00e9xitos hace m\u00e1s de 30 a\u00f1os, pero no se resignaba a que s\u00f3lo se le recordara por sus trabajos de siempre y segu\u00eda trabajando en la [&hellip;]<\/p>\n","protected":false},"author":3,"featured_media":0,"comment_status":"open","ping_status":"open","sticky":false,"template":"","format":"standard","meta":{"footnotes":""},"categories":[21],"tags":[],"class_list":["post-70165","post","type-post","status-publish","format-standard","hentry","category-cultura"],"_links":{"self":[{"href":"https:\/\/diariodominicano.com\/index.php?rest_route=\/wp\/v2\/posts\/70165","targetHints":{"allow":["GET"]}}],"collection":[{"href":"https:\/\/diariodominicano.com\/index.php?rest_route=\/wp\/v2\/posts"}],"about":[{"href":"https:\/\/diariodominicano.com\/index.php?rest_route=\/wp\/v2\/types\/post"}],"author":[{"embeddable":true,"href":"https:\/\/diariodominicano.com\/index.php?rest_route=\/wp\/v2\/users\/3"}],"replies":[{"embeddable":true,"href":"https:\/\/diariodominicano.com\/index.php?rest_route=%2Fwp%2Fv2%2Fcomments&post=70165"}],"version-history":[{"count":0,"href":"https:\/\/diariodominicano.com\/index.php?rest_route=\/wp\/v2\/posts\/70165\/revisions"}],"wp:attachment":[{"href":"https:\/\/diariodominicano.com\/index.php?rest_route=%2Fwp%2Fv2%2Fmedia&parent=70165"}],"wp:term":[{"taxonomy":"category","embeddable":true,"href":"https:\/\/diariodominicano.com\/index.php?rest_route=%2Fwp%2Fv2%2Fcategories&post=70165"},{"taxonomy":"post_tag","embeddable":true,"href":"https:\/\/diariodominicano.com\/index.php?rest_route=%2Fwp%2Fv2%2Ftags&post=70165"}],"curies":[{"name":"wp","href":"https:\/\/api.w.org\/{rel}","templated":true}]}}