{"id":70164,"date":"2009-04-07T15:31:18","date_gmt":"2009-04-07T15:31:18","guid":{"rendered":"http:\/\/diariodominicano.ddns.net\/?p=70164"},"modified":"2009-04-07T15:31:18","modified_gmt":"2009-04-07T15:31:18","slug":"lenny-kravitz-celebra-aniversario-de-su-primer-album-con-gira-europea","status":"publish","type":"post","link":"https:\/\/diariodominicano.com\/?p=70164","title":{"rendered":"Lenny Kravitz celebra aniversario de su primer \u00e1lbum con gira europea"},"content":{"rendered":"<p><body><\/p>\n<p><img decoding=\"async\" src=\"http:\/\/localhost:8080\/img3\/cravis.jpg\" \/>  <\/p>\n<p><span class=\"text1noticias\">El \u00edcono del rock se prepara en Par\u00eds para iniciar su gira europea \u00abLLR 20\u00bb y afirma ser fiel a s\u00ed mismo.<\/span><\/p>\n<\/p>\n<p><span class=\"text1noticias\">por Agencias | 07\/04\/2009 &#8211; 08:39 <\/span><\/p>\n<\/p>\n<p><span class=\"text1noticias\">El \u00edcono del rock se prepara en Par\u00eds para iniciar su gira europea \u00abLLR 20\u00bb y afirma ser fiel a s\u00ed mismo. \u00abNo he cambiado. Sigo siendo el de siempre\u00bb, asegur\u00f3 Lenny Kravitz. <\/span><\/p>\n<\/p>\n<p><span class=\"text1noticias\">La abreviatura que da nombre a la gira procede de su \u00e1lbum debut \u00abLet Love Rule\u00bb, con el que hace justo 20 a\u00f1os consigui\u00f3 hacerse famoso en Europa. Para celebrar el aniversario, el m\u00fasico de 44 a\u00f1os editar\u00e1 el 21 de abril una nueva versi\u00f3n digitalizada y ampliada del disco.<\/span><\/p>\n<\/p>\n<p><span class=\"text1noticias\">El tour \u00abLLR 20\u00bb lo llevar\u00e1 a m\u00e1s de 50 ciudades europeas. Comienza el 17 de abril en Caen (Francia) y acaba el 19 de julio en Stuttgart (Alemania). El 2 de mayo estar\u00e1 en el Vel\u00f3dromo de Valencia, el 3 en C\u00f3rdoba, el 8 en Madrid, y el 9 en Zaragoza. <\/span><\/p>\n<\/p>\n<p><span class=\"text1noticias\">\u00abNo me sum\u00e9 a ninguna tendencia y vivo y toco como siempre viv\u00ed y toqu\u00e9. Naturalmente mis condiciones de vida han cambiado, pero yo y mi m\u00fasica no\u00bb, dijo en rueda de prensa en Par\u00eds en la noche del lunes. <\/span><\/p>\n<\/p>\n<p><span class=\"text1noticias\">Por eso, afirm\u00f3 que no modificar\u00e1 nada de su \u00e1lbum debut. \u00abCuando lo escucho me viene la misma atm\u00f3sfera, la misma emoci\u00f3n que entonces. Eso es una buena se\u00f1al y un buen sentimiento\u00bb, afirm\u00f3 Kravitz, que apareci\u00f3 con su estilo habitual: gafas de sol, vaqueros y una amplia camiseta. <\/span><\/p>\n<\/p>\n<p><span class=\"text1noticias\">El cantante se\u00f1al\u00f3 que ignora lo que va a pasar en los pr\u00f3ximos 20 a\u00f1os. \u00abQuiz\u00e1s siga haciendo m\u00fasica y quiz\u00e1s al p\u00fablico le siga gustando. Pero eso no me interesa ahora. No quiero pensar con tanta anticipaci\u00f3n\u00bb, indic\u00f3. <\/span><\/p>\n<\/p>\n<p><span class=\"text1noticias\">Lo \u00fanico cierto, a\u00f1adi\u00f3, es que hace m\u00e1s de veinte a\u00f1os hac\u00eda m\u00fasica s\u00f3lo para \u00e9l en su cama y hoy la escuchan millones de fans. <\/span><\/p>\n<\/p>\n<p><span class=\"text1noticias\">En los \u00faltimos a\u00f1os vivi\u00f3 muchos momentos \u00fanicos, sobre todo con amigos m\u00fasicos, a\u00f1adi\u00f3. Kravitz trabaja a menudo con otros artistas, y por ejemplo escribi\u00f3 y produjo para Madonna la canci\u00f3n \u00abJustify My Love\u00bb. <\/span><\/p>\n<\/p>\n<p><span class=\"text1noticias\">Uno de los puntos culminantes fue sin embargo su colaboraci\u00f3n con Mike Jagger. \u00abTrabajamos juntos muchas veces. Eso fue fant\u00e1stico\u00bb, afirm\u00f3. <\/span><\/p>\n<\/p>\n<p><span class=\"text1noticias\">En cambio no quiso hablar de los hitos en su vida privada, en la que en los \u00faltimos a\u00f1os se lo ha relacionado con diversas mujeres.<\/span><\/p>\n<h6> 2009-04-07 15:31:18 <\/h6>\n<p><!--\n<link rel=\"stylesheet\" href=\"css\/bootstrap.min.css\">\n\n\n<ul class=\"pagination\">\n\t    \n\t\n\n<li >\n\t<a href='?page_no=21841'>Previous<\/a>\n\t<\/li>\n\n\n       \n    \n\n<li><a href='?page_no=1'>1<\/a><\/li>\n\n\n\n<li><a href='?page_no=2'>2<\/a><\/li>\n\n\n\n<li><a>...<\/a><\/li>\n\n\n\n<li><a href='?page_no=21840'>21840<\/a><\/li>\n\n\n\n<li><a href='?page_no=21841'>21841<\/a><\/li>\n\n\n\n<li class='active'><a>21842<\/a><\/li>\n\n\n\n<li><a href='?page_no=21843'>21843<\/a><\/li>\n\n\n\n<li><a href='?page_no=21844'>21844<\/a><\/li>\n\n\n\n<li><a>...<\/a><\/li>\n\n\n\n<li><a href='?page_no=22911'>22911<\/a><\/li>\n\n\n\n<li><a href='?page_no=22912'>22912<\/a><\/li>\n\n    \n\t\n\n<li >\n\t<a href='?page_no=21843'>Next<\/a>\n\t<\/li>\n\n\n    \n\n<li><a href='?page_no=22912'>Last &rsaquo;&rsaquo;<\/a><\/li>\n\n<\/ul>\n\n\n--><br \/>\n<\/body><\/p>\n","protected":false},"excerpt":{"rendered":"<p>El \u00edcono del rock se prepara en Par\u00eds para iniciar su gira europea \u00abLLR 20\u00bb y afirma ser fiel a s\u00ed mismo. por Agencias | 07\/04\/2009 &#8211; 08:39 El \u00edcono del rock se prepara en Par\u00eds para iniciar su gira europea \u00abLLR 20\u00bb y afirma ser fiel a s\u00ed mismo. \u00abNo he cambiado. Sigo siendo [&hellip;]<\/p>\n","protected":false},"author":3,"featured_media":0,"comment_status":"open","ping_status":"open","sticky":false,"template":"","format":"standard","meta":{"footnotes":""},"categories":[21],"tags":[],"class_list":["post-70164","post","type-post","status-publish","format-standard","hentry","category-cultura"],"_links":{"self":[{"href":"https:\/\/diariodominicano.com\/index.php?rest_route=\/wp\/v2\/posts\/70164","targetHints":{"allow":["GET"]}}],"collection":[{"href":"https:\/\/diariodominicano.com\/index.php?rest_route=\/wp\/v2\/posts"}],"about":[{"href":"https:\/\/diariodominicano.com\/index.php?rest_route=\/wp\/v2\/types\/post"}],"author":[{"embeddable":true,"href":"https:\/\/diariodominicano.com\/index.php?rest_route=\/wp\/v2\/users\/3"}],"replies":[{"embeddable":true,"href":"https:\/\/diariodominicano.com\/index.php?rest_route=%2Fwp%2Fv2%2Fcomments&post=70164"}],"version-history":[{"count":0,"href":"https:\/\/diariodominicano.com\/index.php?rest_route=\/wp\/v2\/posts\/70164\/revisions"}],"wp:attachment":[{"href":"https:\/\/diariodominicano.com\/index.php?rest_route=%2Fwp%2Fv2%2Fmedia&parent=70164"}],"wp:term":[{"taxonomy":"category","embeddable":true,"href":"https:\/\/diariodominicano.com\/index.php?rest_route=%2Fwp%2Fv2%2Fcategories&post=70164"},{"taxonomy":"post_tag","embeddable":true,"href":"https:\/\/diariodominicano.com\/index.php?rest_route=%2Fwp%2Fv2%2Ftags&post=70164"}],"curies":[{"name":"wp","href":"https:\/\/api.w.org\/{rel}","templated":true}]}}