{"id":70163,"date":"2009-04-07T16:31:55","date_gmt":"2009-04-07T16:31:55","guid":{"rendered":"http:\/\/diariodominicano.ddns.net\/?p=70163"},"modified":"2009-04-07T16:31:55","modified_gmt":"2009-04-07T16:31:55","slug":"cultura-inicia-programa-una-hora-en-la-escuela","status":"publish","type":"post","link":"https:\/\/diariodominicano.com\/?p=70163","title":{"rendered":"Cultura inicia programa: Una hora en la escuela"},"content":{"rendered":"<p><body><\/p>\n<p><img decoding=\"async\" src=\"http:\/\/localhost:8080\/img3\/estuden.jpg\" \/>  <\/p>\n<p><span class=\"text1noticias\">Con el tema ?Identidad Cultural y Carnaval?, la Secretar\u00eda de Estado de Cultura, a trav\u00e9s de la Direcci\u00f3n General de Formaci\u00f3n y Capacitaci\u00f3n, dio inicio al programa Una hora en la escuela, con el que se pretende acercar a los estudiantes de escuelas, liceos, colegios y otros centros educativos, a diferentes \u00e1reas del quehacer cultural.<\/span><\/p>\n<p><span class=\"text1noticias\"> <\/span><\/p>\n<p><span class=\"text1noticias\">Este primer encuentro se realiz\u00f3 en la escuela Paraguay, y la charla estuvo a cargo de Soraya Aracena, antrop\u00f3loga e investigadora social, quien desde hace varios a\u00f1os se dedica a los estudios etnogr\u00e1ficos dominicanos.  <\/span><\/p>\n<p><span class=\"text1noticias\"> <\/span><\/p>\n<p><span class=\"text1noticias\">El prop\u00f3sito fundamental de este proyecto es despertar en los j\u00f3venes el amor por la cultura dominicana y que puedan conocer los principales creadores, artistas y trabajadores culturales, conjuntamente con sus obras.<\/span><\/p>\n<p><span class=\"text1noticias\"> <\/span><\/p>\n<p><span class=\"text1noticias\">Durante una hora, cada mes, se visitar\u00e1 un centro educativo con diferentes especialistas en sus respectivas \u00e1reas; donde podr\u00e1n interactuar con los j\u00f3venes y responder a sus inquietudes.<\/span><\/p>\n<\/p>\n<p><span class=\"text1noticias\">Los temas que se desarrollar\u00e1n en este programa son la identidad cultural, historia de la cultura dominicana, el carnaval y sus personajes, historia de la poes\u00eda dominicana y t\u00e9cnicas para elaborar cuentos. Tambi\u00e9n, la evoluci\u00f3n de la pintura dominicana, historia del merengue, patrimonio cultural dominicano, entre otros.<\/span><\/p>\n<h6> 2009-04-07 16:31:55 <\/h6>\n<p><!--\n<link rel=\"stylesheet\" href=\"css\/bootstrap.min.css\">\n\n\n<ul class=\"pagination\">\n\t    \n\t\n\n<li >\n\t<a href='?page_no=21840'>Previous<\/a>\n\t<\/li>\n\n\n       \n    \n\n<li><a href='?page_no=1'>1<\/a><\/li>\n\n\n\n<li><a href='?page_no=2'>2<\/a><\/li>\n\n\n\n<li><a>...<\/a><\/li>\n\n\n\n<li><a href='?page_no=21839'>21839<\/a><\/li>\n\n\n\n<li><a href='?page_no=21840'>21840<\/a><\/li>\n\n\n\n<li class='active'><a>21841<\/a><\/li>\n\n\n\n<li><a href='?page_no=21842'>21842<\/a><\/li>\n\n\n\n<li><a href='?page_no=21843'>21843<\/a><\/li>\n\n\n\n<li><a>...<\/a><\/li>\n\n\n\n<li><a href='?page_no=22911'>22911<\/a><\/li>\n\n\n\n<li><a href='?page_no=22912'>22912<\/a><\/li>\n\n    \n\t\n\n<li >\n\t<a href='?page_no=21842'>Next<\/a>\n\t<\/li>\n\n\n    \n\n<li><a href='?page_no=22912'>Last &rsaquo;&rsaquo;<\/a><\/li>\n\n<\/ul>\n\n\n--><br \/>\n<\/body><\/p>\n","protected":false},"excerpt":{"rendered":"<p>Con el tema ?Identidad Cultural y Carnaval?, la Secretar\u00eda de Estado de Cultura, a trav\u00e9s de la Direcci\u00f3n General de Formaci\u00f3n y Capacitaci\u00f3n, dio inicio al programa Una hora en la escuela, con el que se pretende acercar a los estudiantes de escuelas, liceos, colegios y otros centros educativos, a diferentes \u00e1reas del quehacer cultural. [&hellip;]<\/p>\n","protected":false},"author":3,"featured_media":0,"comment_status":"open","ping_status":"open","sticky":false,"template":"","format":"standard","meta":{"footnotes":""},"categories":[21],"tags":[],"class_list":["post-70163","post","type-post","status-publish","format-standard","hentry","category-cultura"],"_links":{"self":[{"href":"https:\/\/diariodominicano.com\/index.php?rest_route=\/wp\/v2\/posts\/70163","targetHints":{"allow":["GET"]}}],"collection":[{"href":"https:\/\/diariodominicano.com\/index.php?rest_route=\/wp\/v2\/posts"}],"about":[{"href":"https:\/\/diariodominicano.com\/index.php?rest_route=\/wp\/v2\/types\/post"}],"author":[{"embeddable":true,"href":"https:\/\/diariodominicano.com\/index.php?rest_route=\/wp\/v2\/users\/3"}],"replies":[{"embeddable":true,"href":"https:\/\/diariodominicano.com\/index.php?rest_route=%2Fwp%2Fv2%2Fcomments&post=70163"}],"version-history":[{"count":0,"href":"https:\/\/diariodominicano.com\/index.php?rest_route=\/wp\/v2\/posts\/70163\/revisions"}],"wp:attachment":[{"href":"https:\/\/diariodominicano.com\/index.php?rest_route=%2Fwp%2Fv2%2Fmedia&parent=70163"}],"wp:term":[{"taxonomy":"category","embeddable":true,"href":"https:\/\/diariodominicano.com\/index.php?rest_route=%2Fwp%2Fv2%2Fcategories&post=70163"},{"taxonomy":"post_tag","embeddable":true,"href":"https:\/\/diariodominicano.com\/index.php?rest_route=%2Fwp%2Fv2%2Ftags&post=70163"}],"curies":[{"name":"wp","href":"https:\/\/api.w.org\/{rel}","templated":true}]}}