{"id":70162,"date":"2009-04-07T16:34:18","date_gmt":"2009-04-07T16:34:18","guid":{"rendered":"http:\/\/diariodominicano.ddns.net\/?p=70162"},"modified":"2009-04-07T16:34:18","modified_gmt":"2009-04-07T16:34:18","slug":"presidente-fernandez-designa-consejo-del-libro-y-la-lectura","status":"publish","type":"post","link":"https:\/\/diariodominicano.com\/?p=70162","title":{"rendered":"Presidente Fern\u00e1ndez designa Consejo del Libro y la Lectura"},"content":{"rendered":"<p><body><\/p>\n<p><span class=\"text1noticias\">El nuevo organismo, creado por la Ley No. 502-08, o Ley del Libro y Bibliotecas, asesorar\u00e1 al Poder Ejecutivo en las pol\u00edticas de fomento de la industria editorial.<\/span><\/p>\n<\/p>\n<p><span class=\"text1noticias\">El Presidente Leonel Fern\u00e1ndez cre\u00f3 el nuevo Consejo Intersectorial para la Pol\u00edtica del Libro, la Lectura y las Bibliotecas (CONLIBRO) y design\u00f3, de inmediato, a los integrantes del mismo.<\/span><\/p>\n<\/p>\n<p><span class=\"text1noticias\">La creaci\u00f3n del CONLIBRO figura en la Ley del Libro y Bibliotecas, promulgada recientemente por el Poder Ejecutivo, como ?organismo colegiado, asesor y consultivo, sin personer\u00eda jur\u00eddica y dependiente de la Secretar\u00eda de Estado de Cultura?. <\/span><\/p>\n<\/p>\n<p><span class=\"text1noticias\">El CONLIBRO asesorar\u00e1 al Poder Ejecutivo ?en la concepci\u00f3n y ejecuci\u00f3n de las pol\u00edticas de fomento y acceso al libro y a la lectura, la industria editorial y al Sistema Nacional de Bibliotecas?.<\/span><\/p>\n<\/p>\n<p><span class=\"text1noticias\">Mediante el decreto No. 264-09, el Jefe del Estado design\u00f3 al Secretario de Estado de Cultura, Jos\u00e9 Rafael Lantigua, para presidir este organismo, que integrar\u00e1n adem\u00e1s los titulares de Educaci\u00f3n, Educaci\u00f3n Superior y Hacienda.<\/span><\/p>\n<\/p>\n<p><span class=\"text1noticias\">Adem\u00e1s, formar\u00e1n parte del organismo el Director del Centro de Exportaci\u00f3n e Inversi\u00f3n (CEI-RD) y la Primera Dama de la Rep\u00fablica, Dra. Margarita Cede\u00f1o de Fern\u00e1ndez.<\/span><\/p>\n<\/p>\n<p><span class=\"text1noticias\">Igualmente, la Directora General del Libro y la Lectura, Eleanor Grimaldi Sili\u00e9; el director de la Biblioteca Nacional, Di\u00f3medes N\u00fa\u00f1ez Polanco; el sacerdote Jes\u00fas Hern\u00e1ndez, de la Biblioteca Antillensi Salesiana y el Director de la Biblioteca de la Universidad Aut\u00f3noma de Santo Domingo.<\/span><\/p>\n<\/p>\n<p><span class=\"text1noticias\">Otros integrantes de este Consejo son: Aida Montero, directora del Centro de Documentaci\u00f3n de la Fundaci\u00f3n Global Democracia y Desarrollo; el escritor Tom\u00e1s Castro Burdiez y el librero Dennis Pe\u00f1a, en representaci\u00f3n de la C\u00e1mara Dominicana del Libro; Miriam Michel, en representaci\u00f3n de las universidades privadas, y la educadora Rosalina Perdomo de D\u00e1valos, en representaci\u00f3n de los colegios privados.<\/span><\/p>\n<\/p>\n<p><span class=\"text1noticias\">El decreto presidencial establece que el CONLIBRO se regir\u00e1 por lo que establece la Ley del Libro y Bibliotecas, y sus miembros permanecer\u00e1n en sus puestos por un periodo m\u00e1ximo de tres a\u00f1os, no reelegibles.<\/span><\/p>\n<h6> 2009-04-07 16:34:18 <\/h6>\n<p><!--\n<link rel=\"stylesheet\" href=\"css\/bootstrap.min.css\">\n\n\n<ul class=\"pagination\">\n\t    \n\t\n\n<li >\n\t<a href='?page_no=21839'>Previous<\/a>\n\t<\/li>\n\n\n       \n    \n\n<li><a href='?page_no=1'>1<\/a><\/li>\n\n\n\n<li><a href='?page_no=2'>2<\/a><\/li>\n\n\n\n<li><a>...<\/a><\/li>\n\n\n\n<li><a href='?page_no=21838'>21838<\/a><\/li>\n\n\n\n<li><a href='?page_no=21839'>21839<\/a><\/li>\n\n\n\n<li class='active'><a>21840<\/a><\/li>\n\n\n\n<li><a href='?page_no=21841'>21841<\/a><\/li>\n\n\n\n<li><a href='?page_no=21842'>21842<\/a><\/li>\n\n\n\n<li><a>...<\/a><\/li>\n\n\n\n<li><a href='?page_no=22911'>22911<\/a><\/li>\n\n\n\n<li><a href='?page_no=22912'>22912<\/a><\/li>\n\n    \n\t\n\n<li >\n\t<a href='?page_no=21841'>Next<\/a>\n\t<\/li>\n\n\n    \n\n<li><a href='?page_no=22912'>Last &rsaquo;&rsaquo;<\/a><\/li>\n\n<\/ul>\n\n\n--><br \/>\n<\/body><\/p>\n","protected":false},"excerpt":{"rendered":"<p>El nuevo organismo, creado por la Ley No. 502-08, o Ley del Libro y Bibliotecas, asesorar\u00e1 al Poder Ejecutivo en las pol\u00edticas de fomento de la industria editorial. El Presidente Leonel Fern\u00e1ndez cre\u00f3 el nuevo Consejo Intersectorial para la Pol\u00edtica del Libro, la Lectura y las Bibliotecas (CONLIBRO) y design\u00f3, de inmediato, a los integrantes [&hellip;]<\/p>\n","protected":false},"author":3,"featured_media":0,"comment_status":"open","ping_status":"open","sticky":false,"template":"","format":"standard","meta":{"footnotes":""},"categories":[21],"tags":[],"class_list":["post-70162","post","type-post","status-publish","format-standard","hentry","category-cultura"],"_links":{"self":[{"href":"https:\/\/diariodominicano.com\/index.php?rest_route=\/wp\/v2\/posts\/70162","targetHints":{"allow":["GET"]}}],"collection":[{"href":"https:\/\/diariodominicano.com\/index.php?rest_route=\/wp\/v2\/posts"}],"about":[{"href":"https:\/\/diariodominicano.com\/index.php?rest_route=\/wp\/v2\/types\/post"}],"author":[{"embeddable":true,"href":"https:\/\/diariodominicano.com\/index.php?rest_route=\/wp\/v2\/users\/3"}],"replies":[{"embeddable":true,"href":"https:\/\/diariodominicano.com\/index.php?rest_route=%2Fwp%2Fv2%2Fcomments&post=70162"}],"version-history":[{"count":0,"href":"https:\/\/diariodominicano.com\/index.php?rest_route=\/wp\/v2\/posts\/70162\/revisions"}],"wp:attachment":[{"href":"https:\/\/diariodominicano.com\/index.php?rest_route=%2Fwp%2Fv2%2Fmedia&parent=70162"}],"wp:term":[{"taxonomy":"category","embeddable":true,"href":"https:\/\/diariodominicano.com\/index.php?rest_route=%2Fwp%2Fv2%2Fcategories&post=70162"},{"taxonomy":"post_tag","embeddable":true,"href":"https:\/\/diariodominicano.com\/index.php?rest_route=%2Fwp%2Fv2%2Ftags&post=70162"}],"curies":[{"name":"wp","href":"https:\/\/api.w.org\/{rel}","templated":true}]}}