{"id":70161,"date":"2009-04-07T18:54:38","date_gmt":"2009-04-07T18:54:38","guid":{"rendered":"http:\/\/diariodominicano.ddns.net\/?p=70161"},"modified":"2009-04-07T18:54:38","modified_gmt":"2009-04-07T18:54:38","slug":"horario-especial-de-mesa-fine-art-con-motivo-semana-santa-2009","status":"publish","type":"post","link":"https:\/\/diariodominicano.com\/?p=70161","title":{"rendered":"Horario especial de Mesa Fine Art con motivo Semana Santa 2009"},"content":{"rendered":"<p><body><\/p>\n<p><img decoding=\"async\" src=\"http:\/\/localhost:8080\/img3\/jese.jpg\" \/>  <\/p>\n<p><span class=\"text1noticias\">La Galer\u00eda Mesa Fine Art, con motivo de la Semana Santa 2009, per\u00edodo sagrado de los Cristianos que se sucede del 05 de abril &#8211; Domingo de Ramos &#8211; al 12 de abril &#8211; Domingo de Resurrecci\u00f3n, participa a sus clientes y p\u00fablico en general de su horario especial de labores.<\/span><\/p>\n<\/p>\n<p><span class=\"text1noticias\">Dicho horario ser\u00e1 de la siguiente manera:<\/span><\/p>\n<p><span class=\"text1noticias\">De 9:00 A.M. a 8:00 P.M. (corrido) hasta el Mi\u00e9rcoles Santo inclusive. No laboraremos Jueves &#8211; Viernes &#8211; S\u00e1bado Santo. Retornamos el lunes 13 de abril, con nuestro horario habitual.<\/span><\/p>\n<\/p>\n<p><span class=\"text1noticias\">En este per\u00edodo, es cuando se vive m\u00e1s intensamente en el Cristianismo, ya que en estas fechas se rememora de la Pasi\u00f3n, Muerte y Resurrecci\u00f3n de Jesucristo.<\/span><\/p>\n<h6> 2009-04-07 18:54:38 <\/h6>\n<p><!--\n<link rel=\"stylesheet\" href=\"css\/bootstrap.min.css\">\n\n\n<ul class=\"pagination\">\n\t    \n\t\n\n<li >\n\t<a href='?page_no=21838'>Previous<\/a>\n\t<\/li>\n\n\n       \n    \n\n<li><a href='?page_no=1'>1<\/a><\/li>\n\n\n\n<li><a href='?page_no=2'>2<\/a><\/li>\n\n\n\n<li><a>...<\/a><\/li>\n\n\n\n<li><a href='?page_no=21837'>21837<\/a><\/li>\n\n\n\n<li><a href='?page_no=21838'>21838<\/a><\/li>\n\n\n\n<li class='active'><a>21839<\/a><\/li>\n\n\n\n<li><a href='?page_no=21840'>21840<\/a><\/li>\n\n\n\n<li><a href='?page_no=21841'>21841<\/a><\/li>\n\n\n\n<li><a>...<\/a><\/li>\n\n\n\n<li><a href='?page_no=22911'>22911<\/a><\/li>\n\n\n\n<li><a href='?page_no=22912'>22912<\/a><\/li>\n\n    \n\t\n\n<li >\n\t<a href='?page_no=21840'>Next<\/a>\n\t<\/li>\n\n\n    \n\n<li><a href='?page_no=22912'>Last &rsaquo;&rsaquo;<\/a><\/li>\n\n<\/ul>\n\n\n--><br \/>\n<\/body><\/p>\n","protected":false},"excerpt":{"rendered":"<p>La Galer\u00eda Mesa Fine Art, con motivo de la Semana Santa 2009, per\u00edodo sagrado de los Cristianos que se sucede del 05 de abril &#8211; Domingo de Ramos &#8211; al 12 de abril &#8211; Domingo de Resurrecci\u00f3n, participa a sus clientes y p\u00fablico en general de su horario especial de labores. Dicho horario ser\u00e1 de [&hellip;]<\/p>\n","protected":false},"author":3,"featured_media":0,"comment_status":"open","ping_status":"open","sticky":false,"template":"","format":"standard","meta":{"footnotes":""},"categories":[21],"tags":[],"class_list":["post-70161","post","type-post","status-publish","format-standard","hentry","category-cultura"],"_links":{"self":[{"href":"https:\/\/diariodominicano.com\/index.php?rest_route=\/wp\/v2\/posts\/70161","targetHints":{"allow":["GET"]}}],"collection":[{"href":"https:\/\/diariodominicano.com\/index.php?rest_route=\/wp\/v2\/posts"}],"about":[{"href":"https:\/\/diariodominicano.com\/index.php?rest_route=\/wp\/v2\/types\/post"}],"author":[{"embeddable":true,"href":"https:\/\/diariodominicano.com\/index.php?rest_route=\/wp\/v2\/users\/3"}],"replies":[{"embeddable":true,"href":"https:\/\/diariodominicano.com\/index.php?rest_route=%2Fwp%2Fv2%2Fcomments&post=70161"}],"version-history":[{"count":0,"href":"https:\/\/diariodominicano.com\/index.php?rest_route=\/wp\/v2\/posts\/70161\/revisions"}],"wp:attachment":[{"href":"https:\/\/diariodominicano.com\/index.php?rest_route=%2Fwp%2Fv2%2Fmedia&parent=70161"}],"wp:term":[{"taxonomy":"category","embeddable":true,"href":"https:\/\/diariodominicano.com\/index.php?rest_route=%2Fwp%2Fv2%2Fcategories&post=70161"},{"taxonomy":"post_tag","embeddable":true,"href":"https:\/\/diariodominicano.com\/index.php?rest_route=%2Fwp%2Fv2%2Ftags&post=70161"}],"curies":[{"name":"wp","href":"https:\/\/api.w.org\/{rel}","templated":true}]}}