{"id":70159,"date":"2009-04-08T17:29:09","date_gmt":"2009-04-08T17:29:09","guid":{"rendered":"http:\/\/diariodominicano.ddns.net\/?p=70159"},"modified":"2009-04-08T17:29:09","modified_gmt":"2009-04-08T17:29:09","slug":"secretaria-de-cultura-presentara-documental-de-pintura-y-escultura","status":"publish","type":"post","link":"https:\/\/diariodominicano.com\/?p=70159","title":{"rendered":"Secretaria de Cultura presentara Documental de pintura y escultura"},"content":{"rendered":"<p><body><\/p>\n<p><img decoding=\"async\" src=\"http:\/\/localhost:8080\/img3\/jimy.jpg\" \/>  <\/p>\n<p><span class=\"text1noticias\">La Secretar\u00eda de Estado de Cultura pondr\u00e1 en circulaci\u00f3n el lunes 13 de abril  el documental ?Pintura y escultura en Santo Domingo?,  producido y dirigido por el cineasta Jimmy Sierra con la participaci\u00f3n de m\u00e1s de 30 artistas, en un acto que contar\u00e1 con la presencia del presidente Leonel Fern\u00e1ndez.<\/span><\/p>\n<p><span class=\"text1noticias\"> <\/span><\/p>\n<p><span class=\"text1noticias\">Las palabras de apertura de la actividad, programada para las 7 de la noche en el sal\u00f3n principal del remodelado Palacio de Bellas Artes, estar\u00e1n a cargo del licenciado Jos\u00e9 Rafael Lantigua, secretario de Estado de Cultura. <\/span><\/p>\n<p><span class=\"text1noticias\"> <\/span><\/p>\n<p><span class=\"text1noticias\">Tambi\u00e9n intervendr\u00e1n el artista Fernando Ure\u00f1a Rib, en representaci\u00f3n de los pintores, escultores y cr\u00edticos participantes, y el doctor Jimmy Sierra, tambi\u00e9n autor de la exitosa serie de efem\u00e9rides ?La historia se escribi\u00f3 as\u00ed? y el ?Curso de historia audiovisual de la Rep\u00fablica Dominicana?, que circula en Estados Unidos, Brasil, Cuba y otros pa\u00edses.<\/span><\/p>\n<p><span class=\"text1noticias\"> <\/span><\/p>\n<p><span class=\"text1noticias\">?Pintura y escultura en Santo Domingo? es el primero de cinco documentales presentados en formato DVD, que abordan temas b\u00e1sicos de Historia del Teatro, Los medios de comunicaci\u00f3n, Las letras en la Rep\u00fablica Dominicana y la literatura de la Di\u00e1spora.<\/span><\/p>\n<p><span class=\"text1noticias\"> <\/span><\/p>\n<p><span class=\"text1noticias\">Estos documentales  de 30 minutos y una hora ser\u00e1n presentados individualmente en ceremonias especiales en Santo Domingo, Nueva York, Santiago y otros pueblos, y luego exhibidos ampliamente en escuelas, colegios, universidades, clubes y otras entidades,  para contribuir con la difusi\u00f3n de la historia del arte y la literatura y sus cultores y  propulsores.<\/span><\/p>\n<p><span class=\"text1noticias\"> <\/span><\/p>\n<p><span class=\"text1noticias\">El documental sobre artes pl\u00e1sticas abarca desde sus inicios hasta el siglo XIX, La Era de Trujillo, Los espa\u00f1oles exiliados, De 1961 a 1965, Las pl\u00e1sticas en  1965, y desde ese a\u00f1o hasta la actualidad. Estuvo bajo la coordinaci\u00f3n de Jos\u00e9 Salda\u00f1a.\t<\/span><\/p>\n<p><span class=\"text1noticias\"> <\/span><\/p>\n<p><span class=\"text1noticias\">Los pintores, escultores y cr\u00edticos participantes fueron Domingo Liz,  Rosa Tavares, Guillo P\u00e9rez, Marianela Jim\u00e9nez, C\u00e1ndido Bid\u00f3, Soucy de Pellerano, Ram\u00f3n Oviedo, Fernando Ure\u00f1a R.,  Carlos Sangiovani, Geo Ripley, Gavino Rosario, Dionisio Blanco y Jos\u00e9 F\u00e9lix Moya.<\/span><\/p>\n<p><span class=\"text1noticias\"> <\/span><\/p>\n<p><span class=\"text1noticias\">Tambi\u00e9n, Elsa N\u00fa\u00f1ez, Jeannette Millar, Norberto Santana, Ambale Sterling, ???(OJO)  Yun\u00e9n (Centro Le\u00f3n), Justo Liberato, L. David\/ Mar\u00eda Aybar, Abil Peralta, Jos\u00e9 Salda\u00f1a, Marianne Tolentino, M. Bellapart (Paula G\u00f3mez),  Ignacio Nova, Juan Trinidad, Danilo de los Santos y Mar\u00eda Ditr\u00e9n (Mam).<\/span><\/p>\n<p><span class=\"text1noticias\"> <\/span><\/p>\n<p><span class=\"text1noticias\">El doctor Jimmy Sierra se ha destacado en el cine, la televisi\u00f3n, el teatro,  la radio, la composici\u00f3n musical, la historia y el periodismo, sobre los cuales ha publicado ?Cine 011?,?La ciudad de los fantasmas de chocolate?,  ?El mester de la iron\u00eda?, ?Ulises Hereaux?, ?Lil\u00ecs: sangre, papeletas y cartas de amor?, ?Una tragedia moderna?, ?Arenga?, ?Cartas a Fremio?, ?La guerra de la propaganda?, ?El paquito de la revoluci\u00f3n?, ?Yo estaba all\u00ed?, ?Los cuentos de Papaleche?, entre otras.<\/span><\/p>\n<p><span class=\"text1noticias\"> <\/span><\/p>\n<p><span class=\"text1noticias\">Por su producci\u00f3n intelectual y art\u00edstica ha recibido diplomas de  reconocimientos en Rep\u00fablica Dominicana, M\u00e9xico, Panam\u00e1 y Suiza, en las \u00e1reas de cuento, televisi\u00f3n, gui\u00f3n cinematogr\u00e1fico, teatro y radio. <\/span><\/p>\n<h6> 2009-04-08 17:29:09 <\/h6>\n<p><!--\n<link rel=\"stylesheet\" href=\"css\/bootstrap.min.css\">\n\n\n<ul class=\"pagination\">\n\t    \n\t\n\n<li >\n\t<a href='?page_no=21836'>Previous<\/a>\n\t<\/li>\n\n\n       \n    \n\n<li><a href='?page_no=1'>1<\/a><\/li>\n\n\n\n<li><a href='?page_no=2'>2<\/a><\/li>\n\n\n\n<li><a>...<\/a><\/li>\n\n\n\n<li><a href='?page_no=21835'>21835<\/a><\/li>\n\n\n\n<li><a href='?page_no=21836'>21836<\/a><\/li>\n\n\n\n<li class='active'><a>21837<\/a><\/li>\n\n\n\n<li><a href='?page_no=21838'>21838<\/a><\/li>\n\n\n\n<li><a href='?page_no=21839'>21839<\/a><\/li>\n\n\n\n<li><a>...<\/a><\/li>\n\n\n\n<li><a href='?page_no=22911'>22911<\/a><\/li>\n\n\n\n<li><a href='?page_no=22912'>22912<\/a><\/li>\n\n    \n\t\n\n<li >\n\t<a href='?page_no=21838'>Next<\/a>\n\t<\/li>\n\n\n    \n\n<li><a href='?page_no=22912'>Last &rsaquo;&rsaquo;<\/a><\/li>\n\n<\/ul>\n\n\n--><br \/>\n<\/body><\/p>\n","protected":false},"excerpt":{"rendered":"<p>La Secretar\u00eda de Estado de Cultura pondr\u00e1 en circulaci\u00f3n el lunes 13 de abril el documental ?Pintura y escultura en Santo Domingo?, producido y dirigido por el cineasta Jimmy Sierra con la participaci\u00f3n de m\u00e1s de 30 artistas, en un acto que contar\u00e1 con la presencia del presidente Leonel Fern\u00e1ndez. Las palabras de apertura de [&hellip;]<\/p>\n","protected":false},"author":3,"featured_media":0,"comment_status":"open","ping_status":"open","sticky":false,"template":"","format":"standard","meta":{"footnotes":""},"categories":[21],"tags":[],"class_list":["post-70159","post","type-post","status-publish","format-standard","hentry","category-cultura"],"_links":{"self":[{"href":"https:\/\/diariodominicano.com\/index.php?rest_route=\/wp\/v2\/posts\/70159","targetHints":{"allow":["GET"]}}],"collection":[{"href":"https:\/\/diariodominicano.com\/index.php?rest_route=\/wp\/v2\/posts"}],"about":[{"href":"https:\/\/diariodominicano.com\/index.php?rest_route=\/wp\/v2\/types\/post"}],"author":[{"embeddable":true,"href":"https:\/\/diariodominicano.com\/index.php?rest_route=\/wp\/v2\/users\/3"}],"replies":[{"embeddable":true,"href":"https:\/\/diariodominicano.com\/index.php?rest_route=%2Fwp%2Fv2%2Fcomments&post=70159"}],"version-history":[{"count":0,"href":"https:\/\/diariodominicano.com\/index.php?rest_route=\/wp\/v2\/posts\/70159\/revisions"}],"wp:attachment":[{"href":"https:\/\/diariodominicano.com\/index.php?rest_route=%2Fwp%2Fv2%2Fmedia&parent=70159"}],"wp:term":[{"taxonomy":"category","embeddable":true,"href":"https:\/\/diariodominicano.com\/index.php?rest_route=%2Fwp%2Fv2%2Fcategories&post=70159"},{"taxonomy":"post_tag","embeddable":true,"href":"https:\/\/diariodominicano.com\/index.php?rest_route=%2Fwp%2Fv2%2Ftags&post=70159"}],"curies":[{"name":"wp","href":"https:\/\/api.w.org\/{rel}","templated":true}]}}