{"id":70156,"date":"2009-04-08T22:16:17","date_gmt":"2009-04-08T22:16:17","guid":{"rendered":"http:\/\/diariodominicano.ddns.net\/?p=70156"},"modified":"2009-04-08T22:16:17","modified_gmt":"2009-04-08T22:16:17","slug":"presidente-fernandez-aprovechara-la-semana-santa-para-leer","status":"publish","type":"post","link":"https:\/\/diariodominicano.com\/?p=70156","title":{"rendered":"Presidente Fern\u00e1ndez  aprovechar\u00e1 la Semana Santa para leer"},"content":{"rendered":"<p><body><\/p>\n<p><span class=\"text1noticias\">Santo Domingo.- El presidente Leonel Fern\u00e1ndez aprovechar\u00e1 la mayor parte del tiempo de esta Semana Santa para leer y realizar algunos escritos, debido a la disminuci\u00f3n de las actividades propias del Gobierno. <\/span><\/p>\n<\/p>\n<p><span class=\"text1noticias\">As\u00ed lo inform\u00f3 la Direcci\u00f3n de Informaci\u00f3n, Prensa y Publicidad de la Presidencia a trav\u00e9s de una nota, luego de que los periodistas que cubren la fuente le solicitaran la informaci\u00f3n.<\/span><\/p>\n<\/p>\n<p><span class=\"text1noticias\">Inform\u00f3 que el mandatario permanecer\u00e1 en el Palacio Nacional como es su costumbre y compartir\u00e1 en la tranquilidad del hogar con los suyos.<\/span><\/p>\n<\/p>\n<p><span class=\"text1noticias\">Mientras que a partir de ma\u00f1ana al mediod\u00eda ser\u00e1n suspendidas las labores administrativas de la Presidencia hasta el pr\u00f3ximo lunes, a excepci\u00f3n de algunos departamentos que ofrecen servicios continuos.<\/span><\/p>\n<h6> 2009-04-08 22:16:17 <\/h6>\n<p><!--\n<link rel=\"stylesheet\" href=\"css\/bootstrap.min.css\">\n\n\n<ul class=\"pagination\">\n\t    \n\t\n\n<li >\n\t<a href='?page_no=21833'>Previous<\/a>\n\t<\/li>\n\n\n       \n    \n\n<li><a href='?page_no=1'>1<\/a><\/li>\n\n\n\n<li><a href='?page_no=2'>2<\/a><\/li>\n\n\n\n<li><a>...<\/a><\/li>\n\n\n\n<li><a href='?page_no=21832'>21832<\/a><\/li>\n\n\n\n<li><a href='?page_no=21833'>21833<\/a><\/li>\n\n\n\n<li class='active'><a>21834<\/a><\/li>\n\n\n\n<li><a href='?page_no=21835'>21835<\/a><\/li>\n\n\n\n<li><a href='?page_no=21836'>21836<\/a><\/li>\n\n\n\n<li><a>...<\/a><\/li>\n\n\n\n<li><a href='?page_no=22911'>22911<\/a><\/li>\n\n\n\n<li><a href='?page_no=22912'>22912<\/a><\/li>\n\n    \n\t\n\n<li >\n\t<a href='?page_no=21835'>Next<\/a>\n\t<\/li>\n\n\n    \n\n<li><a href='?page_no=22912'>Last &rsaquo;&rsaquo;<\/a><\/li>\n\n<\/ul>\n\n\n--><br \/>\n<\/body><\/p>\n","protected":false},"excerpt":{"rendered":"<p>Santo Domingo.- El presidente Leonel Fern\u00e1ndez aprovechar\u00e1 la mayor parte del tiempo de esta Semana Santa para leer y realizar algunos escritos, debido a la disminuci\u00f3n de las actividades propias del Gobierno. As\u00ed lo inform\u00f3 la Direcci\u00f3n de Informaci\u00f3n, Prensa y Publicidad de la Presidencia a trav\u00e9s de una nota, luego de que los periodistas [&hellip;]<\/p>\n","protected":false},"author":3,"featured_media":0,"comment_status":"open","ping_status":"open","sticky":false,"template":"","format":"standard","meta":{"footnotes":""},"categories":[21],"tags":[],"class_list":["post-70156","post","type-post","status-publish","format-standard","hentry","category-cultura"],"_links":{"self":[{"href":"https:\/\/diariodominicano.com\/index.php?rest_route=\/wp\/v2\/posts\/70156","targetHints":{"allow":["GET"]}}],"collection":[{"href":"https:\/\/diariodominicano.com\/index.php?rest_route=\/wp\/v2\/posts"}],"about":[{"href":"https:\/\/diariodominicano.com\/index.php?rest_route=\/wp\/v2\/types\/post"}],"author":[{"embeddable":true,"href":"https:\/\/diariodominicano.com\/index.php?rest_route=\/wp\/v2\/users\/3"}],"replies":[{"embeddable":true,"href":"https:\/\/diariodominicano.com\/index.php?rest_route=%2Fwp%2Fv2%2Fcomments&post=70156"}],"version-history":[{"count":0,"href":"https:\/\/diariodominicano.com\/index.php?rest_route=\/wp\/v2\/posts\/70156\/revisions"}],"wp:attachment":[{"href":"https:\/\/diariodominicano.com\/index.php?rest_route=%2Fwp%2Fv2%2Fmedia&parent=70156"}],"wp:term":[{"taxonomy":"category","embeddable":true,"href":"https:\/\/diariodominicano.com\/index.php?rest_route=%2Fwp%2Fv2%2Fcategories&post=70156"},{"taxonomy":"post_tag","embeddable":true,"href":"https:\/\/diariodominicano.com\/index.php?rest_route=%2Fwp%2Fv2%2Ftags&post=70156"}],"curies":[{"name":"wp","href":"https:\/\/api.w.org\/{rel}","templated":true}]}}