{"id":70154,"date":"2009-04-08T22:22:33","date_gmt":"2009-04-08T22:22:33","guid":{"rendered":"http:\/\/diariodominicano.ddns.net\/?p=70154"},"modified":"2009-04-08T22:22:33","modified_gmt":"2009-04-08T22:22:33","slug":"celebran-semana-del-psicologo-en-la-uapa","status":"publish","type":"post","link":"https:\/\/diariodominicano.com\/?p=70154","title":{"rendered":"CELEBRAN SEMANA DEL PSICOLOGO EN LA UAPA"},"content":{"rendered":"<p><body><\/p>\n<p><img decoding=\"async\" src=\"img3\/psico.jpg\" \/>  <\/p>\n<p><span class=\"text1noticias\">   La actividad incluy\u00f3 el taller sobre Soluciones Pedag\u00f3gicas del Autismo<\/span><\/p>\n<\/p>\n<p><span class=\"text1noticias\">SANTIAGO.-   Con un programa acad\u00e9mico, la Escuela de Psicolog\u00eda de la Universidad  Abierta para Adultos (UAPA) y Superarte, S.A., celebraron  el D\u00eda Nacional del Psic\u00f3logo en reconocimiento al trabajo que realizan los profesionales de la conducta humana.<\/span><\/p>\n<\/p>\n<p><span class=\"text1noticias\">El curso-taller Soluciones Pedag\u00f3gicas para el Autismo, a cargo de la experta Mildred Melo Hern\u00e1ndez, inici\u00f3 la celebraci\u00f3n en el campus de la referida entidad acad\u00e9mica, donde la directora de la escuela, licenciada Arminia Rosario, valor\u00f3 el rol del profesional de la Psicolog\u00eda en una sociedad dominicana.<\/span><\/p>\n<\/p>\n<p><span class=\"text1noticias\">De su lado, la vicerrectora acad\u00e9mica Cecilia Tejada, se refiri\u00f3 al crecimiento de estos profesionales y la importancia que tiene en distintos sectores sociales, donde se demanda de un conocedor de la conducta para mejorar la sociedad en s\u00ed.<\/span><\/p>\n<\/p>\n<p><span class=\"text1noticias\">En tanto que la psic\u00f3loga Mildred Melo, habl\u00f3 del trastorno mental caracterizado por el aislamiento del individuo ante cualquier acontecimiento del entorno. Este problema de salud fue descubierto en 1943 por psiquiatra austriaco Leo Kanner.<\/span><\/p>\n<\/p>\n<p><span class=\"text1noticias\">La mayor\u00eda de los investigadores afirman que el autismo no es una alteraci\u00f3n de origen psicol\u00f3gico o familiar, sino que tiene un origen biol\u00f3gico y afecta m\u00e1s a los ni\u00f1os que a ni\u00f1as.<\/span><\/p>\n<\/p>\n<p><span class=\"text1noticias\">La especialista explic\u00f3 que en el pa\u00eds no existen estad\u00edsticas, pero su experiencia de m\u00e1s de dos d\u00e9cadas tratando este tipo de trastorno, los casos m\u00e1s evidentes son en parejas de j\u00f3venes profesionales, de clase media-alta  y m\u00e1s presencia en varones que en hembritas.<\/span><\/p>\n<\/p>\n<p><span class=\"text1noticias\">Agreg\u00f3 que el 2 de abril es el d\u00eda mundial del Autismo y que este tema se trata con frecuencia para esta \u00e9poca, al tiempo de expresar que la poblaci\u00f3n carece de conocimientos al respecto. <\/span><\/p>\n<\/p>\n<p><span class=\"text1noticias\">Recomend\u00f3 a los futuros profesionales a consultar el libro \u00b4\u00b4 Soluciones Pedag\u00f3gicas del Autismo para auxiliarse en el tema.<\/span><\/p>\n<\/p>\n<p><span class=\"text1noticias\">En el desarrollo de la festividad se realiz\u00f3 una video-conferencia sobre Liderazgo y Efectividad Grupal, a cargo de los especialistas Padre Ram\u00f3n Alonso Beato; doctor Miguel Fincheira; doctor Salvador Pancorbo y \u00c1ngel Bello, quienes abordaron los temas: Liderazgo Patol\u00f3gico, Liderazgo y Familia, Liderazgo y Relaciones Interpersonales y Liderazgo y Motivaci\u00f3n Laboral.<\/span><\/p>\n<\/p>\n<p><span class=\"text1noticias\">La Conferencia  que permiti\u00f3 un an\u00e1lisis del impacto del rol de los l\u00edderes de hoy en diferentes contextos y desde diferentes perspectivas, se realiz\u00f3 de manera simult\u00e1nea en las siguientes instituciones  nacionales e internacionales como: C\u00edrculo de Egresados de la Universidad Cat\u00f3lica de Santo Domingo, Universidad Abierta para Adultos (UAPA).<\/span><\/p>\n<\/p>\n<p><span class=\"text1noticias\">Tambi\u00e9n, Universidad ISA, Universidad Aut\u00f3noma Metropolitana de M\u00e9xico, Universidad Nacional Pedag\u00f3gica de El Salvadora y la red de videoconferencias de la Universidad Nacional Autonom\u00eda de M\u00e9xico.\/\/<\/span><\/p>\n<h6> 2009-04-08 22:22:33 <\/h6>\n<p><!--\n<link rel=\"stylesheet\" href=\"css\/bootstrap.min.css\">\n\n\n<ul class=\"pagination\">\n\t    \n\t\n\n<li >\n\t<a href='?page_no=21831'>Previous<\/a>\n\t<\/li>\n\n\n       \n    \n\n<li><a href='?page_no=1'>1<\/a><\/li>\n\n\n\n<li><a href='?page_no=2'>2<\/a><\/li>\n\n\n\n<li><a>...<\/a><\/li>\n\n\n\n<li><a href='?page_no=21830'>21830<\/a><\/li>\n\n\n\n<li><a href='?page_no=21831'>21831<\/a><\/li>\n\n\n\n<li class='active'><a>21832<\/a><\/li>\n\n\n\n<li><a href='?page_no=21833'>21833<\/a><\/li>\n\n\n\n<li><a href='?page_no=21834'>21834<\/a><\/li>\n\n\n\n<li><a>...<\/a><\/li>\n\n\n\n<li><a href='?page_no=22911'>22911<\/a><\/li>\n\n\n\n<li><a href='?page_no=22912'>22912<\/a><\/li>\n\n    \n\t\n\n<li >\n\t<a href='?page_no=21833'>Next<\/a>\n\t<\/li>\n\n\n    \n\n<li><a href='?page_no=22912'>Last &rsaquo;&rsaquo;<\/a><\/li>\n\n<\/ul>\n\n\n--><br \/>\n<\/body><\/p>\n","protected":false},"excerpt":{"rendered":"<p>La actividad incluy\u00f3 el taller sobre Soluciones Pedag\u00f3gicas del Autismo SANTIAGO.- Con un programa acad\u00e9mico, la Escuela de Psicolog\u00eda de la Universidad Abierta para Adultos (UAPA) y Superarte, S.A., celebraron el D\u00eda Nacional del Psic\u00f3logo en reconocimiento al trabajo que realizan los profesionales de la conducta humana. El curso-taller Soluciones Pedag\u00f3gicas para el Autismo, a [&hellip;]<\/p>\n","protected":false},"author":3,"featured_media":0,"comment_status":"open","ping_status":"open","sticky":false,"template":"","format":"standard","meta":{"footnotes":""},"categories":[21],"tags":[],"class_list":["post-70154","post","type-post","status-publish","format-standard","hentry","category-cultura"],"_links":{"self":[{"href":"https:\/\/diariodominicano.com\/index.php?rest_route=\/wp\/v2\/posts\/70154","targetHints":{"allow":["GET"]}}],"collection":[{"href":"https:\/\/diariodominicano.com\/index.php?rest_route=\/wp\/v2\/posts"}],"about":[{"href":"https:\/\/diariodominicano.com\/index.php?rest_route=\/wp\/v2\/types\/post"}],"author":[{"embeddable":true,"href":"https:\/\/diariodominicano.com\/index.php?rest_route=\/wp\/v2\/users\/3"}],"replies":[{"embeddable":true,"href":"https:\/\/diariodominicano.com\/index.php?rest_route=%2Fwp%2Fv2%2Fcomments&post=70154"}],"version-history":[{"count":0,"href":"https:\/\/diariodominicano.com\/index.php?rest_route=\/wp\/v2\/posts\/70154\/revisions"}],"wp:attachment":[{"href":"https:\/\/diariodominicano.com\/index.php?rest_route=%2Fwp%2Fv2%2Fmedia&parent=70154"}],"wp:term":[{"taxonomy":"category","embeddable":true,"href":"https:\/\/diariodominicano.com\/index.php?rest_route=%2Fwp%2Fv2%2Fcategories&post=70154"},{"taxonomy":"post_tag","embeddable":true,"href":"https:\/\/diariodominicano.com\/index.php?rest_route=%2Fwp%2Fv2%2Ftags&post=70154"}],"curies":[{"name":"wp","href":"https:\/\/api.w.org\/{rel}","templated":true}]}}